{"id":411299,"date":"2025-09-23T06:43:11","date_gmt":"2025-09-23T06:43:11","guid":{"rendered":"https:\/\/www.europesays.com\/fr\/411299\/"},"modified":"2025-09-23T06:43:11","modified_gmt":"2025-09-23T06:43:11","slug":"cinq-hommes-juges-pour-avoir-cyberharcele-la-dj-barbara-butch-en-marge-des-jo-de-paris-2024","status":"publish","type":"post","link":"https:\/\/www.europesays.com\/fr\/411299\/","title":{"rendered":"Cinq hommes jug\u00e9s pour avoir cyberharcel\u00e9 la DJ Barbara Butch en marge des JO de Paris 2024"},"content":{"rendered":"<p class=\"mb-4 text-lg md:leading-8 break-words\">Cinq hommes doivent compara\u00eetre jeudi 25 septembre \u00e0 Paris pour cyberharc\u00e8lement envers la <a href=\"https:\/\/fr.news.yahoo.com\/referais-dj-barbara-butch-cyberharcel%C3%A9e-172752039.html\" data-ylk=\"slk:DJ fran\u00e7aise Barbara Butch;elm:context_link;itc:0;sec:content-canvas;outcm:mb_qualified_link;_E:mb_qualified_link;ct:story;\" class=\"link  yahoo-link\" target=\"_blank\" rel=\"noopener\">DJ fran\u00e7aise Barbara Butch<\/a>, figure des nuits parisiennes LGBT+, victime de messages haineux pendant et apr\u00e8s sa participation \u00e0 la <a href=\"https:\/\/www.bfmtv.com\/paris\/c-etait-assez-fou-un-cote-magique-des-francais-nostalgiques-des-jo-de-paris-2024-un-an-apres-l-evenement_AN-202507260145.html\" rel=\"nofollow noopener\" target=\"_blank\" data-ylk=\"slk:c\u00e9r\u00e9monie d&#039;ouverture;elm:context_link;itc:0;sec:content-canvas\" class=\"link \">c\u00e9r\u00e9monie d&rsquo;ouverture<\/a> des Jeux olympiques.<\/p>\n<p class=\"mb-4 text-lg md:leading-8 break-words\">Ag\u00e9s de 24 \u00e0 57 ans, les pr\u00e9venus appel\u00e9s \u00e0 la barre du tribunal judiciaire sont poursuivis pour des faits de harc\u00e8lement et, pour certains d&rsquo;entre eux, de menaces, commis en ligne entre le 26 juillet &#8211; date de la c\u00e9r\u00e9monie &#8211; et le 30 juillet 2024.<\/p>\n<p class=\"mb-4 text-lg md:leading-8 break-words\">Sur la passerelle Debilly qui enjambe la Seine, Barbara Butch &#8211; son nom de sc\u00e8ne &#8211; \u00e9tait apparue aux platines, <a href=\"https:\/\/fr.news.yahoo.com\/drag-race-all-stars-d%C3%A9couvrez-041102093.html\" data-ylk=\"slk:entour\u00e9e de drag queens;elm:context_link;itc:0;sec:content-canvas;outcm:mb_qualified_link;_E:mb_qualified_link;ct:story;\" class=\"link  yahoo-link\" target=\"_blank\" rel=\"noopener\">entour\u00e9e de drag queens<\/a>, de mannequins, mais aussi du chanteur Philippe Katerine presque nu et peint en bleu.<\/p>\n<p class=\"mb-4 text-lg md:leading-8 break-words\">Ce tableau intitul\u00e9 Festivit\u00e9 a suscit\u00e9 l&rsquo;ire des milieux conservateurs et d&rsquo;extr\u00eame droite, qui l&rsquo;ont interpr\u00e9t\u00e9 comme une parodie moqueuse du dernier repas de J\u00e9sus avec ses ap\u00f4tres, la C\u00e8ne, telle que repr\u00e9sent\u00e9e par L\u00e9onard de Vinci.<\/p>\n<p class=\"mb-4 text-lg md:leading-8 break-words\">Le directeur artistique de la c\u00e9r\u00e9monie, Thomas Jolly, avait d\u00e9menti toute volont\u00e9 de choquer et expliqu\u00e9 avoir voulu repr\u00e9senter une \u00ab\u00a0grande f\u00eate pa\u00efenne reli\u00e9e aux dieux de l&rsquo;Olympe\u00a0\u00bb.<\/p>\n<p>\u00ab\u00a0Droit d&rsquo;exister\u00a0\u00bb<\/p>\n<p class=\"mb-4 text-lg md:leading-8 break-words\">La DJ a \u00e9t\u00e9 vis\u00e9e par des milliers de messages injurieux, qui ont d\u00e9ferl\u00e9 sur les r\u00e9seaux sociaux et l&rsquo;ont conduite \u00e0 porter plainte trois jours apr\u00e8s la c\u00e9r\u00e9monie. Musicienne ouvertement lesbienne et militante f\u00e9ministe engag\u00e9e, elle avait d\u00e9plor\u00e9, dans un message sur Instagram, avoir \u00e9t\u00e9 \u00ab\u00a0la cible d&rsquo;un \u00e9ni\u00e8me cyberharc\u00e8lement &#8211; particuli\u00e8rement violent\u00a0\u00bb.<\/p>\n<p class=\"mb-4 text-lg md:leading-8 break-words\">\u00ab\u00a0Barbara Butch incarne un message de r\u00e9silience clair: son droit d&rsquo;exister et de prendre sa place dans l&rsquo;espace public, sans s&rsquo;excuser de ce qu&rsquo;elle est\u00a0\u00bb, a r\u00e9agi aupr\u00e8s de l&rsquo;AFP Audrey Msellati, son avocate.<\/p>\n<p class=\"mb-4 text-lg md:leading-8 break-words\">L&rsquo;artiste sera pr\u00e9sente \u00e0 l&rsquo;audience, qu&rsquo;elle voit davantage comme \u00ab\u00a0un symbole de sensibilisation et de p\u00e9dagogie\u00a0\u00bb sur la port\u00e9e r\u00e9elle de ces actes \u00ab\u00a0au travers d&rsquo;\u00e9crans interpos\u00e9s\u00a0\u00bb, a pr\u00e9cis\u00e9 Me Msellati.<\/p>\n<p class=\"mb-4 text-lg md:leading-8 break-words\">Outre Barbara Butch, plusieurs artistes impliqu\u00e9s dans la c\u00e9r\u00e9monie d&rsquo;ouverture des JO ont \u00e9t\u00e9 cyberharcel\u00e9s, dont Thomas Jolly. Sept personnes poursuivies pour lui avoir envoy\u00e9 des messages haineux ont \u00e9t\u00e9 condamn\u00e9es, en mai, \u00e0 des peines d&rsquo;amendes et de prison avec suris.<\/p>\n<p class=\"mb-4 text-lg md:leading-8 break-words\"><a href=\"https:\/\/www.bfmtv.com\/police-justice\/cinq-hommes-juges-pour-avoir-cyberharcele-la-dj-barbara-butch-en-marge-des-jo-de-paris-2024_AD-202509230078.html#xtor=AL-68\" rel=\"nofollow noopener\" target=\"_blank\" data-ylk=\"slk:Article original publi\u00e9 sur BFMTV.com;elm:context_link;itc:0;sec:content-canvas\" class=\"link \">Article original publi\u00e9 sur BFMTV.com<\/a><\/p>\n","protected":false},"excerpt":{"rendered":"Cinq hommes doivent compara\u00eetre jeudi 25 septembre \u00e0 Paris pour cyberharc\u00e8lement envers la DJ fran\u00e7aise Barbara Butch, figure&hellip;\n","protected":false},"author":2,"featured_media":411300,"comment_status":"","ping_status":"","sticky":false,"template":"","format":"standard","meta":{"footnotes":""},"categories":[1888],"tags":[1111,1928,11,1927,54244,54246,54245,1777,674,1011,27,24303,12,1926,626,1925,25,18228],"class_list":{"0":"post-411299","1":"post","2":"type-post","3":"status-publish","4":"format-standard","5":"has-post-thumbnail","7":"category-paris","8":"tag-actu","9":"tag-actu-paris","10":"tag-actualites","11":"tag-actualites-paris","12":"tag-barbara-butch","13":"tag-ceremonie-douverture-2","14":"tag-dernier-repas-de-jesus","15":"tag-eu","16":"tag-europe","17":"tag-fr","18":"tag-france","19":"tag-leonard-de-vinci","20":"tag-news","21":"tag-news-paris","22":"tag-paris","23":"tag-paris-news","24":"tag-republique-francaise","25":"tag-thomas-jolly"},"share_on_mastodon":{"url":"https:\/\/pubeurope.com\/@fr\/115252258853352155","error":""},"_links":{"self":[{"href":"https:\/\/www.europesays.com\/fr\/wp-json\/wp\/v2\/posts\/411299","targetHints":{"allow":["GET"]}}],"collection":[{"href":"https:\/\/www.europesays.com\/fr\/wp-json\/wp\/v2\/posts"}],"about":[{"href":"https:\/\/www.europesays.com\/fr\/wp-json\/wp\/v2\/types\/post"}],"author":[{"embeddable":true,"href":"https:\/\/www.europesays.com\/fr\/wp-json\/wp\/v2\/users\/2"}],"replies":[{"embeddable":true,"href":"https:\/\/www.europesays.com\/fr\/wp-json\/wp\/v2\/comments?post=411299"}],"version-history":[{"count":0,"href":"https:\/\/www.europesays.com\/fr\/wp-json\/wp\/v2\/posts\/411299\/revisions"}],"wp:featuredmedia":[{"embeddable":true,"href":"https:\/\/www.europesays.com\/fr\/wp-json\/wp\/v2\/media\/411300"}],"wp:attachment":[{"href":"https:\/\/www.europesays.com\/fr\/wp-json\/wp\/v2\/media?parent=411299"}],"wp:term":[{"taxonomy":"category","embeddable":true,"href":"https:\/\/www.europesays.com\/fr\/wp-json\/wp\/v2\/categories?post=411299"},{"taxonomy":"post_tag","embeddable":true,"href":"https:\/\/www.europesays.com\/fr\/wp-json\/wp\/v2\/tags?post=411299"}],"curies":[{"name":"wp","href":"https:\/\/api.w.org\/{rel}","templated":true}]}}