{"id":411309,"date":"2025-09-23T06:48:19","date_gmt":"2025-09-23T06:48:19","guid":{"rendered":"https:\/\/www.europesays.com\/fr\/411309\/"},"modified":"2025-09-23T06:48:19","modified_gmt":"2025-09-23T06:48:19","slug":"les-etats-unis-prets-a-aider-financierement-largentine-de-milei","status":"publish","type":"post","link":"https:\/\/www.europesays.com\/fr\/411309\/","title":{"rendered":"Les \u00c9tats-Unis pr\u00eats \u00e0 aider financi\u00e8rement l&rsquo;Argentine de Milei"},"content":{"rendered":"<p>Alors que les march\u00e9s argentins subissent des soubresauts dus aux revers politiques du pr\u00e9sident argentin Javier Milei, le Tr\u00e9sor am\u00e9ricain s\u2019est dit pr\u00eat \u00ab\u00e0 faire ce qui est n\u00e9cessaire\u00bb pour venir en aide au pays.<\/p>\n<p class=\"fig-paragraph\">Les \u00c9tats-Unis tendent la main \u00e0 l\u2019Argentine. Le Tr\u00e9sor am\u00e9ricain s&rsquo;est dit lundi pr\u00eat \u00e0 \u00abfaire ce qui est n\u00e9cessaire\u00bb pour soutenir l<a href=\"http:\/\/www.lefigaro.fr\/flash-actu\/le-pire-est-passe-en-argentine-javier-milei-promet-des-gestes-sur-les-retraites-la-sante-et-l-education-20250916\" data-fig-type=\"NewsFlash\" data-gtm-custom-categorie=\"navigation\" data-gtm-custom-action=\"crossclick\" data-gtm-custom-label=\"Contextuel\" data-gtm-event=\"customEventSPE\" data-fig-domain=\"LEFIGARO\" target=\"_blank\" rel=\"noopener\">&lsquo;\u00e9conomie de l&rsquo;Argentine<\/a>, dont le pr\u00e9sident ultralib\u00e9ral Javier Milei s&#8217;emploie depuis plusieurs jours \u00e0 calmer des march\u00e9s financiers f\u00e9briles, apr\u00e8s plusieurs revers politiques.<\/p>\n<p class=\"fig-paragraph\">Le gouvernement de Javier Milei, proche alli\u00e9 de Donald Trump, traverse une p\u00e9riode d\u00e9licate, avec une monnaie, le peso, sous forte pression, particuli\u00e8rement depuis une gifle \u00e9lectorale d\u00e9but septembre lors d&rsquo;un scrutin r\u00e9gional dans la province de Buenos Aires, per\u00e7u comme test en vue des l\u00e9gislatives de mi-mandat, le 26 octobre. Javier Milei a par ailleurs subi des revers au Parlement, qui a annul\u00e9 plusieurs veto pr\u00e9sidentiels sur des textes portant sur des financements accrus pour le handicap, l&rsquo;universit\u00e9, ou un h\u00f4pital p\u00e9diatrique embl\u00e9matique.<\/p>\n<p>                                    <a class=\"fig-a11y-skip a11y-hidden\" href=\"#fig-a11y-skip-main-inarticle\"><br \/>\n        Passer la publicit\u00e9<br \/>\n    <\/a><\/p>\n<p class=\"fig-paragraph\">Les march\u00e9s financiers avaient r\u00e9agi par une vive d\u00e9pr\u00e9ciation du peso et une baisse des obligations et actions argentines, tandis que Javier Milei d\u00e9non\u00e7ait une \u00abpanique politique\u00bb orchestr\u00e9e contre ses r\u00e9formes. Dans ce contexte, et alors qu&rsquo;il cherche un pr\u00eat am\u00e9ricain pour couvrir les \u00e9ch\u00e9ances de la dette, Javier Milei doit rencontrer le pr\u00e9sident Donald Trump et le secr\u00e9taire au Tr\u00e9sor Scott Bessent mardi, en marge de l&rsquo;Assembl\u00e9e g\u00e9n\u00e9rale de l&rsquo;ONU \u00e0 New York.<\/p>\n<p class=\"fig-paragraph\">Les \u00c9tats-Unis \u00absont pr\u00eats \u00e0 faire ce qui est n\u00e9cessaire\u00bb pour soutenir l&rsquo;Argentine, a affirm\u00e9 lundi sur X Scott Bessent. \u00abCes options peuvent inclure, mais ne se limitent pas \u00e0 des lignes d&rsquo;\u00e9change, des achats directs de devises et des acquisitions de dette gouvernementale libell\u00e9e en dollars am\u00e9ricains\u00bb, a-t-il d\u00e9taill\u00e9.<\/p>\n<p class=\"fig-paragraph\">L&rsquo;Argentine \u00abest un alli\u00e9 syst\u00e9mique important des \u00c9tats-Unis en Am\u00e9rique latine\u00bb et Washington reste convaincu que le soutien de Javier Milei \u00ab\u00e0 la discipline budg\u00e9taire et aux r\u00e9formes favorisant la croissance est n\u00e9cessaire pour rompre avec la longue histoire de d\u00e9clin de l&rsquo;Argentine\u00bb, a-t-il poursuivi. Sur X, Javier Milei a remerci\u00e9 Donald Trump et Scott Bessent pour leur \u00absoutien inconditionnel au peuple argentin\u00bb, estimant que \u00abceux d&rsquo;entre nous qui d\u00e9fendent les id\u00e9es de libert\u00e9 doivent travailler ensemble\u00bb.<\/p>\n<p>Le peso se reprend<\/p>\n<p class=\"fig-paragraph\">La directrice g\u00e9n\u00e9rale du Fonds mon\u00e9taire international (FMI), Kristalina Georgieva, a elle aussi salu\u00e9 la d\u00e9claration de Scott Bessent et soulign\u00e9 \u00able r\u00f4le crucial des partenaires dans la promotion de politiques fortes pour la stabilisation et la croissance au b\u00e9n\u00e9fice du peuple argentin\u00bb.<\/p>\n<p class=\"fig-paragraph\">Les \u00c9tats-Unis ont soutenu un accord conclu en avril par l&rsquo;Argentine avec le FMI pour un pr\u00eat de 20 milliards de dollars, auxquels se sont ajout\u00e9s 12 milliards de dollars de la Banque mondiale et 10 milliards de dollars de la Banque interam\u00e9ricaine de d\u00e9veloppement. Sous l&rsquo;effet d&rsquo;une aust\u00e9rit\u00e9 budg\u00e9taire drastique et de coupes massives dans la d\u00e9pense publique, le pr\u00e9sident Milei, \u00e9lu en d\u00e9cembre 2023 avec pour ambition de stabiliser l&rsquo;\u00e9conomie, est parvenu \u00e0 juguler l&rsquo;inflation chronique, qui d\u00e9passait 200% sur un an \u00e0 son arriv\u00e9e au pouvoir, \u00e0 33,6%.<\/p>\n<p>                                    <a class=\"fig-a11y-skip a11y-hidden\" href=\"#fig-a11y-skip-main-inarticle_mtf\"><br \/>\n        Passer la publicit\u00e9<br \/>\n    <\/a><\/p>\n<p class=\"fig-paragraph\">Concernant le montant du pr\u00eat discut\u00e9 avec le Tr\u00e9sor am\u00e9ricain, \u00abil y a eu beaucoup de sp\u00e9culations, on a parl\u00e9 de 30 milliards de dollars et c&rsquo;est absolument faux\u00bb, a affirm\u00e9 lundi le chef de la diplomatie argentine, Gerardo Werthein. \u00abNous y travaillons, mais pour un montant beaucoup plus modeste\u00bb. Mais il a jug\u00e9 la rencontre Milei-Trump \u00e0 venir \u00abde tr\u00e8s bon augure\u00bb.<\/p>\n<p class=\"fig-paragraph\">L&rsquo;Argentine, \u00e0 l&rsquo;historique de crises \u00e9conomiques et d&rsquo;inflation chronique, est devenue au fil des ans le principal d\u00e9biteur du FMI. En 2018, le pays sud-am\u00e9ricain a obtenu un pr\u00eat massif de 44 milliards de dollars du Fonds, dont il doit encore rembourser la majeure partie et pour lequel le gouvernement p\u00e9roniste (centre-gauche) pr\u00e9c\u00e9dant celui de Javier Milei avait d\u00e9j\u00e0 n\u00e9goci\u00e9 un refinancement en 2022.<\/p>\n<p class=\"fig-paragraph\">Le gouvernement Milei a par ailleurs annonc\u00e9 lundi la suspension des taxes sur les exportations de c\u00e9r\u00e9ales, ainsi que de viande bovine et aviaire, jusqu&rsquo;au 31 octobre afin de \u00abg\u00e9n\u00e9rer un plus grand apport en dollars\u00bb, selon le porte-parole pr\u00e9sidentiel Manuel Adorni. Cette mesure vise \u00e0 inciter le puissant secteur agricole, qui p\u00e8se autour de 60% des exportations du pays, \u00e0 \u00abl\u00e2cher\u00bb ses stocks et exporter, au lieu de temporiser dans l&rsquo;attente d&rsquo;un moment id\u00e9al sur le march\u00e9.<\/p>\n<p class=\"fig-paragraph\">Dans la foul\u00e9e de l&rsquo;appui de Scott Bessent, et de ces annonces, les march\u00e9s financiers ont r\u00e9agi lundi par une hausse des bons et actions argentines, tandis que le peso s&rsquo;est raffermi fortement, \u00e0 1430 pesos pour un dollar, contre 1515 vendredi.<\/p>\n","protected":false},"excerpt":{"rendered":"Alors que les march\u00e9s argentins subissent des soubresauts dus aux revers politiques du pr\u00e9sident argentin Javier Milei, le&hellip;\n","protected":false},"author":2,"featured_media":411310,"comment_status":"","ping_status":"","sticky":false,"template":"","format":"standard","meta":{"footnotes":""},"categories":[1589],"tags":[11,6715,75,73,1866,5924,12,1864,1865,1863,308],"class_list":{"0":"post-411309","1":"post","2":"type-post","3":"status-publish","4":"format-standard","5":"has-post-thumbnail","7":"category-etats-unis","8":"tag-actualites","9":"tag-argentine","10":"tag-donald-trump","11":"tag-etats-unis","12":"tag-etats-unis-damerique","13":"tag-javier-milei","14":"tag-news","15":"tag-united-states","16":"tag-united-states-of-america","17":"tag-us","18":"tag-usa"},"share_on_mastodon":{"url":"https:\/\/pubeurope.com\/@fr\/115252278278665398","error":""},"_links":{"self":[{"href":"https:\/\/www.europesays.com\/fr\/wp-json\/wp\/v2\/posts\/411309","targetHints":{"allow":["GET"]}}],"collection":[{"href":"https:\/\/www.europesays.com\/fr\/wp-json\/wp\/v2\/posts"}],"about":[{"href":"https:\/\/www.europesays.com\/fr\/wp-json\/wp\/v2\/types\/post"}],"author":[{"embeddable":true,"href":"https:\/\/www.europesays.com\/fr\/wp-json\/wp\/v2\/users\/2"}],"replies":[{"embeddable":true,"href":"https:\/\/www.europesays.com\/fr\/wp-json\/wp\/v2\/comments?post=411309"}],"version-history":[{"count":0,"href":"https:\/\/www.europesays.com\/fr\/wp-json\/wp\/v2\/posts\/411309\/revisions"}],"wp:featuredmedia":[{"embeddable":true,"href":"https:\/\/www.europesays.com\/fr\/wp-json\/wp\/v2\/media\/411310"}],"wp:attachment":[{"href":"https:\/\/www.europesays.com\/fr\/wp-json\/wp\/v2\/media?parent=411309"}],"wp:term":[{"taxonomy":"category","embeddable":true,"href":"https:\/\/www.europesays.com\/fr\/wp-json\/wp\/v2\/categories?post=411309"},{"taxonomy":"post_tag","embeddable":true,"href":"https:\/\/www.europesays.com\/fr\/wp-json\/wp\/v2\/tags?post=411309"}],"curies":[{"name":"wp","href":"https:\/\/api.w.org\/{rel}","templated":true}]}}