{"id":411332,"date":"2025-09-23T07:01:23","date_gmt":"2025-09-23T07:01:23","guid":{"rendered":"https:\/\/www.europesays.com\/fr\/411332\/"},"modified":"2025-09-23T07:01:23","modified_gmt":"2025-09-23T07:01:23","slug":"marc-marquez-renoue-avec-la-victoire-a-misano","status":"publish","type":"post","link":"https:\/\/www.europesays.com\/fr\/411332\/","title":{"rendered":"Marc Marquez renoue avec la victoire \u00e0 Misano"},"content":{"rendered":"<p>Marc Marquez retrouve la victoire \u00e0 Misano, apr\u00e8s sa deuxi\u00e8me place \u00e0 Barcelone. L\u2019espagnol se rapproche d\u2019un titre de champion du monde.<\/p>\n<p class=\"fig-paragraph\">L&rsquo;Espagnol Marc Marquez (Ducati), leader du championnat du mode de MotoGP, a renou\u00e9 avec la victoire et s&rsquo;est rapproch\u00e9 du titre mondial en remportant le Grand Prix de Saint-Marin, dimanche sur le circuit Marco-Simoncelli de Misano (Italie).<\/p>\n<p class=\"fig-paragraph\">Au lendemain de sa chute lors de la course sprint alors qu&rsquo;il \u00e9tait en t\u00eate, le sextuple champion du monde, battu dimanche dernier lors du<a href=\"http:\/\/www.lefigaro.fr\/sports\/moto\/motogp-fin-de-serie-pour-marc-marquez-son-frere-alex-s-impose-en-catalogne-20250907\" data-fig-type=\"NewsFlash\" data-gtm-custom-categorie=\"navigation\" data-gtm-custom-action=\"crossclick\" data-gtm-custom-label=\"Contextuel\" data-gtm-event=\"customEventSPE\" data-fig-domain=\"LEFIGARO\" target=\"_blank\" rel=\"noopener\">\u00a0GP de Catalogne par son fr\u00e8re Alex,<\/a>\u00a0n&rsquo;a cette fois pas laiss\u00e9 \u00e9chapp\u00e9 la victoire.<\/p>\n<p>                                    <a class=\"fig-a11y-skip a11y-hidden\" href=\"#fig-a11y-skip-main-inarticle\"><br \/>\n        Passer la publicit\u00e9<br \/>\n    <\/a><\/p>\n<p class=\"fig-paragraph\">Parti en quatri\u00e8me position, le Catalan a finalement devanc\u00e9 Marco Bezzecchi (Aprilia), qui avait remport\u00e9 le sprint samedi et s&rsquo;\u00e9lan\u00e7ait en pole position, et son fr\u00e8re cadet Alex Marquez (Ducati-Gresini).<\/p>\n<p class=\"fig-paragraph\">Sur les terres de Valentino Rossi, Marc Marquez a ainsi remport\u00e9 la 73e victoire de sa carri\u00e8re en Grand Prix, la 11e cette saison, et fonce vers une septi\u00e8me couronne plan\u00e9taire qui lui permettrait d&rsquo;\u00e9galer son grand rival italien.<\/p>\n<p class=\"fig-paragraph\">Avec 182 longueurs d\u2019avance au championnat, Marc Marquez n\u2019aura en effet besoin de reprendre que trois points \u00e0 son fr\u00e8re pour d\u00e9crocher le titre mondial dans deux semaines au Japon.<\/p>\n<p class=\"fig-paragraph\">Dimanche, Marc Marquez a encore r\u00e9alis\u00e9 un tr\u00e8s bon d\u00e9part pour grimper au deuxi\u00e8me rang, et il a d\u00e9pass\u00e9 Bezzecchi \u00e0 la mi-course. Mais, une fois n\u2019est pas coutume, l\u2019Espagnol n\u2019a pas r\u00e9ussi \u00e0 s\u2019\u00e9chapper et a \u00e9t\u00e9 mis sous pression jusqu\u2019au bout par le Transalpin, transcend\u00e9 \u00e0 domicile et qui a \u00e9chou\u00e9 \u00e0 seulement une demi-seconde de la victoire.<\/p>\n<p class=\"fig-paragraph\">\u00abJ\u2019ai vraiment tout donn\u00e9. L\u2019erreur d\u2019hier (samedi, lors du sprint, ndlr)) m\u2019a donn\u00e9 un surplus de concentration mais aussi d\u2019\u00e9nergie. Je savais que c\u2019\u00e9tait tr\u00e8s important pour Ducati de s\u2019imposer ici, comme au Mugello, donc je suis tr\u00e8s content pour tous les supporters\u00bb, a savour\u00e9 le Catalan.<\/p>\n<p>                                    <a class=\"fig-a11y-skip a11y-hidden\" href=\"#fig-a11y-skip-main-inarticle_mtf\"><br \/>\n        Passer la publicit\u00e9<br \/>\n    <\/a><\/p>\n<p class=\"fig-paragraph\">Son co\u00e9quipier italien Francesco Bagnaia, auteur d\u2019une course sprint calamiteuse (13e), a chut\u00e9 lors du Grand Prix et a donc v\u00e9cu un nouveau week-end catastrophique.<\/p>\n<p class=\"fig-paragraph\">Le Fran\u00e7ais Fabio Quartararo (Yamaha), qui a d\u00e9marr\u00e9 en troisi\u00e8me position, a termin\u00e9 huiti\u00e8me. Il n&rsquo;a pas pu r\u00e9sister aux Ducati et a m\u00eame \u00e9t\u00e9 doubl\u00e9 par la Honda de l&rsquo;Italien Luca Marini.<\/p>\n<p class=\"fig-paragraph\">L&rsquo;autre Tricolore, Johann Zarco (Honda-LCR), a chut\u00e9 au premier tour et a fini 16e, \u00e0 la porte des points.<\/p>\n","protected":false},"excerpt":{"rendered":"Marc Marquez retrouve la victoire \u00e0 Misano, apr\u00e8s sa deuxi\u00e8me place \u00e0 Barcelone. L\u2019espagnol se rapproche d\u2019un titre&hellip;\n","protected":false},"author":2,"featured_media":411333,"comment_status":"","ping_status":"","sticky":false,"template":"","format":"standard","meta":{"footnotes":""},"categories":[1413],"tags":[1011,27,1461,1457,1456,1458,60],"class_list":{"0":"post-411332","1":"post","2":"type-post","3":"status-publish","4":"format-standard","5":"has-post-thumbnail","7":"category-moto","8":"tag-fr","9":"tag-france","10":"tag-marc-marquez","11":"tag-moto","12":"tag-motocycle","13":"tag-motogp","14":"tag-sports"},"share_on_mastodon":{"url":"https:\/\/pubeurope.com\/@fr\/115252329360288492","error":""},"_links":{"self":[{"href":"https:\/\/www.europesays.com\/fr\/wp-json\/wp\/v2\/posts\/411332","targetHints":{"allow":["GET"]}}],"collection":[{"href":"https:\/\/www.europesays.com\/fr\/wp-json\/wp\/v2\/posts"}],"about":[{"href":"https:\/\/www.europesays.com\/fr\/wp-json\/wp\/v2\/types\/post"}],"author":[{"embeddable":true,"href":"https:\/\/www.europesays.com\/fr\/wp-json\/wp\/v2\/users\/2"}],"replies":[{"embeddable":true,"href":"https:\/\/www.europesays.com\/fr\/wp-json\/wp\/v2\/comments?post=411332"}],"version-history":[{"count":0,"href":"https:\/\/www.europesays.com\/fr\/wp-json\/wp\/v2\/posts\/411332\/revisions"}],"wp:featuredmedia":[{"embeddable":true,"href":"https:\/\/www.europesays.com\/fr\/wp-json\/wp\/v2\/media\/411333"}],"wp:attachment":[{"href":"https:\/\/www.europesays.com\/fr\/wp-json\/wp\/v2\/media?parent=411332"}],"wp:term":[{"taxonomy":"category","embeddable":true,"href":"https:\/\/www.europesays.com\/fr\/wp-json\/wp\/v2\/categories?post=411332"},{"taxonomy":"post_tag","embeddable":true,"href":"https:\/\/www.europesays.com\/fr\/wp-json\/wp\/v2\/tags?post=411332"}],"curies":[{"name":"wp","href":"https:\/\/api.w.org\/{rel}","templated":true}]}}