{"id":411358,"date":"2025-09-23T07:14:12","date_gmt":"2025-09-23T07:14:12","guid":{"rendered":"https:\/\/www.europesays.com\/fr\/411358\/"},"modified":"2025-09-23T07:14:12","modified_gmt":"2025-09-23T07:14:12","slug":"200-mammouths-sortent-de-terre-au-mexique-et-stupefient-les-scientifiques","status":"publish","type":"post","link":"https:\/\/www.europesays.com\/fr\/411358\/","title":{"rendered":"200 mammouths sortent de terre au Mexique et stup\u00e9fient les scientifiques"},"content":{"rendered":"<p class=\"whitespace-normal break-words\"><strong>Dans les terres<br \/>\narides du centre du <a href=\"https:\/\/sciencepost.fr\/golfe-du-mexique-rebaptise-google-maps\/\" target=\"_blank\" rel=\"noopener nofollow\">Mexique<\/a>, l\u00e0 o\u00f9 personne ne<br \/>\ns\u2019attendait \u00e0 trouver des traces de l\u2019\u00e8re glaciaire, une d\u00e9couverte<br \/>\nextraordinaire vient de r\u00e9\u00e9crire l\u2019histoire des mammouths. Les<br \/>\nanalyses ADN de 200 sp\u00e9cimens d\u00e9terr\u00e9s lors de la construction d\u2019un<br \/>\na\u00e9roport r\u00e9v\u00e8lent l\u2019existence d\u2019une lign\u00e9e g\u00e9n\u00e9tique totalement<br \/>\ninconnue, si distincte que les scientifiques s\u2019interrogent : ne<br \/>\nfaudrait-il pas baptiser ces g\u00e9ants \u00ab\u00a0mammouths<br \/>\nmexicains\u00a0\u00bb ? Cette r\u00e9v\u00e9lation bouleverse notre vision de ces<br \/>\ncolosses pr\u00e9historiques et prouve qu\u2019ils \u00e9taient bien plus<br \/>\ndiversifi\u00e9s et r\u00e9pandus qu\u2019on ne l\u2019imaginait.<\/strong><\/p>\n<p>Un<br \/>\nchantier qui devient site arch\u00e9ologique majeur<\/p>\n<p class=\"whitespace-normal break-words\">L\u2019histoire commence<br \/>\nbanalement en 2019. Des ouvriers creusent les fondations du futur<br \/>\na\u00e9roport international Felipe \u00c1ngeles, sur l\u2019ancienne base a\u00e9rienne<br \/>\nde Santa Luc\u00eda, au nord de Mexico. Soudain, leurs pelles heurtent<br \/>\ndes structures inhabituelles : des ossements gigantesques,<br \/>\nmanifestement tr\u00e8s anciens. Ce qui devait \u00eatre un simple chantier<br \/>\nde construction se transforme alors en l\u2019une des fouilles<br \/>\npal\u00e9ontologiques les plus importantes du continent am\u00e9ricain.<\/p>\n<p class=\"whitespace-normal break-words\">Au fil des mois<br \/>\nd\u2019excavation, les arch\u00e9ologues exhument un v\u00e9ritable tr\u00e9sor<br \/>\npr\u00e9historique. Pas moins de 200 mammouths colombiens \u00e9mergent du<br \/>\nsol mexicain, accompagn\u00e9s de dizaines d\u2019autres mammif\u00e8res disparus.<br \/>\nCette concentration exceptionnelle d\u2019ossements fascine d\u2019autant<br \/>\nplus qu\u2019elle d\u00e9fie nos repr\u00e9sentations habituelles : ces g\u00e9ants<br \/>\nhirsutes ne sont pas cens\u00e9s prosp\u00e9rer sous les climats tropicaux du<br \/>\nMexique central.<\/p>\n<p>L\u2019\u00e9nigme<br \/>\nde l\u2019ADN pr\u00e9serv\u00e9 sous les tropiques<\/p>\n<p class=\"whitespace-normal break-words\">La d\u00e9couverte rec\u00e8le<br \/>\npourtant un myst\u00e8re encore plus profond. Dans les r\u00e9gions chaudes,<br \/>\nl\u2019ADN se d\u00e9grade g\u00e9n\u00e9ralement en quelques mill\u00e9naires, rendant<br \/>\nimpossible toute analyse g\u00e9n\u00e9tique pouss\u00e9e. Pourtant, les sp\u00e9cimens<br \/>\nde Santa Luc\u00eda pr\u00e9sentent un \u00e9tat de conservation remarquable,<br \/>\noffrant aux scientifiques une opportunit\u00e9 inesp\u00e9r\u00e9e d\u2019explorer la<br \/>\ng\u00e9n\u00e9tique de mammouths tropicaux.<\/p>\n<p class=\"whitespace-normal break-words\">Cette pr\u00e9servation<br \/>\nexceptionnelle s\u2019explique probablement par des conditions<br \/>\ng\u00e9ologiques particuli\u00e8res dans le bassin de Mexico. L\u2019enfouissement<br \/>\nrapide et les caract\u00e9ristiques du sol ont cr\u00e9\u00e9 un environnement<br \/>\nprotecteur, permettant \u00e0 l\u2019information g\u00e9n\u00e9tique de traverser les<br \/>\nmill\u00e9naires jusqu\u2019\u00e0 nos laboratoires modernes.<\/p>\n<p>Une<br \/>\nr\u00e9volution g\u00e9n\u00e9tique qui r\u00e9\u00e9crit l\u2019histoire<\/p>\n<p class=\"whitespace-normal break-words\">L\u2019\u00e9quipe de l\u2019Universit\u00e9<br \/>\nnationale autonome du Mexique s\u2019attelle alors \u00e0 une analyse<br \/>\ng\u00e9n\u00e9tique d\u2019une ampleur in\u00e9dite. Quatre-vingt-trois mammouths<br \/>\nmexicains voient leur ADN s\u00e9quenc\u00e9 et compar\u00e9 \u00e0 celui de leurs<br \/>\ncousins d\u2019Am\u00e9rique du Nord, ainsi qu\u2019aux mammouths laineux<br \/>\nd\u2019Eurasie et des r\u00e9gions arctiques am\u00e9ricaines.<\/p>\n<p class=\"whitespace-normal break-words\">Les r\u00e9sultats stup\u00e9fient<br \/>\nla communaut\u00e9 scientifique. Les mammouths mexicains ne constituent<br \/>\npas une simple variation r\u00e9gionale, mais une lign\u00e9e g\u00e9n\u00e9tiquement<br \/>\ndistincte, s\u00e9par\u00e9e de leurs cong\u00e9n\u00e8res nordiques depuis 307 000 \u00e0<br \/>\n416 000 ans. Cette divergence, qualifi\u00e9e de \u00ab\u00a0profonde\u00a0\u00bb<br \/>\npar les chercheurs, sugg\u00e8re une \u00e9volution s\u00e9par\u00e9e sur des centaines<br \/>\nde mill\u00e9naires, avec tr\u00e8s peu de brassage g\u00e9n\u00e9tique entre les<br \/>\npopulations.<\/p>\n<p><img loading=\"lazy\" data-lazyloaded=\"1\" decoding=\"async\" class=\"size-full wp-image-315285\" src=\"https:\/\/www.europesays.com\/fr\/wp-content\/uploads\/2025\/09\/iStock-836295970.jpg\" alt=\"mammouths\" width=\"2026\" height=\"1479\"  data-\/><\/p>\n<p class=\"istock-credit\" style=\"text-align:center\">Cr\u00e9dit :<br \/>\niStock<\/p>\n<p>Cr\u00e9dits : :aleks1949\/istockVers une<br \/>\nnouvelle esp\u00e8ce de mammouth ?<\/p>\n<p class=\"whitespace-normal break-words\">Cette d\u00e9couverte soul\u00e8ve<br \/>\nune question fondamentale qui agite d\u00e9sormais les pal\u00e9obiologistes<br \/>\n: ces mammouths mexicains m\u00e9ritent-ils une classification \u00e0 part<br \/>\nenti\u00e8re ? Adrian Lister, expert reconnu du Mus\u00e9e d\u2019histoire<br \/>\nnaturelle de Londres, n\u2019h\u00e9site pas \u00e0 poser la question provocatrice<br \/>\n: \u00ab\u00a0Devrions-nous vraiment l\u2019appeler mammouth colombien, ou<br \/>\nlui donner un nouveau nom, celui de mammouth mexicain ?\u00a0\u00bb<\/p>\n<p class=\"whitespace-normal break-words\">La diff\u00e9renciation<br \/>\ng\u00e9n\u00e9tique observ\u00e9e d\u00e9passe en effet les seuils habituellement<br \/>\nutilis\u00e9s pour distinguer les sous-esp\u00e8ces, voire les esp\u00e8ces. Si<br \/>\ncette hypoth\u00e8se se confirme, elle enrichirait consid\u00e9rablement<br \/>\nnotre compr\u00e9hension de la diversit\u00e9 des proboscidiens<br \/>\npr\u00e9historiques et remettrait en cause les classifications<br \/>\n\u00e9tablies.<\/p>\n<p>Un puzzle<br \/>\n\u00e9volutif qui se complexifie<\/p>\n<p class=\"whitespace-normal break-words\">Cette r\u00e9v\u00e9lation complique<br \/>\n\u00e9galement notre compr\u00e9hension des origines du mammouth colombien.<br \/>\nLes hypoth\u00e8ses ant\u00e9rieures sugg\u00e9raient une hybridation entre<br \/>\nmammouths laineux et mammouths des steppes eurasiatiques. Les<br \/>\ndonn\u00e9es mexicaines ajoutent de nouvelles pi\u00e8ces \u00e0 ce puzzle<br \/>\n\u00e9volutif complexe.<\/p>\n<p class=\"whitespace-normal break-words\">Deux sc\u00e9narios \u00e9mergent<br \/>\ndes analyses. Le premier propose que les mammouths laineux<br \/>\ns\u2019\u00e9taient d\u00e9j\u00e0 diversifi\u00e9s g\u00e9n\u00e9tiquement avant de s\u2019hybrider avec<br \/>\nla lign\u00e9e des mammouths des steppes, transmettant cette diversit\u00e9 \u00e0<br \/>\nleur descendance colombienne. Le second envisage des hybridations<br \/>\nmultiples \u00e0 diff\u00e9rentes \u00e9poques entre diverses populations de<br \/>\nmammouths laineux et la m\u00eame lign\u00e9e eurasiatique.<\/p>\n<p>L\u2019Am\u00e9rique<br \/>\npr\u00e9historique sous un nouveau jour<\/p>\n<p class=\"whitespace-normal break-words\">Ces d\u00e9couvertes<br \/>\ntransforment radicalement notre vision de l\u2019Am\u00e9rique pr\u00e9historique.<br \/>\nLoin d\u2019\u00eatre un continent peupl\u00e9 uniform\u00e9ment par quelques esp\u00e8ces<br \/>\nde mammouths, le Nouveau Monde abritait une mosa\u00efque complexe de<br \/>\npopulations g\u00e9n\u00e9tiquement distinctes, adapt\u00e9es \u00e0 des environnements<br \/>\nvari\u00e9s allant des toundras arctiques aux plateaux tropicaux<br \/>\nmexicains.<\/p>\n<p class=\"whitespace-normal break-words\">La richesse g\u00e9n\u00e9tique<br \/>\nr\u00e9v\u00e9l\u00e9e par cette \u00e9tude, publi\u00e9e dans la prestigieuse revue<br \/>\n<a href=\"https:\/\/www.science.org\/doi\/10.1126\/science.adt9651\" target=\"_blank\" rel=\"noopener nofollow\">Science<\/a>, ouvre de nouvelles<br \/>\nperspectives de recherche. Elle sugg\u00e8re que d\u2019autres surprises nous<br \/>\nattendent peut-\u00eatre dans les sols d\u2019Am\u00e9rique latine, o\u00f9 des lign\u00e9es<br \/>\ninconnues pourraient sommeiller, attendant qu\u2019un chantier fortuit<br \/>\nles r\u00e9v\u00e8le au monde.<\/p>\n","protected":false},"excerpt":{"rendered":"Dans les terres arides du centre du Mexique, l\u00e0 o\u00f9 personne ne s\u2019attendait \u00e0 trouver des traces de&hellip;\n","protected":false},"author":2,"featured_media":411359,"comment_status":"","ping_status":"","sticky":false,"template":"","format":"standard","meta":{"footnotes":""},"categories":[7],"tags":[1011,27,43,40,41,39,42,44],"class_list":{"0":"post-411358","1":"post","2":"type-post","3":"status-publish","4":"format-standard","5":"has-post-thumbnail","7":"category-sciences-et-technologies","8":"tag-fr","9":"tag-france","10":"tag-science","11":"tag-science-and-technology","12":"tag-sciences","13":"tag-sciences-et-technologies","14":"tag-technologies","15":"tag-technology"},"share_on_mastodon":{"url":"https:\/\/pubeurope.com\/@fr\/115252380717543396","error":""},"_links":{"self":[{"href":"https:\/\/www.europesays.com\/fr\/wp-json\/wp\/v2\/posts\/411358","targetHints":{"allow":["GET"]}}],"collection":[{"href":"https:\/\/www.europesays.com\/fr\/wp-json\/wp\/v2\/posts"}],"about":[{"href":"https:\/\/www.europesays.com\/fr\/wp-json\/wp\/v2\/types\/post"}],"author":[{"embeddable":true,"href":"https:\/\/www.europesays.com\/fr\/wp-json\/wp\/v2\/users\/2"}],"replies":[{"embeddable":true,"href":"https:\/\/www.europesays.com\/fr\/wp-json\/wp\/v2\/comments?post=411358"}],"version-history":[{"count":0,"href":"https:\/\/www.europesays.com\/fr\/wp-json\/wp\/v2\/posts\/411358\/revisions"}],"wp:featuredmedia":[{"embeddable":true,"href":"https:\/\/www.europesays.com\/fr\/wp-json\/wp\/v2\/media\/411359"}],"wp:attachment":[{"href":"https:\/\/www.europesays.com\/fr\/wp-json\/wp\/v2\/media?parent=411358"}],"wp:term":[{"taxonomy":"category","embeddable":true,"href":"https:\/\/www.europesays.com\/fr\/wp-json\/wp\/v2\/categories?post=411358"},{"taxonomy":"post_tag","embeddable":true,"href":"https:\/\/www.europesays.com\/fr\/wp-json\/wp\/v2\/tags?post=411358"}],"curies":[{"name":"wp","href":"https:\/\/api.w.org\/{rel}","templated":true}]}}