{"id":411383,"date":"2025-09-23T07:27:09","date_gmt":"2025-09-23T07:27:09","guid":{"rendered":"https:\/\/www.europesays.com\/fr\/411383\/"},"modified":"2025-09-23T07:27:09","modified_gmt":"2025-09-23T07:27:09","slug":"une-classe-plongee-dans-lobscurite-a-cause-de-la-maladie-rare-dune-prof-en-seine-maritime","status":"publish","type":"post","link":"https:\/\/www.europesays.com\/fr\/411383\/","title":{"rendered":"une classe plong\u00e9e dans l\u2019obscurit\u00e9 \u00e0 cause de la maladie rare d\u2019une prof en Seine-Maritime"},"content":{"rendered":"<p>            Par<br \/>\n        <strong><br \/>\n            <a href=\"https:\/\/actu.fr\/auteur\/isabellevilly\" title=\"Consulter tous les articles de Isabelle Villy\" target=\"_blank\" rel=\"noopener\">Isabelle Villy<\/a><br \/>\n        <\/strong><\/p>\n<p>        Publi\u00e9 le<\/p>\n<p>            23 sept. 2025 \u00e0 8h10        <\/p>\n<p><strong>\u00ab\u2009Je suis tr\u00e8s choqu\u00e9e.\u2009\u00bb<\/strong> Une phrase qui revient en boucle dans les propos d\u2019une maman dont l\u2019enfant de six ans devait normalement suivre son ann\u00e9e scolaire \u00e0 l\u2019\u00e9cole Louis-Lemonnier, \u00e0 <a href=\"https:\/\/fr.wikipedia.org\/wiki\/Franqueville-Saint-Pierre\" target=\"_blank\" rel=\"noopener\">Franqueville-Saint-Pierre (Seine-Maritime)<\/a>. Sauf que le jour de la rentr\u00e9e, la m\u00e8re de famille a appris que son enfant resterait toute la journ\u00e9e dans une classe aux volets ferm\u00e9s\u2026 pour qu\u2019aucun trait de lumi\u00e8re ne filtre. Motif\u2009: l\u2019enseignante souffre d\u2019<strong>une maladie li\u00e9e aux UV<\/strong> et ne tol\u00e8re aucune exposition \u00e0 la lumi\u00e8re du jour et aux rayons du soleil. Une situation que la m\u00e8re de famille estime <strong>inacceptable pour le bien-\u00eatre<\/strong> de son enfant, sans toutefois remettre en cause la pathologie dont souffre l\u2019enseignante.<\/p>\n<p>Les comp\u00e9tences de l\u2019enseignante ne sont pas mises en cause<\/p>\n<p class=\" wall-content\">\u00ab\u2009Je ne remets en cause <strong>ni les comp\u00e9tences<\/strong> de l\u2019enseignante,<strong> ni la maladie<\/strong> dont elle souffre. Mais je trouve que cela est incompatible avec le fait d\u2019enseigner \u00e0 des enfants qui ont le droit et le besoin d\u2019avoir la lumi\u00e8re du jour, quand ils sont dans leur salle de classe\u2009\u00bb, insiste la maman, qui assure avoir encore <strong>du mal \u00e0 r\u00e9aliser la situation<\/strong>, qu\u2019elle juge \u00ab\u2009aberrante\u2009\u00bb.<\/p>\n<p class=\" wall-content\">\u00ab\u2009La professeure <strong>ne peut pas supporter la chaleur<\/strong>, qui lui provoque des gonflements, et c\u2019est pourquoi le chauffage n\u2019est pas non plus allum\u00e9 en hiver. Je ne porte \u00e9videmment pas de jugement sur sa maladie, mais ce sont les cons\u00e9quences pour les enfants qui m\u2019inqui\u00e8tent\u2009\u00bb, insiste la jeune femme, convaincue qu\u2019un enseignement toute l\u2019ann\u00e9e, sans lumi\u00e8re du jour, aura \u00ab\u2009des cons\u00e9quences sur l\u2019organisme et sur les performances scolaires des enfants qui sont en plein d\u00e9veloppement. Sans compter qu\u2019ils sont en CP\u2009\u00bb.<\/p>\n<p>\u00ab\u2009On a \u00e9t\u00e9 mis au pied du mur, \u00e0 la rentr\u00e9e\u2009\u00bb<\/p>\n<p class=\" wall-content\">Selon la m\u00e8re de famille, quand elle a inscrit son enfant en avril dernier, personne ne lui a signal\u00e9 ce fait. \u00ab\u2009Il semble que cette situation <strong>dure depuis longtemps<\/strong> et qu\u2019elle soit valid\u00e9e par le rectorat. Mais de notre c\u00f4t\u00e9, on a \u00e9t\u00e9 mis au pied du mur \u00e0 la rentr\u00e9e\u2009\u00bb, regrette la m\u00e8re de famille, qui a donc d\u00e9cid\u00e9 de changer son enfant d\u2019\u00e9cole. \u00ab\u2009J\u2019ai eu de la chance, j\u2019ai pu lui trouver une place dans un \u00e9tablissement priv\u00e9, sur le plateau. Mais tous les parents n\u2019ont pas cette possibilit\u00e9\u2009\u00bb, constate-t-elle.<\/p>\n<p class=\" wall-content\">Contact\u00e9e par la R\u00e9daction, la Direction des services d\u00e9partementaux de l\u2019\u00c9ducation nationale de la Seine-Maritime confirme avoir connaissance de la situation de l\u2019enseignante. \u00ab\u2009Elle a \u00e9t\u00e9<strong> re\u00e7ue \u00e0 plusieurs reprises<\/strong> par sa hi\u00e9rarchie et par le m\u00e9decin de pr\u00e9vention, au regard de sa pathologie\u2009\u00bb, pr\u00e9cise la direction, ajoutant qu\u2019effectivement, \u00ab\u2009des am\u00e9nagements ont \u00e9t\u00e9 mis en place au sein de sa classe, o\u00f9 les fen\u00eatres sont \u00e9quip\u00e9es de filtres pour la prot\u00e9ger des UV\u2009\u00bb.<\/p>\n<p>La directrice acad\u00e9mique a pris note des retours des familles<\/p>\n<p class=\" wall-content\">La directrice acad\u00e9mique assure avoir \u00ab\u2009bien pris note des \u00e9l\u00e9ments mis en avant par quelques parents d\u2019\u00e9l\u00e8ve\u2009\u00bb et a sollicit\u00e9 l\u2019inspectrice de la circonscription, afin qu\u2019elle puisse \u00ab\u2009recevoir \u00e0 nouveau l\u2019enseignante, pour trouver <strong>des solutions adapt\u00e9es<\/strong>, en lien avec sa pathologie et pour prendre davantage en compte les besoins des \u00e9l\u00e8ves et les retours de quelques familles\u2009\u00bb.<\/p>\n<p class=\" wall-content\">Malgr\u00e9 notre demande, il ne nous a pas \u00e9t\u00e9 possible de rencontrer l\u2019enseignante, \u00ab\u2009au regard de sa situation\u2009\u00bb, pr\u00e9cisent les Services de l\u2019\u00c9ducation nationale.<\/p>\n<p>Votre r\u00e9gion, votre actu !<\/p>\n<p>Recevez chaque jour les infos qui comptent pour vous.<\/p>\n<p>\t<a href=\"https:\/\/actu.fr\/newsletter\" class=\"ac-btn ac-btn--corner ac-btn--medium ac-btn--blue800\" target=\"_blank\" rel=\"noopener\">S&rsquo;incrire<\/a><br \/>\nSuivez l\u2019actualit\u00e9 de Rouen <a href=\"https:\/\/www.whatsapp.com\/channel\/0029VaKfnf99hXF2ddApFB1D\" target=\"_blank\" rel=\"noopener\">sur notre cha\u00eene WhatsApp<\/a> et <a href=\"https:\/\/www.tiktok.com\/@76actu.fr?lang=fr\" target=\"_blank\" rel=\"noopener\">sur notre compte TikTok<\/a><\/p>\n<p class=\" wall-content\">Personnalisez votre actualit\u00e9 en ajoutant vos villes et m\u00e9dias en favori avec <a href=\"https:\/\/moncompte.actu.fr\" title=\"D\u00e9couvez Mon Actu\" rel=\"nofollow noopener\" data-trk=\"{&quot;cta&quot;:{&quot;action&quot;:&quot;https:\\\/\\\/moncompte.actu.fr&quot;,&quot;category&quot;:&quot;mon compte&quot;,&quot;from&quot;:&quot;article footer&quot;,&quot;name&quot;:&quot;Mon actu&quot;,&quot;type&quot;:&quot;cta&quot;}}\" target=\"_blank\">Mon Actu<\/a>.<\/p>\n<p>                    <script async src=\"\/\/www.tiktok.com\/embed.js\"><\/script><\/p>\n","protected":false},"excerpt":{"rendered":"Par Isabelle Villy Publi\u00e9 le 23 sept. 2025 \u00e0 8h10 \u00ab\u2009Je suis tr\u00e8s choqu\u00e9e.\u2009\u00bb Une phrase qui revient&hellip;\n","protected":false},"author":2,"featured_media":411384,"comment_status":"","ping_status":"","sticky":false,"template":"","format":"standard","meta":{"footnotes":""},"categories":[9587],"tags":[1111,11,1057,1777,674,1011,27,12,5161,31081,25,9590,104],"class_list":{"0":"post-411383","1":"post","2":"type-post","3":"status-publish","4":"format-standard","5":"has-post-thumbnail","7":"category-rouen","8":"tag-actu","9":"tag-actualites","10":"tag-education","11":"tag-eu","12":"tag-europe","13":"tag-fr","14":"tag-france","15":"tag-news","16":"tag-normandie","17":"tag-plateau-est-rouen","18":"tag-republique-francaise","19":"tag-rouen","20":"tag-societe"},"share_on_mastodon":{"url":"https:\/\/pubeurope.com\/@fr\/115252431781681175","error":""},"_links":{"self":[{"href":"https:\/\/www.europesays.com\/fr\/wp-json\/wp\/v2\/posts\/411383","targetHints":{"allow":["GET"]}}],"collection":[{"href":"https:\/\/www.europesays.com\/fr\/wp-json\/wp\/v2\/posts"}],"about":[{"href":"https:\/\/www.europesays.com\/fr\/wp-json\/wp\/v2\/types\/post"}],"author":[{"embeddable":true,"href":"https:\/\/www.europesays.com\/fr\/wp-json\/wp\/v2\/users\/2"}],"replies":[{"embeddable":true,"href":"https:\/\/www.europesays.com\/fr\/wp-json\/wp\/v2\/comments?post=411383"}],"version-history":[{"count":0,"href":"https:\/\/www.europesays.com\/fr\/wp-json\/wp\/v2\/posts\/411383\/revisions"}],"wp:featuredmedia":[{"embeddable":true,"href":"https:\/\/www.europesays.com\/fr\/wp-json\/wp\/v2\/media\/411384"}],"wp:attachment":[{"href":"https:\/\/www.europesays.com\/fr\/wp-json\/wp\/v2\/media?parent=411383"}],"wp:term":[{"taxonomy":"category","embeddable":true,"href":"https:\/\/www.europesays.com\/fr\/wp-json\/wp\/v2\/categories?post=411383"},{"taxonomy":"post_tag","embeddable":true,"href":"https:\/\/www.europesays.com\/fr\/wp-json\/wp\/v2\/tags?post=411383"}],"curies":[{"name":"wp","href":"https:\/\/api.w.org\/{rel}","templated":true}]}}