{"id":411387,"date":"2025-09-23T07:32:24","date_gmt":"2025-09-23T07:32:24","guid":{"rendered":"https:\/\/www.europesays.com\/fr\/411387\/"},"modified":"2025-09-23T07:32:24","modified_gmt":"2025-09-23T07:32:24","slug":"grenoble-a-quelle-heure-et-sur-quelle-chaine-suivre-le-match-de-ligue-2-sport","status":"publish","type":"post","link":"https:\/\/www.europesays.com\/fr\/411387\/","title":{"rendered":"Grenoble. \u00c0 quelle heure et sur quelle cha\u00eene suivre le match de Ligue 2\u00a0? . Sport"},"content":{"rendered":"<p>Apr\u00e8s des d\u00e9buts spectaculaires mais mal pay\u00e9s en Ligue 2, Le Mans FC accuse le coup apr\u00e8s six matches. Les promus pointent \u00e0 la 15e place du classement avant d\u2019affronter le Grenoble Foot 38\u00a0pour le compte de la 7e journ\u00e9e de Ligue 2, ce mardi 23\u00a0septembre. Comme les <a href=\"https:\/\/lemans.maville.com\/sport\/detail_-ligue-2.-erwan-colas-sauve-les-meubles-pour-le-mans-fc-face-a-dunkerque-_14-6984653_actu.Htm\" target=\"_blank\" rel=\"noopener\">Manceaux<\/a>, le GF38\u00a0est en difficult\u00e9 depuis le d\u00e9but de saison. Les Is\u00e9rois sont 16e et premiers rel\u00e9gables. Les deux \u00e9quipes n\u2019ont remport\u00e9 qu\u2019un seul match depuis le coup d\u2019envoi du championnat. Pour Grenoble, c\u2019\u00e9tait \u00e0 domicile contre Dunkerque (1-0), alors que Le Mans s\u2019\u00e9tait impos\u00e9 contre Bastia (1-0) au stade Marie-Marvingt, th\u00e9\u00e2tre de ce duel de mal class\u00e9s.<\/p>\n<p><strong>Lire aussi\u00a0: <\/strong> <a href=\"https:\/\/lemans.maville.com\/sport\/detail_-ligue-2.-le-mans-fc-des-paris-perdus-mais-des-promesses-pour-la-suite-apres-dunkerque-_14-6985137_actu.Htm\" target=\"_blank\" rel=\"noopener\">Le Mans FC\u00a0: des paris perdus mais des promesses pour la suite apr\u00e8s Dunkerque<\/a><\/p>\n<p>\u00c0 quelle heure suivre Le Mans &#8211; Grenoble\u00a0?<\/p>\n<p>Le coup d\u2019envoi de ce match pour la 7e journ\u00e9e de Ligue entre Le Mans FC et le Grenoble Foot 38\u00a0sera donn\u00e9 \u00e0 20\u00a0h\u00a030 au stade Marie-Marvingt (Le Mans).<\/p>\n<p>Sur quelle cha\u00eene regarder Le Mans &#8211; Grenoble\u00a0?<\/p>\n<p>Ce duel entre Manceaux et Grenoblois\u00a0sera retransmis en direct sur beIN Sport MAX 10 \u00e0 partir de 20\u00a0h\u00a023. Un live sera \u00e9galement \u00e0 suivre sur ouest-france.fr.<\/p>\n<p>\u00a0<\/p>\n","protected":false},"excerpt":{"rendered":"Apr\u00e8s des d\u00e9buts spectaculaires mais mal pay\u00e9s en Ligue 2, Le Mans FC accuse le coup apr\u00e8s six&hellip;\n","protected":false},"author":2,"featured_media":411388,"comment_status":"","ping_status":"","sticky":false,"template":"","format":"standard","meta":{"footnotes":""},"categories":[9566],"tags":[1111,11,1438,2430,3809,1465,1777,674,63,1011,27,2731,1792,1922,12,25,479,517,1470],"class_list":{"0":"post-411387","1":"post","2":"type-post","3":"status-publish","4":"format-standard","5":"has-post-thumbnail","7":"category-grenoble","8":"tag-actu","9":"tag-actualites","10":"tag-angers","11":"tag-auvergne-rhone-alpes","12":"tag-ball","13":"tag-basket","14":"tag-eu","15":"tag-europe","16":"tag-football","17":"tag-fr","18":"tag-france","19":"tag-grenoble","20":"tag-handball","21":"tag-info","22":"tag-news","23":"tag-republique-francaise","24":"tag-rugby","25":"tag-sport","26":"tag-volley"},"share_on_mastodon":{"url":"https:\/\/pubeurope.com\/@fr\/115252451336940821","error":""},"_links":{"self":[{"href":"https:\/\/www.europesays.com\/fr\/wp-json\/wp\/v2\/posts\/411387","targetHints":{"allow":["GET"]}}],"collection":[{"href":"https:\/\/www.europesays.com\/fr\/wp-json\/wp\/v2\/posts"}],"about":[{"href":"https:\/\/www.europesays.com\/fr\/wp-json\/wp\/v2\/types\/post"}],"author":[{"embeddable":true,"href":"https:\/\/www.europesays.com\/fr\/wp-json\/wp\/v2\/users\/2"}],"replies":[{"embeddable":true,"href":"https:\/\/www.europesays.com\/fr\/wp-json\/wp\/v2\/comments?post=411387"}],"version-history":[{"count":0,"href":"https:\/\/www.europesays.com\/fr\/wp-json\/wp\/v2\/posts\/411387\/revisions"}],"wp:featuredmedia":[{"embeddable":true,"href":"https:\/\/www.europesays.com\/fr\/wp-json\/wp\/v2\/media\/411388"}],"wp:attachment":[{"href":"https:\/\/www.europesays.com\/fr\/wp-json\/wp\/v2\/media?parent=411387"}],"wp:term":[{"taxonomy":"category","embeddable":true,"href":"https:\/\/www.europesays.com\/fr\/wp-json\/wp\/v2\/categories?post=411387"},{"taxonomy":"post_tag","embeddable":true,"href":"https:\/\/www.europesays.com\/fr\/wp-json\/wp\/v2\/tags?post=411387"}],"curies":[{"name":"wp","href":"https:\/\/api.w.org\/{rel}","templated":true}]}}