{"id":41139,"date":"2025-04-21T09:20:11","date_gmt":"2025-04-21T09:20:11","guid":{"rendered":"https:\/\/www.europesays.com\/fr\/41139\/"},"modified":"2025-04-21T09:20:11","modified_gmt":"2025-04-21T09:20:11","slug":"audiences-tf1-ecrase-la-concurrence-avec-asterix-et-obelix-lempire-du-milieu","status":"publish","type":"post","link":"https:\/\/www.europesays.com\/fr\/41139\/","title":{"rendered":"Audiences : TF1 \u00e9crase la concurrence avec Ast\u00e9rix et Ob\u00e9lix : l\u2019Empire du milieu"},"content":{"rendered":"<p>                             Par     <a class=\"fig-content-metas__author\" href=\"https:\/\/www.lefigaro.fr\/auteur\/gabrielle-dumon\" rel=\"author nofollow noopener\" target=\"_blank\">Gabrielle Dumon<\/a><\/p>\n<p>\n            Publi\u00e9<br \/>\n                le 21 avril 2025 \u00e0 09h50,<br \/>\n                 mis \u00e0 jour le 21 avril 2025 \u00e0 09h55<\/p>\n<p>    Ast\u00e9rix et Ob\u00e9lix\u00a0: l\u2019Empire du milieu.<br \/>\n                Christophe Brachet \/ \uff69 CHRISTOPHE BRACHET<\/p>\n<p>Les audiences du dimanche 20 avril 2025 pour les programmes diffus\u00e9s en premi\u00e8re partie de soir\u00e9e.<\/p>\n<p class=\"fig-paragraph\">Ce dimanche 20 avril, ce sont d\u2019irr\u00e9ductibles Gaulois qui arrivent en t\u00eate des audiences de premi\u00e8re partie de soir\u00e9e. Avec la diffusion in\u00e9dite d\u2019<a href=\"http:\/\/tvmag.lefigaro.fr\/programme-tv\/ce-soir-tele\/asterix-et-obelix-l-empire-du-milieu-un-bel-eloge-de-l-amitie-sur-tf1-20250420\" target=\"_blank\" data-fig-type=\"Article\" rel=\"noopener nofollow\" data-gtm-custom-categorie=\"navigation\" data-gtm-custom-action=\"crossclick\" data-gtm-custom-label=\"Contextuel\" data-gtm-event=\"customEventSPE\" data-fig-domain=\"TVMAG\">Ast\u00e9rix et Ob\u00e9lix\u00a0: l\u2019Empire du milieu<\/a>, TF1 tire son \u00e9pingle du jeu et rassemble 4 millions de t\u00e9l\u00e9spectateurs, et 44,5% des FRDA-50. 26,8% du public \u00e2g\u00e9 de 4 ans et plus \u00e9tait donc r\u00e9uni devant cette adaptation port\u00e9e par\u00a0<a href=\"http:\/\/tvmag.lefigaro.fr\/programme-tv\/people\/on-passe-par-des-periodes-magnifiques-et-des-periodes-de-merde-guillaume-canet-se-confie-sur-son-couple-avec-marion-cotillard-20250110\" target=\"_blank\" data-fig-type=\"Article\" rel=\"noopener nofollow\" data-gtm-custom-categorie=\"navigation\" data-gtm-custom-action=\"crossclick\" data-gtm-custom-label=\"Contextuel\" data-gtm-event=\"customEventSPE\" data-fig-domain=\"TVMAG\">Guillaume Canet\u00a0<\/a>et\u00a0<a href=\"http:\/\/www.lefigaro.fr\/cinema\/notre-critique-de-l-amour-ouf-une-fresque-romanesque-en-fusion-20241015\" target=\"_blank\" data-fig-type=\"Article\" rel=\"noopener nofollow\" data-gtm-custom-categorie=\"navigation\" data-gtm-custom-action=\"crossclick\" data-gtm-custom-label=\"Contextuel\" data-gtm-event=\"customEventSPE\" data-fig-domain=\"LEFIGARO\">Gilles Lellouche.<\/a><\/p>\n<p class=\"fig-paragraph\">France 3 se place en deuxi\u00e8me position avec la diffusion de deux \u00e9pisodes in\u00e9dits de\u00a0<a href=\"https:\/\/tvmag.lefigaro.fr\/programme-tv\/programme\/mysteres-au-paradis-d1633374969\" target=\"_blank\" rel=\"noopener nofollow\" data-gtm-custom-categorie=\"navigation\" data-gtm-custom-action=\"crossclick\" data-gtm-custom-label=\"Contextuel\" data-gtm-event=\"customEventSPE\">Myst\u00e8res au paradis<\/a> . La s\u00e9rie polici\u00e8re, qui se d\u00e9roule aux Antilles, a intrigu\u00e9 2 millions de t\u00e9l\u00e9spectateurs. La Trois convainc donc 15,6% du public \u00e2g\u00e9 de 4 ans et plus, mais aussi 5,2% des FRDA-50.<\/p>\n<p class=\"fig-body-link\">\n            \u00c0 lire aussi<br \/>\n        <a class=\"fig-body-link__link\" href=\"http:\/\/tvmag.lefigaro.fr\/programme-tv\/ce-soir-tele\/asterix-et-obelix-l-empire-du-milieu-un-bel-eloge-de-l-amitie-sur-tf1-20250420\" target=\"_blank\" data-fig-type=\"Article\" rel=\"noopener nofollow\" data-gtm-custom-categorie=\"navigation\" data-gtm-custom-action=\"crossclick\" data-gtm-custom-label=\"Contextuel\" data-gtm-event=\"customEventSPE\" data-fig-domain=\"TVMAG\">Ast\u00e9rix et Ob\u00e9lix\u00a0: L\u2019Empire du Milieu, un bel \u00e9loge de l\u2019amiti\u00e9 sur TF1<br \/>\n    <\/a>\n<\/p>\n<p class=\"fig-paragraph\">Sur la derni\u00e8re marche du podium, France 2 d\u00e9passe les 2 millions de t\u00e9l\u00e9spectateurs avec la rediffusion d\u2019un classique du cin\u00e9ma fran\u00e7ais\u00a0: La folie des grandeurs. Port\u00e9e par\u00a0<a href=\"http:\/\/tvmag.lefigaro.fr\/programme-tv\/audiences-tv\/audiences-alibi-com-de-philippe-lacheau-a-t-il-fait-mieux-que-le-corniaud-avec-louis-de-funes-20250217\" target=\"_blank\" data-fig-type=\"Article\" rel=\"noopener nofollow\" data-gtm-custom-categorie=\"navigation\" data-gtm-custom-action=\"crossclick\" data-gtm-custom-label=\"Contextuel\" data-gtm-event=\"customEventSPE\" data-fig-domain=\"TVMAG\">Louis de Fun\u00e8s\u00a0<\/a>et\u00a0<a href=\"https:\/\/tvmag.lefigaro.fr\/programme-tv\/hommage-a-yves-montand-sur-c8_408a987a-7a1d-11e8-bfdd-644024481748\" target=\"_blank\" data-fig-type=\"Article\" rel=\"noopener nofollow\" data-gtm-custom-categorie=\"navigation\" data-gtm-custom-action=\"crossclick\" data-gtm-custom-label=\"Contextuel\" data-gtm-event=\"customEventSPE\" data-fig-domain=\"TVMAG\">Yves Montand<\/a>, cette adaptation (tr\u00e8s libre) de Ruy Blas de Victor Hugo a captiv\u00e9 14,5% du public \u00e2g\u00e9 de 4 ans et plus.<\/p>\n<p class=\"fig-paragraph\">M6 arrive quatri\u00e8me avec un num\u00e9ro in\u00e9dit de\u00a0<a href=\"http:\/\/tvmag.lefigaro.fr\/programme-tv\/actu-tele\/un-demi-siecle-d-evolution-de-l-education-des-enfants-decrypte-dans-zone-interdite-20250406\" target=\"_blank\" data-fig-type=\"Article\" rel=\"noopener nofollow\" data-gtm-custom-categorie=\"navigation\" data-gtm-custom-action=\"crossclick\" data-gtm-custom-label=\"Contextuel\" data-gtm-event=\"customEventSPE\" data-fig-domain=\"TVMAG\">\u00abZone interdite\u00bb<\/a>, qui a su attirer 1 million de curieux, soit 6,4% du public \u00e2g\u00e9 de 4 ans et plus. Non loin derri\u00e8re, France 5 prend la cinqui\u00e8me place avec un documentaire sur la reine Camilla. Ce programme in\u00e9dit r\u00e9unit 798.000 t\u00e9l\u00e9spectateurs, soit 4,4% de part d\u2019audience.<\/p>\n<p class=\"fig-paragraph\">Sur Arte, arriv\u00e9e sixi\u00e8me, c\u2019est une autre reine qui a retenu l\u2019attention de 419.000 t\u00e9l\u00e9spectateurs. Avec\u00a0<a href=\"https:\/\/tvmag.lefigaro.fr\/programme-tv\/programme\/cleopatre-version-longue-f1100225002\" target=\"_blank\" rel=\"noopener nofollow\" data-gtm-custom-categorie=\"navigation\" data-gtm-custom-action=\"crossclick\" data-gtm-custom-label=\"Contextuel\" data-gtm-event=\"customEventSPE\">Cl\u00e9op\u00e2tre\u00a0<\/a> de Joseph L. Mankiewicz, la Sept convainc 3,4% du public \u00e2g\u00e9 de 4 ans et plus.\u00a0\u00a0<\/p>\n<p class=\"fig-tv-audience__title\">Audiences de 1\u00e8re partie de soir\u00e9e du dimanche 20 avril<\/p>\n<tr>\n<td class=\"fig-tv-audience__position\">1<\/td>\n<td class=\"fig-tv-audience__channel-container\">\n                        <a class=\"fig-channel-media fig-channel-media--no-margin\" href=\"https:\/\/tvmag.lefigaro.fr\/programme-tv\/chaine\/192\/tous-les-programmes-de-tf1\" title=\"Programme TV TF1\" rel=\"nofollow noopener\" target=\"_blank\"><br \/>\n        <img   alt=\"Programme TV TF1\" class=\"fig-img\"\/><\/p>\n<p>    <\/a><\/p>\n<\/td>\n<td class=\"fig-tv-audience__data\">\n                    <a href=\"https:\/\/tvmag.lefigaro.fr\/programme-tv\/programme\/asterix-et-obelix-l-empire-du-milieu-f1394355573\" class=\"fig-tv-audience__program-title\" rel=\"nofollow noopener\" target=\"_blank\"><br \/>\n                        Ast\u00e9rix et Ob\u00e9lix\u00a0: L&rsquo;Empire du Milieu<br \/>\n                    <\/a><\/p>\n<p>                        4\u202f000 t\u00e9l\u00e9spectateurs<\/p>\n<p>                    26,8\u00a0%<\/p>\n<\/td>\n<\/tr>\n<tr>\n<td class=\"fig-tv-audience__position\">2<\/td>\n<td class=\"fig-tv-audience__channel-container\">\n                        <a class=\"fig-channel-media fig-channel-media--no-margin\" href=\"https:\/\/tvmag.lefigaro.fr\/programme-tv\/chaine\/80\/tous-les-programmes-de-france-3\" title=\"Programme TV France 3\" rel=\"nofollow noopener\" target=\"_blank\"><br \/>\n        <img   alt=\"Programme TV France 3\" class=\"fig-img\"\/><\/p>\n<p>    <\/a><\/p>\n<\/td>\n<td class=\"fig-tv-audience__data\">\n                    <a href=\"https:\/\/tvmag.lefigaro.fr\/programme-tv\/programme\/mysteres-au-paradis-f372782973\" class=\"fig-tv-audience__program-title\" rel=\"nofollow noopener\" target=\"_blank\"><br \/>\n                        Myst\u00e8res au paradis<br \/>\n                    <\/a><\/p>\n<p>                        2\u202f000 t\u00e9l\u00e9spectateurs<\/p>\n<p>                    15,6\u00a0%<\/p>\n<\/td>\n<\/tr>\n<tr>\n<td class=\"fig-tv-audience__position\">3<\/td>\n<td class=\"fig-tv-audience__channel-container\">\n                        <a class=\"fig-channel-media fig-channel-media--no-margin\" href=\"https:\/\/tvmag.lefigaro.fr\/programme-tv\/chaine\/4\/tous-les-programmes-de-france-2\" title=\"Programme TV France 2\" rel=\"nofollow noopener\" target=\"_blank\"><br \/>\n        <img   alt=\"Programme TV France 2\" class=\"fig-img\"\/><\/p>\n<p>    <\/a><\/p>\n<\/td>\n<td class=\"fig-tv-audience__data\">\n                    <a href=\"https:\/\/tvmag.lefigaro.fr\/programme-tv\/programme\/la-folie-des-grandeurs-f53263698\" class=\"fig-tv-audience__program-title\" rel=\"nofollow noopener\" target=\"_blank\"><br \/>\n                        La folie des grandeurs<br \/>\n                    <\/a><\/p>\n<p>                        2\u202f000 t\u00e9l\u00e9spectateurs<\/p>\n<p>                    14,5\u00a0%<\/p>\n<\/td>\n<\/tr>\n<tr>\n<td class=\"fig-tv-audience__position\">4<\/td>\n<td class=\"fig-tv-audience__channel-container\">\n                        <a class=\"fig-channel-media fig-channel-media--no-margin\" href=\"https:\/\/tvmag.lefigaro.fr\/programme-tv\/chaine\/118\/tous-les-programmes-de-m6\" title=\"Programme TV M6\" rel=\"nofollow noopener\" target=\"_blank\"><br \/>\n        <img   alt=\"Programme TV M6\" class=\"fig-img\"\/><\/p>\n<p>    <\/a><\/p>\n<\/td>\n<td class=\"fig-tv-audience__data\">\n                    <a href=\"https:\/\/tvmag.lefigaro.fr\/programme-tv\/programme\/zone-interdite-f785189827\" class=\"fig-tv-audience__program-title\" rel=\"nofollow noopener\" target=\"_blank\"><br \/>\n                        Zone interdite<br \/>\n                    <\/a><\/p>\n<p>                        1\u202f000 t\u00e9l\u00e9spectateurs<\/p>\n<p>                    6,4\u00a0%<\/p>\n<\/td>\n<\/tr>\n<tr>\n<td class=\"fig-tv-audience__position\">5<\/td>\n<td class=\"fig-tv-audience__channel-container\">\n                        <a class=\"fig-channel-media fig-channel-media--no-margin\" href=\"https:\/\/tvmag.lefigaro.fr\/programme-tv\/chaine\/47\/tous-les-programmes-de-france-5\" title=\"Programme TV France 5\" rel=\"nofollow noopener\" target=\"_blank\"><br \/>\n        <img   alt=\"Programme TV France 5\" class=\"fig-img\"\/><\/p>\n<p>    <\/a><\/p>\n<\/td>\n<td class=\"fig-tv-audience__data\">\n                    <a href=\"https:\/\/tvmag.lefigaro.fr\/programme-tv\/programme\/camilla-la-reine-qui-ne-voulait-pas-etre-reine-f1740014268\" class=\"fig-tv-audience__program-title\" rel=\"nofollow noopener\" target=\"_blank\"><br \/>\n                        Camilla, la reine qui ne voulait pas \u00eatre reine<br \/>\n                    <\/a><\/p>\n<p>                        798\u202f000 t\u00e9l\u00e9spectateurs<\/p>\n<p>                    4,4\u00a0%<\/p>\n<\/td>\n<\/tr>\n<tr aria-hidden=\"true\">\n<td class=\"fig-tv-audience__position\">6<\/td>\n<td class=\"fig-tv-audience__channel-container\">\n                        <a class=\"fig-channel-media fig-channel-media--no-margin\" href=\"https:\/\/tvmag.lefigaro.fr\/programme-tv\/chaine\/111\/tous-les-programmes-de-arte\" title=\"Programme TV Arte\" rel=\"nofollow noopener\" target=\"_blank\"><br \/>\n        <img   alt=\"Programme TV Arte\" class=\"fig-img\"\/><\/p>\n<p>    <\/a><\/p>\n<\/td>\n<td class=\"fig-tv-audience__data\">\n                    <a href=\"https:\/\/tvmag.lefigaro.fr\/programme-tv\/programme\/cleopatre-version-longue-f1100225002\" class=\"fig-tv-audience__program-title\" rel=\"nofollow noopener\" target=\"_blank\"><br \/>\n                        Cl\u00e9op\u00e2tre (version longue)<br \/>\n                    <\/a><\/p>\n<p>                        419\u202f000 t\u00e9l\u00e9spectateurs<\/p>\n<p>                    3,4\u00a0%<\/p>\n<\/td>\n<\/tr>\n<tr aria-hidden=\"true\">\n<td class=\"fig-tv-audience__position\">7<\/td>\n<td class=\"fig-tv-audience__channel-container\">\n                        <a class=\"fig-channel-media fig-channel-media--no-margin\" href=\"https:\/\/tvmag.lefigaro.fr\/programme-tv\/chaine\/1400\/tous-les-programmes-de-rmc-decouverte\" title=\"Programme TV RMC D\u00e9couverte\" rel=\"nofollow noopener\" target=\"_blank\"><br \/>\n        <img   alt=\"Programme TV RMC D\u00e9couverte\" class=\"fig-img\"\/><\/p>\n<p>    <\/a><\/p>\n<\/td>\n<td class=\"fig-tv-audience__data\">\n                    <a href=\"https:\/\/tvmag.lefigaro.fr\/programme-tv\/programme\/faites-entrer-l-accuse-f1970514460\" class=\"fig-tv-audience__program-title\" rel=\"nofollow noopener\" target=\"_blank\"><br \/>\n                        Faites entrer l&rsquo;accus\u00e9<br \/>\n                    <\/a><\/p>\n<p>                        496\u202f000 t\u00e9l\u00e9spectateurs<\/p>\n<p>                    2,8\u00a0%<\/p>\n<\/td>\n<\/tr>\n<tr aria-hidden=\"true\">\n<td class=\"fig-tv-audience__position\">8<\/td>\n<td class=\"fig-tv-audience__channel-container\">\n                        <a class=\"fig-channel-media fig-channel-media--no-margin\" href=\"https:\/\/tvmag.lefigaro.fr\/programme-tv\/chaine\/446\/tous-les-programmes-de-tfx\" title=\"Programme TV TFX\" rel=\"nofollow noopener\" target=\"_blank\"><br \/>\n        <img   alt=\"Programme TV TFX\" class=\"fig-img\"\/><\/p>\n<p>    <\/a><\/p>\n<\/td>\n<td class=\"fig-tv-audience__data\">\n                    <a href=\"https:\/\/tvmag.lefigaro.fr\/programme-tv\/programme\/the-spy-code-f1339155665\" class=\"fig-tv-audience__program-title\" rel=\"nofollow noopener\" target=\"_blank\"><br \/>\n                        The Spy Code<br \/>\n                    <\/a><\/p>\n<p>                        426\u202f000 t\u00e9l\u00e9spectateurs<\/p>\n<p>                    2,4\u00a0%<\/p>\n<\/td>\n<\/tr>\n<tr aria-hidden=\"true\">\n<td class=\"fig-tv-audience__position\">9<\/td>\n<td class=\"fig-tv-audience__channel-container\">\n                        <a class=\"fig-channel-media fig-channel-media--no-margin\" href=\"https:\/\/tvmag.lefigaro.fr\/programme-tv\/chaine\/1403\/tous-les-programmes-de-6ter\" title=\"Programme TV 6ter\" rel=\"nofollow noopener\" target=\"_blank\"><br \/>\n        <img   alt=\"Programme TV 6ter\" class=\"fig-img\"\/><\/p>\n<p>    <\/a><\/p>\n<\/td>\n<td class=\"fig-tv-audience__data\">\n                    <a href=\"https:\/\/tvmag.lefigaro.fr\/programme-tv\/programme\/bumblebee-f1226909017\" class=\"fig-tv-audience__program-title\" rel=\"nofollow noopener\" target=\"_blank\"><br \/>\n                        Bumblebee<br \/>\n                    <\/a><\/p>\n<p>                        384\u202f000 t\u00e9l\u00e9spectateurs<\/p>\n<p>                    2,2\u00a0%<\/p>\n<\/td>\n<\/tr>\n<tr aria-hidden=\"true\">\n<td class=\"fig-tv-audience__position\">10<\/td>\n<td class=\"fig-tv-audience__channel-container\">\n                        <a class=\"fig-channel-media fig-channel-media--no-margin\" href=\"https:\/\/tvmag.lefigaro.fr\/programme-tv\/chaine\/1402\/tous-les-programmes-de-rmc-story\" title=\"Programme TV RMC Story\" rel=\"nofollow noopener\" target=\"_blank\"><br \/>\n        <img   alt=\"Programme TV RMC Story\" class=\"fig-img\"\/><\/p>\n<p>    <\/a><\/p>\n<\/td>\n<td class=\"fig-tv-audience__data\">\n                    <a href=\"https:\/\/tvmag.lefigaro.fr\/programme-tv\/programme\/habitations-en-peril-f293792625\" class=\"fig-tv-audience__program-title\" rel=\"nofollow noopener\" target=\"_blank\"><br \/>\n                        Habitations en p\u00e9ril<br \/>\n                    <\/a><\/p>\n<p>                        314\u202f000 t\u00e9l\u00e9spectateurs<\/p>\n<p>                    1,7\u00a0%<\/p>\n<\/td>\n<\/tr>\n<tr aria-hidden=\"true\">\n<td class=\"fig-tv-audience__position\">11<\/td>\n<td class=\"fig-tv-audience__channel-container\">\n                        <a class=\"fig-channel-media fig-channel-media--no-margin\" href=\"https:\/\/tvmag.lefigaro.fr\/programme-tv\/chaine\/119\/tous-les-programmes-de-w9\" title=\"Programme TV W9\" rel=\"nofollow noopener\" target=\"_blank\"><br \/>\n        <img   alt=\"Programme TV W9\" class=\"fig-img\"\/><\/p>\n<p>    <\/a><\/p>\n<\/td>\n<td class=\"fig-tv-audience__data\">\n                    <a href=\"https:\/\/tvmag.lefigaro.fr\/programme-tv\/programme\/le-nouveau-jouet-f818315890\" class=\"fig-tv-audience__program-title\" rel=\"nofollow noopener\" target=\"_blank\"><br \/>\n                        Le nouveau jouet<br \/>\n                    <\/a><\/p>\n<p>                        271\u202f000 t\u00e9l\u00e9spectateurs<\/p>\n<p>                    1,6\u00a0%<\/p>\n<\/td>\n<\/tr>\n<tr aria-hidden=\"true\">\n<td class=\"fig-tv-audience__position\">12<\/td>\n<td class=\"fig-tv-audience__channel-container\">\n                        <a class=\"fig-channel-media fig-channel-media--no-margin\" href=\"https:\/\/tvmag.lefigaro.fr\/programme-tv\/chaine\/195\/tous-les-programmes-de-tmc\" title=\"Programme TV TMC\" rel=\"nofollow noopener\" target=\"_blank\"><br \/>\n        <img   alt=\"Programme TV TMC\" class=\"fig-img\"\/><\/p>\n<p>    <\/a><\/p>\n<\/td>\n<td class=\"fig-tv-audience__data\">\n                    <a href=\"https:\/\/tvmag.lefigaro.fr\/programme-tv\/programme\/esprits-criminels-f777762972\" class=\"fig-tv-audience__program-title\" rel=\"nofollow noopener\" target=\"_blank\"><br \/>\n                        Esprits criminels<br \/>\n                    <\/a><\/p>\n<p>                        250\u202f000 t\u00e9l\u00e9spectateurs<\/p>\n<p>                    1,3\u00a0%<\/p>\n<\/td>\n<\/tr>\n<tr aria-hidden=\"true\">\n<td class=\"fig-tv-audience__position\">13<\/td>\n<td class=\"fig-tv-audience__channel-container\">\n                        <a class=\"fig-channel-media fig-channel-media--no-margin\" href=\"https:\/\/tvmag.lefigaro.fr\/programme-tv\/chaine\/1399\/tous-les-programmes-de-cherie-25\" title=\"Programme TV Ch\u00e9rie 25\" rel=\"nofollow noopener\" target=\"_blank\"><br \/>\n        <img   alt=\"Programme TV Ch\u00e9rie 25\" class=\"fig-img\"\/><\/p>\n<p>    <\/a><\/p>\n<\/td>\n<td class=\"fig-tv-audience__data\">\n                    <a href=\"https:\/\/tvmag.lefigaro.fr\/programme-tv\/programme\/les-petits-meurtres-d-agatha-christie-f843287766\" class=\"fig-tv-audience__program-title\" rel=\"nofollow noopener\" target=\"_blank\"><br \/>\n                        Les petits meurtres d&rsquo;Agatha Christie<br \/>\n                    <\/a><\/p>\n<p>                        232\u202f000 t\u00e9l\u00e9spectateurs<\/p>\n<p>                    1,3\u00a0%<\/p>\n<\/td>\n<\/tr>\n<tr aria-hidden=\"true\">\n<td class=\"fig-tv-audience__position\">14<\/td>\n<td class=\"fig-tv-audience__channel-container\">\n                        <a class=\"fig-channel-media fig-channel-media--no-margin\" href=\"https:\/\/tvmag.lefigaro.fr\/programme-tv\/chaine\/1404\/tous-les-programmes-de-tf1-series-films\" title=\"Programme TV TF1 S\u00e9ries Films\" rel=\"nofollow noopener\" target=\"_blank\"><br \/>\n        <img   alt=\"Programme TV TF1 S\u00e9ries Films\" class=\"fig-img\"\/><\/p>\n<p>    <\/a><\/p>\n<\/td>\n<td class=\"fig-tv-audience__data\">\n                    <a href=\"https:\/\/tvmag.lefigaro.fr\/programme-tv\/programme\/mamma-mia-here-we-go-again-f1020424397\" class=\"fig-tv-audience__program-title\" rel=\"nofollow noopener\" target=\"_blank\"><br \/>\n                        Mamma Mia\u00a0! Here We Go Again<br \/>\n                    <\/a><\/p>\n<p>                        166\u202f000 t\u00e9l\u00e9spectateurs<\/p>\n<p>                    1\u00a0%<\/p>\n<\/td>\n<\/tr>\n<tr aria-hidden=\"true\">\n<td class=\"fig-tv-audience__position\">15<\/td>\n<td class=\"fig-tv-audience__channel-container\">\n                        <a class=\"fig-channel-media fig-channel-media--no-margin\" href=\"https:\/\/tvmag.lefigaro.fr\/programme-tv\/chaine\/458\/tous-les-programmes-de-cstar\" title=\"Programme TV CSTAR\" rel=\"nofollow noopener\" target=\"_blank\"><br \/>\n        <img   alt=\"Programme TV CSTAR\" class=\"fig-img\"\/><\/p>\n<p>    <\/a><\/p>\n<\/td>\n<td class=\"fig-tv-audience__data\">\n                    <a href=\"https:\/\/tvmag.lefigaro.fr\/programme-tv\/programme\/chicago-fire-f1472121144\" class=\"fig-tv-audience__program-title\" rel=\"nofollow noopener\" target=\"_blank\"><br \/>\n                        Chicago Fire<br \/>\n                    <\/a><\/p>\n<p>                        147\u202f000 t\u00e9l\u00e9spectateurs<\/p>\n<p>                    0,8\u00a0%<\/p>\n<\/td>\n<\/tr>\n<tr aria-hidden=\"true\">\n<td class=\"fig-tv-audience__position\">16<\/td>\n<td class=\"fig-tv-audience__channel-container\">\n                        <a class=\"fig-channel-media fig-channel-media--no-margin\" href=\"https:\/\/tvmag.lefigaro.fr\/programme-tv\/chaine\/482\/tous-les-programmes-de-gulli\" title=\"Programme TV Gulli\" rel=\"nofollow noopener\" target=\"_blank\"><br \/>\n        <img   alt=\"Programme TV Gulli\" class=\"fig-img\"\/><\/p>\n<p>    <\/a><\/p>\n<\/td>\n<td class=\"fig-tv-audience__data\">\n                    <a href=\"https:\/\/tvmag.lefigaro.fr\/programme-tv\/programme\/monster-high-le-film-f1791001093\" class=\"fig-tv-audience__program-title\" rel=\"nofollow noopener\" target=\"_blank\"><br \/>\n                        Monster High\u00a0: le film<br \/>\n                    <\/a><\/p>\n<p>                        145\u202f000 t\u00e9l\u00e9spectateurs<\/p>\n<p>                    0,8\u00a0%<\/p>\n<\/td>\n<\/tr>\n<p>            Voir plus<\/p>\n","protected":false},"excerpt":{"rendered":"Par Gabrielle Dumon Publi\u00e9 le 21 avril 2025 \u00e0 09h50, mis \u00e0 jour le 21 avril 2025 \u00e0&hellip;\n","protected":false},"author":2,"featured_media":41140,"comment_status":"","ping_status":"","sticky":false,"template":"","format":"standard","meta":{"footnotes":""},"categories":[1356],"tags":[2376,2374,2369,2370,2371,2372,2378,2377,2373,58,59,1011,27,876,594,5684,12574,2375,503,502,252,199,1364,2368],"class_list":{"0":"post-41139","1":"post","2":"type-post","3":"status-publish","4":"format-standard","5":"has-post-thumbnail","7":"category-television","8":"tag-analyse-audience-tv","9":"tag-audience-programme-tv","10":"tag-audience-tv","11":"tag-audience-tv-hier","12":"tag-audience-tv-hier-soir","13":"tag-audience-tv-jour-par-jour","14":"tag-audiences-television","15":"tag-audiences-tv","16":"tag-audimat","17":"tag-divertissement","18":"tag-entertainment","19":"tag-fr","20":"tag-france","21":"tag-france-3","22":"tag-france-2","23":"tag-gilles-lellouche","24":"tag-guillaume-canet","25":"tag-meilleure-audience-tv","26":"tag-programme-tele","27":"tag-programme-tv","28":"tag-television","29":"tag-tf1","30":"tag-tv","31":"tag-tv-ce-soir"},"share_on_mastodon":{"url":"https:\/\/pubeurope.com\/@fr\/114375217931722029","error":""},"_links":{"self":[{"href":"https:\/\/www.europesays.com\/fr\/wp-json\/wp\/v2\/posts\/41139","targetHints":{"allow":["GET"]}}],"collection":[{"href":"https:\/\/www.europesays.com\/fr\/wp-json\/wp\/v2\/posts"}],"about":[{"href":"https:\/\/www.europesays.com\/fr\/wp-json\/wp\/v2\/types\/post"}],"author":[{"embeddable":true,"href":"https:\/\/www.europesays.com\/fr\/wp-json\/wp\/v2\/users\/2"}],"replies":[{"embeddable":true,"href":"https:\/\/www.europesays.com\/fr\/wp-json\/wp\/v2\/comments?post=41139"}],"version-history":[{"count":0,"href":"https:\/\/www.europesays.com\/fr\/wp-json\/wp\/v2\/posts\/41139\/revisions"}],"wp:featuredmedia":[{"embeddable":true,"href":"https:\/\/www.europesays.com\/fr\/wp-json\/wp\/v2\/media\/41140"}],"wp:attachment":[{"href":"https:\/\/www.europesays.com\/fr\/wp-json\/wp\/v2\/media?parent=41139"}],"wp:term":[{"taxonomy":"category","embeddable":true,"href":"https:\/\/www.europesays.com\/fr\/wp-json\/wp\/v2\/categories?post=41139"},{"taxonomy":"post_tag","embeddable":true,"href":"https:\/\/www.europesays.com\/fr\/wp-json\/wp\/v2\/tags?post=41139"}],"curies":[{"name":"wp","href":"https:\/\/api.w.org\/{rel}","templated":true}]}}