{"id":411401,"date":"2025-09-23T07:40:21","date_gmt":"2025-09-23T07:40:21","guid":{"rendered":"https:\/\/www.europesays.com\/fr\/411401\/"},"modified":"2025-09-23T07:40:21","modified_gmt":"2025-09-23T07:40:21","slug":"le-festival-les-apartes-propose-du-baroque-avant-toute-chose-a-nantes","status":"publish","type":"post","link":"https:\/\/www.europesays.com\/fr\/411401\/","title":{"rendered":"Le festival Les Apart\u00e9s propose du baroque avant toute chose \u00e0 Nantes"},"content":{"rendered":"<p>La r\u00e9putation des <a href=\"https:\/\/www.stradivaria.org\/lesapart%C3%A9s\" target=\"_blank\" rel=\"noopener\">Apart\u00e9s<\/a>, ces concerts de musique baroques interpr\u00e9t\u00e9s \u00e0 la bougie, n\u2019est plus \u00e0 faire \u00e0 Nantes. Ces pr\u00e9cieux rendez-vous permettant d\u2019\u00e9couter dans une atmosph\u00e8re incomparable les \u0153uvres ma\u00eetresses ou devenues rares du r\u00e9pertoire baroque sont en effet devenus incontournables.<\/p>\n<p>De novembre \u00e0 juin, cinq\u00a0concerts \u00e0 la chapelle de l\u2019Immacul\u00e9e<\/p>\n<p>Pour cette quatri\u00e8me\u00a0\u00e9dition l\u2019ensemble Stradivaria en n\u00e9anmoins tenu \u00e0 innover en proposant, d\u00e8s ce vendredi 26\u00a0septembre, une grande soir\u00e9e de lancement, ouverte \u00e0 tous, permettant de d\u00e9couvrir, autour d\u2019un verre et en musique, la programmation et les innovations de la saison.<\/p>\n<p>Ladite saison ne renie en rien les fondamentaux qui ont fait le succ\u00e8s des Apart\u00e9s, De novembre \u00e0 juin, ce sont toujours bien cinq\u00a0concerts qui seront propos\u00e9s \u00e0 la chapelle de l\u2019Immacul\u00e9e.<\/p>\n<p>La premi\u00e8re soir\u00e9e, intitul\u00e9e Dans le jardin des Nations, sera indubitablement bucolique. Stradivaria y proposera un floril\u00e8ge \u2013 c\u2019est le mot \u2013 de compositions inspir\u00e9es par la nature. Agr\u00e9able fa\u00e7on de nous rappeler que la flore, domestiqu\u00e9e ou non, a depuis toujours \u00e9t\u00e9 une muse in\u00e9puisable.<\/p>\n<p><a href=\"https:\/\/nantes.maville.com\/actu\/actudet_-le-festival-de-musique-classique-classic-est-fffou-met-la-jeunesse-a-l-honneur-_52716-6974740_actu.Htm?utm_source=troove&amp;utm_medium=site\" target=\"_blank\" rel=\"noopener\">A LIRE AUSSI. Le festival de musique classique ClassiC\u2019est fffou\u00a0! met la jeunesse \u00e0 l\u2019honneur<\/a><\/p>\n<p>Un terrain d\u2019accord entre tradition et modernit\u00e9<\/p>\n<p>Le 15\u00a0d\u00e9cembre, pour le traditionnel concert de Noel, Stradivaria s\u2019associera au jeune ch\u0153ur du Conservatoire de Nantes. Vivaldi et Haendel seront, entre autres, de la f\u00eate.<\/p>\n<p>En f\u00e9vrier Bach plucked et unplucked propose un surprenant dialogue entre le clavecin et le piano. Nul doute que Violaine Cochard et \u00c9douard Ferlet, les deux artistes invit\u00e9s, sauront trouver le point d\u2019accord entre tradition et modernit\u00e9. \u00a0Cette ouverture \u00e0 des musiciens ext\u00e9rieurs, qui traduit notre d\u00e9sir d\u2019ouverture, est la grande nouveaut\u00e9 de cette saison\u00a0, souligne Guillaume Cuiller, le directeur artistique.<\/p>\n<p>L\u2019ensemble Les \u00c9pop\u00e9es, \u00e9galement invit\u00e9, explorera pour sa part le th\u00e8me du deuil et de la perte avec Lacrime delle Donne le 16\u00a0mai.<\/p>\n<p>L\u2019ultime concert, Apoth\u00e9ose, rendra hommage au malicieux Couperin qui, amus\u00e9 par la querelle musicale qui, au XVIIIe, opposait les \u00e9coles fran\u00e7aise et italienne, saura r\u00e9concilier \u00e0 sa mani\u00e8re, et en une \u0153uvre pleine de charme, Corelli et Lully.<\/p>\n<p>Les Apart\u00e9s, soir\u00e9e de lancement le 26\u00a0septembre \u00e0 la chapelle de l\u2019immacul\u00e9e, \u00e0 partir de 19h30. Entr\u00e9e libre, r\u00e9servation conseill\u00e9e\u00a0: www.stradivaria.org<\/p>\n<p>\u00a0<\/p>\n","protected":false},"excerpt":{"rendered":"La r\u00e9putation des Apart\u00e9s, ces concerts de musique baroques interpr\u00e9t\u00e9s \u00e0 la bougie, n\u2019est plus \u00e0 faire \u00e0&hellip;\n","protected":false},"author":2,"featured_media":411402,"comment_status":"","ping_status":"","sticky":false,"template":"","format":"standard","meta":{"footnotes":""},"categories":[2818],"tags":[1111,11,54247,9730,24695,1777,674,849,1011,27,766,12,2636,6088,25],"class_list":{"0":"post-411401","1":"post","2":"type-post","3":"status-publish","4":"format-standard","5":"has-post-thumbnail","7":"category-nantes","8":"tag-actu","9":"tag-actualites","10":"tag-apartes","11":"tag-baroque","12":"tag-chose","13":"tag-eu","14":"tag-europe","15":"tag-festival","16":"tag-fr","17":"tag-france","18":"tag-nantes","19":"tag-news","20":"tag-pays-de-la-loire","21":"tag-propose","22":"tag-republique-francaise"},"share_on_mastodon":{"url":"https:\/\/pubeurope.com\/@fr\/115252482836200009","error":""},"_links":{"self":[{"href":"https:\/\/www.europesays.com\/fr\/wp-json\/wp\/v2\/posts\/411401","targetHints":{"allow":["GET"]}}],"collection":[{"href":"https:\/\/www.europesays.com\/fr\/wp-json\/wp\/v2\/posts"}],"about":[{"href":"https:\/\/www.europesays.com\/fr\/wp-json\/wp\/v2\/types\/post"}],"author":[{"embeddable":true,"href":"https:\/\/www.europesays.com\/fr\/wp-json\/wp\/v2\/users\/2"}],"replies":[{"embeddable":true,"href":"https:\/\/www.europesays.com\/fr\/wp-json\/wp\/v2\/comments?post=411401"}],"version-history":[{"count":0,"href":"https:\/\/www.europesays.com\/fr\/wp-json\/wp\/v2\/posts\/411401\/revisions"}],"wp:featuredmedia":[{"embeddable":true,"href":"https:\/\/www.europesays.com\/fr\/wp-json\/wp\/v2\/media\/411402"}],"wp:attachment":[{"href":"https:\/\/www.europesays.com\/fr\/wp-json\/wp\/v2\/media?parent=411401"}],"wp:term":[{"taxonomy":"category","embeddable":true,"href":"https:\/\/www.europesays.com\/fr\/wp-json\/wp\/v2\/categories?post=411401"},{"taxonomy":"post_tag","embeddable":true,"href":"https:\/\/www.europesays.com\/fr\/wp-json\/wp\/v2\/tags?post=411401"}],"curies":[{"name":"wp","href":"https:\/\/api.w.org\/{rel}","templated":true}]}}