{"id":411411,"date":"2025-09-23T07:45:14","date_gmt":"2025-09-23T07:45:14","guid":{"rendered":"https:\/\/www.europesays.com\/fr\/411411\/"},"modified":"2025-09-23T07:45:14","modified_gmt":"2025-09-23T07:45:14","slug":"toulouse-un-accident-provoque-un-important-bouchon-aux-portes-de-la-ville","status":"publish","type":"post","link":"https:\/\/www.europesays.com\/fr\/411411\/","title":{"rendered":"Toulouse. Un accident provoque un important bouchon aux portes de la ville"},"content":{"rendered":"<p>            Par<br \/>\n        <strong><br \/>\n            <a href=\"https:\/\/actu.fr\/auteur\/marie-lamarque\" title=\"Consulter tous les articles de Marie Lamarque\" target=\"_blank\" rel=\"noopener\">Marie Lamarque<\/a><br \/>\n        <\/strong><\/p>\n<p>        Publi\u00e9 le<\/p>\n<p>            23 sept. 2025 \u00e0 9h01        <\/p>\n<p><strong>Circulation compliqu\u00e9e<\/strong> aux portes de <a href=\"https:\/\/actu.fr\/toulouse\/\" target=\"_blank\" rel=\"noopener\">Toulouse<\/a> \u00e0 l\u2019heure de pointe ce matin du mardi 23 septembre 2025. <strong>Un accident provoque un important bouchon<\/strong> au sud-ouest de la Ville rose, <strong>sur l\u2019A64<\/strong>. Les automobilistes qui circulent dans le secteur de Muret doivent prendre leur mal en patience.<\/p>\n<p>Deux voitures impliqu\u00e9es dans un accident<\/p>\n<p class=\" wall-content\">Selon Bison Fut\u00e9,<strong> deux voitures sont impliqu\u00e9es dans cet accident<\/strong>, dans le sens Bayonne-Toulouse. <strong>Une voie de circulation a \u00e9t\u00e9 ferm\u00e9e<\/strong>. \u00ab\u00a0Compter trois quarts d\u2019heure pour passer cette difficult\u00e9\u00a0\u00bb, indique Radio Vinci.<\/p>\n<p class=\" wall-content\">Un patrouilleur est sur place afin de proc\u00e9der au d\u00e9pannage et au nettoyage de la chauss\u00e9e.<\/p>\n<p>    <img   decoding=\"async\" loading=\"lazy\" src=\"https:\/\/www.europesays.com\/fr\/wp-content\/uploads\/2025\/09\/toulouse-trafic-bouchons-960x640.png\" alt=\"L'\u00e9tat du trafic \u00e0 Toulouse \u00e0 9h.\" width=\"960\" height=\"640\"\/><br \/>\n    L\u2019\u00e9tat du trafic \u00e0 Toulouse \u00e0 9h. (\u00a9Toulouse Trafic)D\u2019autres secteurs en difficult\u00e9<\/p>\n<p class=\" wall-content\">Il faut s\u2019attendre \u00e0 d\u2019autres bouchons aux portes de la Ville rose, \u00e0 commencer par le secteur de Roseraie et de Sesqui\u00e8res, au nord-est. Compter \u00ab\u00a015 minutes\u00a0\u00bb pour passer les difficult\u00e9s.\u00a0<\/p>\n<p>Vid\u00e9os : en ce moment sur Actu<\/p>\n<p class=\" wall-content\">Plus au sud, en direction de Montpellier, dans le secteur du Palays, on compte \u00ab\u00a0dix minutes de ralentissement\u00a0\u00bb, indique Radio Vinci.<\/p>\n<p class=\" wall-content\">Personnalisez votre actualit\u00e9 en ajoutant vos villes et m\u00e9dias en favori avec <a href=\"https:\/\/moncompte.actu.fr\" title=\"D\u00e9couvez Mon Actu\" rel=\"nofollow noopener\" data-trk=\"{&quot;cta&quot;:{&quot;action&quot;:&quot;https:\\\/\\\/moncompte.actu.fr&quot;,&quot;category&quot;:&quot;mon compte&quot;,&quot;from&quot;:&quot;article footer&quot;,&quot;name&quot;:&quot;Mon actu&quot;,&quot;type&quot;:&quot;cta&quot;}}\" target=\"_blank\">Mon Actu<\/a>.<\/p>\n","protected":false},"excerpt":{"rendered":"Par Marie Lamarque Publi\u00e9 le 23 sept. 2025 \u00e0 9h01 Circulation compliqu\u00e9e aux portes de Toulouse \u00e0 l\u2019heure&hellip;\n","protected":false},"author":2,"featured_media":411412,"comment_status":"","ping_status":"","sticky":false,"template":"","format":"standard","meta":{"footnotes":""},"categories":[2816],"tags":[119,1111,11,1777,674,1011,27,803,12,2680,25,104,2312],"class_list":{"0":"post-411411","1":"post","2":"type-post","3":"status-publish","4":"format-standard","5":"has-post-thumbnail","7":"category-toulouse","8":"tag-accident","9":"tag-actu","10":"tag-actualites","11":"tag-eu","12":"tag-europe","13":"tag-fr","14":"tag-france","15":"tag-info-trafic","16":"tag-news","17":"tag-occitanie","18":"tag-republique-francaise","19":"tag-societe","20":"tag-toulouse"},"share_on_mastodon":{"url":"https:\/\/pubeurope.com\/@fr\/115252502513991781","error":""},"_links":{"self":[{"href":"https:\/\/www.europesays.com\/fr\/wp-json\/wp\/v2\/posts\/411411","targetHints":{"allow":["GET"]}}],"collection":[{"href":"https:\/\/www.europesays.com\/fr\/wp-json\/wp\/v2\/posts"}],"about":[{"href":"https:\/\/www.europesays.com\/fr\/wp-json\/wp\/v2\/types\/post"}],"author":[{"embeddable":true,"href":"https:\/\/www.europesays.com\/fr\/wp-json\/wp\/v2\/users\/2"}],"replies":[{"embeddable":true,"href":"https:\/\/www.europesays.com\/fr\/wp-json\/wp\/v2\/comments?post=411411"}],"version-history":[{"count":0,"href":"https:\/\/www.europesays.com\/fr\/wp-json\/wp\/v2\/posts\/411411\/revisions"}],"wp:featuredmedia":[{"embeddable":true,"href":"https:\/\/www.europesays.com\/fr\/wp-json\/wp\/v2\/media\/411412"}],"wp:attachment":[{"href":"https:\/\/www.europesays.com\/fr\/wp-json\/wp\/v2\/media?parent=411411"}],"wp:term":[{"taxonomy":"category","embeddable":true,"href":"https:\/\/www.europesays.com\/fr\/wp-json\/wp\/v2\/categories?post=411411"},{"taxonomy":"post_tag","embeddable":true,"href":"https:\/\/www.europesays.com\/fr\/wp-json\/wp\/v2\/tags?post=411411"}],"curies":[{"name":"wp","href":"https:\/\/api.w.org\/{rel}","templated":true}]}}