{"id":411413,"date":"2025-09-23T07:47:12","date_gmt":"2025-09-23T07:47:12","guid":{"rendered":"https:\/\/www.europesays.com\/fr\/411413\/"},"modified":"2025-09-23T07:47:12","modified_gmt":"2025-09-23T07:47:12","slug":"la-grosse-bourde-qui-condamne-deja-le-president-de-la-metropole-de-lille","status":"publish","type":"post","link":"https:\/\/www.europesays.com\/fr\/411413\/","title":{"rendered":"La grosse bourde qui condamne d\u00e9j\u00e0 le pr\u00e9sident de la m\u00e9tropole de Lille"},"content":{"rendered":"<p>Il y avait eu la gr\u00e8ve des greffiers, puis le malaise d\u2019un assesseur. Deux situations hors normes qui avaient retard\u00e9 encore un peu plus la tenue du proc\u00e8s du pr\u00e9sident de la M\u00e9tropole europ\u00e9enne de Lille. Et voici que l\u2019audience d\u2019appel de ce 22 septembre, premi\u00e8re des trois journ\u00e9es de proc\u00e8s pr\u00e9vues \u00e0 la Cour d\u2019appel de Douai, a commenc\u00e9 par un coup de Trafalgar judiciaire in\u00e9dit.<\/p>\n<p>Dans une petite salle d\u2019audience mal ventil\u00e9e et dont le plafond fuit (un bac de r\u00e9cup\u00e9ration a \u00e9t\u00e9 pos\u00e9 au sol), le pr\u00e9sident Sylvain Lallement rappelle le long cheminement de la proc\u00e9dure jusqu\u2019au jugement de premi\u00e8re instance du 2 juillet 2024 et aux actes d\u2019appel qui ont suivi. Or, prend\u2010il soin de relever, l\u2019appel de la d\u00e9fense, d\u00e9pos\u00e9 le 11 juillet, se limite aux peines prononc\u00e9es.<\/p>\n<blockquote class=\"wp-embedded-content\" data-secret=\"LFJjYSwnTw\">\n<p><a href=\"https:\/\/www.mediacites.fr\/decryptage\/lille\/2025\/09\/22\/proces-castelain-ce-que-le-jugement-correctionnel-nous-apprend\/\" rel=\"nofollow noopener\" target=\"_blank\">Proc\u00e8s Castelain\u00a0: ce que le jugement correctionnel nous apprend<\/a><\/p>\n<\/blockquote>\n<p>C\u2019est en constatant cette erreur manifeste de r\u00e9daction que le Procureur g\u00e9n\u00e9ral a donn\u00e9 acte de son d\u00e9sistement d\u2019appel, vendredi 19 septembre \u00e0 15 heures, sur les dossiers o\u00f9 Damien Castelain a \u00e9t\u00e9 condamn\u00e9. D\u00e8s lors, les condamnations de ce dernier dans les dossiers dits des \u00ab\u202fpierres bleues\u202f\u00bb et des \u00ab\u202ffrais d\u2019avocats\u202f\u00bb deviennent acquises\u202f! Seul le montant des peines doit \u00eatre reconsid\u00e9r\u00e9 par la justice d\u2019appel, ainsi que les relaxes.<\/p>\n<p>Les avocats de Damien Castelain ont eu beau protester, la Cour, apr\u00e8s une courte interruption de s\u00e9ance, a d\u00e9cid\u00e9 d\u2019instruire le proc\u00e8s dans les limites de l\u2019appel tel qu\u2019il a \u00e9t\u00e9 r\u00e9dig\u00e9. Il y a donc fort \u00e0 parier qu\u2019un pourvoi en cassation soit d\u00e9pos\u00e9 par la d\u00e9fense. Pourvoi qui, en mati\u00e8re p\u00e9nale, est suspensif\u2026 On n\u2019en a donc pas fini de parler du proc\u00e8s Castelain. En outre, la carri\u00e8re politique de ce dernier ne serait donc pas compromise \u00e0 court terme \u2013 sauf cas improbable d\u2019in\u00e9ligibilit\u00e9 avec ex\u00e9cution imm\u00e9diate que les juges de premi\u00e8re instance avaient \u00e9cart\u00e9e.\u00a0<\/p>\n<p>Examen de personnalit\u00e9s<br \/>\n<img loading=\"lazy\" decoding=\"async\" class=\"size-large wp-image-409615\" src=\"https:\/\/www.europesays.com\/fr\/wp-content\/uploads\/2025\/09\/IMG_61672-1024x768.jpg\" alt=\"\" width=\"696\" height=\"522\"  \/>Damien Castelain lors de son proc\u00e8s en appel \u00e0 Douai. Photo\u00a0: Matthieu Slisse<\/p>\n<p>L\u2019audience a pu reprendre vers 10h15 par l\u2019examen classique des personnalit\u00e9s. O\u00f9 l\u2019on apprend, par exemple, que Damien Castelain d\u00e9clare gagner 6 500 euros net par mois (comme pr\u00e9sident de la MEL et maire de P\u00e9ronne\u2010en\u2010M\u00e9lantois), soit un peu plus que son ancien DGS Bruno Cassette devenu sous\u2010pr\u00e9fet d\u2019Aix-en-Provence apr\u00e8s son d\u00e9part de la MEL fin 2020 et jusqu\u2019\u00e0 la mi\u2010septembre de cette ann\u00e9e. On comprendra au passage que sa nomination tout r\u00e9cente comme pr\u00e9fet hors cadre (c\u2019est-\u00e0-dire sans affectation temporaire) n\u2019est pas \u00e9trang\u00e8re \u00e0 son calendrier judiciaire. En cas de condamnation en appel, sa carri\u00e8re dans la fonction publique serait grandement compromise.<\/p>\n<p>Constance Tembremande, elle, ne semble pas s\u2019\u00eatre vraiment relev\u00e9e de ses ennuis judiciaires malgr\u00e9 sa relaxe en premi\u00e8re instance il y a un an. L\u2019attach\u00e9e de presse continue de pointer au ch\u00f4mage et, dit\u2010elle, \u00ab\u202fessaie de se reconstruire\u202f\u00bb.<\/p>\n<p>Dans la salle, on remarque la pr\u00e9sence assidue de Christian Mathon, vice\u2010pr\u00e9sident \u00e0 la MEL, ancien maire de Capinghem et ami proche de Damien Castelain. Le s\u00e9nateur Dany Wattebled fait une br\u00e8ve apparition ainsi que le chef de cabinet adjoint et homme \u00e0 tout faire du pr\u00e9sident de la MEL, <a href=\"https:\/\/www.mediacites.fr\/enquete\/lille\/2022\/03\/18\/metropole-de-lille-un-president-ne-devrait-pas-sentourer-comme-ca\/\" rel=\"nofollow noopener\" target=\"_blank\">Brahim Azallade<\/a>. Fr\u00e9d\u00e9ric Parisot, le secr\u00e9taire g\u00e9n\u00e9ral de la CGT M\u00e9tropole europ\u00e9enne de Lille, figure aussi au dernier rang. Mais aucun repr\u00e9sentant de m\u00e9dias nationaux n\u2019est pr\u00e9sent pour le proc\u00e8s du pr\u00e9sident de la quatri\u00e8me m\u00e9tropole de France.\u00a0<\/p>\n<p>Pierres bleues\u00a0: \u00ab\u202fJe conteste tout\u202f!\u202f\u00bb<\/p>\n<p>Difficile pour la Cour de ne pas faire un petit d\u00e9tour par l\u2019affaire des \u00ab\u202fpierres bleues\u202f\u00bb. \u00ab\u202fJe conteste tout\u202f! \u00bb, mart\u00e8le Damien Castelain qui dit regretter que <a href=\"https:\/\/www.mediacites.fr\/enquete\/lille\/2017\/03\/07\/carlton-de-lille-david-roquet-vide-son-sac\/\" rel=\"nofollow noopener\" target=\"_blank\">David Roquet<\/a>, l\u2019homme par qui le scandale est arriv\u00e9, ne soit pas pr\u00e9sent devant la Cour. L\u2019ancien salari\u00e9 de l\u2019entreprise de BTP Mat\u00e9riaux enrob\u00e9s du Nord, qui a pay\u00e9 et offert les pav\u00e9s pour la terrasse de l\u2019ancien domicile de Damien Castelain, a b\u00e9n\u00e9fici\u00e9 de la prescription.<\/p>\n<p>Bien que condamn\u00e9 en premi\u00e8re instance, le pr\u00e9sident de la MEL s\u2019ent\u00eate. Il parle de \u00ab\u202fpierre bleues vieillies\u202f\u00bb de r\u00e9cup\u00e9ration, se d\u00e9finit comme \u00ab\u202fexpert de l\u2019\u00e9conomie circulaire\u202f\u00bb, ce qui l\u2019incite \u00e0 \u00ab\u202frecycler les mat\u00e9riaux plut\u00f4t que de les balancer \u00e0 la benne\u202f\u00bb et se pose en victime d\u2019un complot. \u00ab\u202fIl n\u2019y a pas de vol\u00e9 et pas de voleur dans ce dossier\u202f\u00bb, soutient\u2010il.<\/p>\n<p>Passe d\u2019armes sur les \u00ab\u202ffrais de bouche\u202f\u00bb<\/p>\n<p>L\u2019apr\u00e8s-midi s\u2019ouvre sur l\u2019examen des \u00ab\u202ffrais de bouche\u202f\u00bb du pr\u00e9sident Castelain. En premi\u00e8re instance, les juges n\u2019avaient retenu que quelques d\u00e9penses (des s\u00e9ances de soins en spa et un d\u00eener de la Saint\u2010Valentin \u00e0 Arras), en estimant que la pr\u00e9vention (soit l\u2019\u00e9num\u00e9ration des faits \u00e0 juger) n\u2019avait pas \u00e9t\u00e9 assez pr\u00e9cise pour qu\u2019ils puissent trancher sur la totalit\u00e9 des d\u00e9penses litigieuses. Une d\u00e9cision contest\u00e9e en appel par l\u2019avocat g\u00e9n\u00e9ral Antoine Berthelot, qui s\u2019emploiera \u00e0 r\u00e9introduire tous les frais pr\u00e9sum\u00e9s abusifs au cours d\u2019\u00e9changes parfois peu am\u00e8nes avec Damien Castelain.<\/p>\n<p>Extraits\u00a0:<\/p>\n<p>&#8211; \u00ab\u202fConsid\u00e9rez\u2010vous toutes ces d\u00e9penses normales (NDLR\u00a0: parfum, valise, sac \u00e0 dos, m\u00e9dicaments, dentifrice\u2026)\u00a0?\u00a0\u00bb<\/p>\n<p>&#8211; \u00ab\u202fTout \u00e0 fait et c\u2019est ce que les juges ont dit en premi\u00e8re instance.\u202f\u00bb<\/p>\n<p>&#8211; \u00ab\u202fCe n\u2019est pas ce qu\u2019ils ont\u00a0dit.\u202f\u00bb<\/p>\n<p>&#8211; \u00ab\u202fVous savez, je suis pr\u00e9sident H24. Il est normal que je dispose d\u2019effets pour me doucher et me changer. Je suis pr\u00e9sident de la quatri\u00e8me\u00a0m\u00e9tropole de France. J\u2019ai plus de poids qu\u2019un d\u00e9put\u00e9.\u202f\u00bb<\/p>\n<p>&#8211; \u00ab\u202fSi vous \u00eates pr\u00e9sident de la MEL 365 jours sur 365, pourquoi l\u2019ensemble de vos frais ne seraient\u2010ils pas pris en charge\u202f? Il n\u2019y a pas beaucoup de m\u00e9tiers o\u00f9 l\u2019on peut arriver le matin mal fagot\u00e9. Or, que je sache, les fonctionnaires paient leur parfum.\u202f\u00bb<\/p>\n<p>Damien Castelain fait face vaille que vaille en d\u00e9pit des \u00e9vidences. Le d\u00eener de la Saint\u2010Valentin\u00a0\u00e0 La Coupole d\u2019Arras\u202f? \u00ab\u202fNous \u00e9tions 3 \u00e0 table et non 2 comme on l\u2019a insinu\u00e9.\u202f\u00bb Les autres repas pris le soir en t\u00eate \u00e0 t\u00eate hors du p\u00e9rim\u00e8tre de la m\u00e9tropole\u202f? \u00ab\u202fJe maintiens totalement qu\u2019il s\u2019agissait de rencontres professionnelles pour l\u2019ensemble des repas (\u2026) Oui, il m\u2019arrive d\u2019\u00eatre accompagn\u00e9 par mon \u00e9pouse. Quel autre homme politique fait payer sa femme lorsqu\u2019elle est pr\u00e9sente\u202f?\u00a0\u00bb<\/p>\n<p>&#8211; \u00ab\u202fEt \u00e7a ne vous choque pas\u202f? \u00bb, interroge l\u2019avocat g\u00e9n\u00e9ral.<\/p>\n<p>&#8211; \u00ab\u202fPas du\u00a0tout\u202f!\u00a0\u00bb<\/p>\n<p>&#8211; \u00ab\u202fJe tombe des nues\u202f! Vous arrive\u2010t\u2010il de payer quelque chose si vous \u00eates en repr\u00e9sentation pour la MEL 24 heures sur\u00a024\u202f?\u00a0\u00bb<\/p>\n<p>&#8211; \u00ab\u202fPensez\u2010vous que je sois le seul \u00e0 proc\u00e9der ainsi\u202f? \u00bb, r\u00e9torque Damien Castelain.<\/p>\n<p>&#8211; \u00ab\u202fCe genre de remarques, on les entend plus souvent au tribunal dans la bouche de prisonniers vendeurs de shit qui minimisent leur r\u00f4le\u202f\u00bb, tacle le procureur g\u00e9n\u00e9ral.<\/p>\n<p>VRP de la m\u00e9tropole<\/p>\n<p>Apr\u00e8s une courte suspension de s\u00e9ance, la \u00ab\u202ftorture\u202f\u00bb du pr\u00e9sident se poursuit. Cette fois, les trois s\u00e9jours \u00e0 l\u2019h\u00f4tel 5 \u00e9toiles Molitor de Paris, situ\u00e9 \u00e0 deux pas du Parc des Princes, sont au c\u0153ur des interrogations. Le pr\u00e9sident Castelain y a s\u00e9journ\u00e9 avec sa compagne notamment apr\u00e8s l\u2019affiche PSG\u2010Real Madrid. Une pr\u00e9sence justifi\u00e9e par son r\u00f4le \u00ab\u202fd\u2019agent de commerce\u202f\u00bb, de \u00ab\u202fVRP\u202f\u00bb de la m\u00e9tropole. C\u2019est \u00e0 lui, explique\u2010t\u2010il, d\u2019aller au\u2010devant des grands pr\u00e9sidents de f\u00e9d\u00e9rations sportives pour vendre le Stade Pierre Mauroy de Lille afin d\u2019y attirer des comp\u00e9titions.\u202f\u00bb Peut\u2010\u00eatre, mais pourquoi aller dans un palace 5 \u00e9toiles\u202f? Pourquoi ne pas le faire en toute transparence\u202f? Pourquoi ne pas \u00eatre accompagn\u00e9 d\u2019un autre \u00e9lu s\u2019il s\u2019agit de repr\u00e9senter la\u00a0MEL\u202f?<\/p>\n<p>La lecture d\u2019un \u00e9change de mails avec C\u00e9drine P., la responsable de la r\u00e9gie du pr\u00e9sident (qui est \u00e9galement sa secr\u00e9taire personnelle), est ravageur. Cette derni\u00e8re informe le pr\u00e9sident qu\u2019il n\u2019y a plus que des chambres \u00e0 642 euros la nuit \u00e0 l\u2019h\u00f4tel Molitor \u00ab\u202fce qui est cher\u202f\u00bb, fait\u2010elle remarquer. Elle sugg\u00e8re un autre \u00e9tablissement \u00e0 142 euros la chambre. La r\u00e9ponse de Damien Castelain, assortie d\u2019un smiley, fuse\u00a0: \u00ab\u202fC\u2019est cher mais c\u2019est\u00a0bien\u202f!\u00a0\u00bb<\/p>\n<p>\u00ab\u202fOui c\u2019est discutable, finit\u2010il par reconna\u00eetre penaud devant la Cour. Vous savez, je g\u00e8re plein de choses. La r\u00e9ponse est partie comme cela. C\u2019est une seule fois en trente ann\u00e9es de vie d\u2019\u00e9lu.\u202f\u00bb<\/p>\n<p>Le \u00ab\u202ffusible\u202f\u00bb Bruno Cassette<br \/>\n<img loading=\"lazy\" decoding=\"async\" class=\"size-large wp-image-409600\" src=\"https:\/\/www.europesays.com\/fr\/wp-content\/uploads\/2025\/09\/IMG_6158-1024x768.jpg\" alt=\"\" width=\"696\" height=\"522\"  \/>Bruno Cassette et son avocat, le 22 septembre \u00e0 Douai. Photo\u00a0: Matthieu Slisse<\/p>\n<p>C\u2019est \u00e0 pr\u00e9sent au tour de Bruno Cassette d\u2019\u00eatre plac\u00e9 sous le feu des questions de la Cour. L\u2019ancien DGS sait qu\u2019il joue gros dans ce dossier pr\u00e9sum\u00e9 de favoritisme au profit du cabinet de relations publiques Constance RP, puis de l\u2019embauche de sa patronne et unique salari\u00e9e Constance Tembremande. Tout converge dans le dossier, t\u00e9moignages de ses services \u00e0 l\u2019appui, pour \u00e9tablir qu\u2019il a jou\u00e9 un r\u00f4le clef dans l\u2019attribution privil\u00e9gi\u00e9e du march\u00e9 public de relations presse au cabinet Constance RP. Mais l\u2019homme se d\u00e9fend bec et ongles. \u00ab\u202fJe n\u2019ai ni indiqu\u00e9, ni port\u00e9, ni colport\u00e9 une pr\u00e9f\u00e9rence dans ce dossier qui ne me concerne pas et ne m\u2019int\u00e9resse pas\u202f\u00bb, mart\u00e8le\u2010t\u2010il.<\/p>\n<p>Bizarrement, personne au sein de la MEL ne se pr\u00e9vaut d\u2019avoir r\u00e9dig\u00e9 le cahier des charges qui a servi au lancement du march\u00e9 public adapt\u00e9. Normal\u00a0: il pr\u00e9sente d\u2019\u00e9tranges similitudes avec l\u2019offre de service spontan\u00e9e que Constance Tembremande a envoy\u00e9 \u00e0 son \u00ab\u202fTr\u00e8s cher pr\u00e9sident\u202f\u00bb quelques semaines plus t\u00f4t. \u00ab\u202fC\u2019est un march\u00e9 de rien\u202f\u00bb, poursuit Bruno Cassette. Un petit dossier parmi les 4 500 que j\u2019ai trait\u00e9 en six ans et demi \u00e0 la t\u00eate des services de la MEL.\u202f\u00bb Pourtant, l\u2019ancien DGS prendra soin de pr\u00e9sider le jury de s\u00e9lection qui retiendra l\u2019agence Constance RP \u00e0 l\u2019unanimit\u00e9 \u2013 les autres votants \u00e9tant sous son autorit\u00e9 hi\u00e9rarchique directe\u2026<\/p>\n<p>\u00ab\u202fJ\u2019ai le sentiment d\u2019\u00eatre un bouc \u00e9missaire dans cette histoire, poursuit\u2010il. Le fusible d\u2019une enqu\u00eate \u00e0 charge.\u202f\u00bb Bruno Cassette n\u2019h\u00e9sitera pas \u00e0 accuser ses services d\u2019avoir fauss\u00e9 le jeu de la concurrence en privil\u00e9giant Constance Tembremande par l\u2019envoi de documents et d\u2019informations privil\u00e9gi\u00e9es, sans qu\u2019il en soit inform\u00e9. \u00ab\u202fSi je l\u2019avais su, j\u2019aurais arr\u00eat\u00e9 imm\u00e9diatement la proc\u00e9dure parce qu\u2019elle \u00e9tait entach\u00e9e d\u2019irr\u00e9gularit\u00e9s\u202f\u00bb, conclut\u2010il. En bon juriste, Bruno Cassette sait qu\u2019il ne peut y avoir de responsabilit\u00e9 p\u00e9nale reconnue sans preuve de sa connaissance des faits ou d\u2019actes entrepris. Or il n\u2019y a pas de traces \u00e9crites.<\/p>\n<p>Le deuxi\u00e8me jour d\u2019audience, ce mardi, s\u2019ouvrira par la poursuite de l\u2019examen de ce dossier avec les interrogatoires de Constance Tembremande et de Damien Castelain.<\/p>\n<p>Votre soutien a de l\u2019impact\u202f!<\/p>\n<p>Chez Mediacit\u00e9s, nous nous engageons \u00e0 vous offrir des informations exclusives et ind\u00e9pendantes chaque semaine. Pour permettre \u00e0 nos journalistes de poursuivre leurs enqu\u00eates approfondies, nous avons besoin du soutien de nos lectrices et nos lecteurs.<\/p>\n<p>Devenez acteur de la r\u00e9v\u00e9lation d\u2019informations d\u2019int\u00e9r\u00eat public en faisant un don (d\u00e9fiscalisable \u00e0 66\u00a0%). Votre soutien nous permet de maintenir un journalisme de qualit\u00e9 et de faire vivre le d\u00e9bat public en toute ind\u00e9pendance.<\/p><\/p>\n","protected":false},"excerpt":{"rendered":"Il y avait eu la gr\u00e8ve des greffiers, puis le malaise d\u2019un assesseur. Deux situations hors normes qui&hellip;\n","protected":false},"author":2,"featured_media":411414,"comment_status":"","ping_status":"","sticky":false,"template":"","format":"standard","meta":{"footnotes":""},"categories":[2815],"tags":[1111,11,54248,14878,54249,1777,674,1011,27,54250,811,303,1307,34826,12,2694,25],"class_list":{"0":"post-411413","1":"post","2":"type-post","3":"status-publish","4":"format-standard","5":"has-post-thumbnail","7":"category-lille","8":"tag-actu","9":"tag-actualites","10":"tag-bruno-cassette","11":"tag-damien-castelain","12":"tag-eric-darques","13":"tag-eu","14":"tag-europe","15":"tag-fr","16":"tag-france","17":"tag-grand-stade","18":"tag-hauts-de-france","19":"tag-justice","20":"tag-lille","21":"tag-mel","22":"tag-news","23":"tag-proces","24":"tag-republique-francaise"},"share_on_mastodon":{"url":"https:\/\/pubeurope.com\/@fr\/115252510417955634","error":""},"_links":{"self":[{"href":"https:\/\/www.europesays.com\/fr\/wp-json\/wp\/v2\/posts\/411413","targetHints":{"allow":["GET"]}}],"collection":[{"href":"https:\/\/www.europesays.com\/fr\/wp-json\/wp\/v2\/posts"}],"about":[{"href":"https:\/\/www.europesays.com\/fr\/wp-json\/wp\/v2\/types\/post"}],"author":[{"embeddable":true,"href":"https:\/\/www.europesays.com\/fr\/wp-json\/wp\/v2\/users\/2"}],"replies":[{"embeddable":true,"href":"https:\/\/www.europesays.com\/fr\/wp-json\/wp\/v2\/comments?post=411413"}],"version-history":[{"count":0,"href":"https:\/\/www.europesays.com\/fr\/wp-json\/wp\/v2\/posts\/411413\/revisions"}],"wp:featuredmedia":[{"embeddable":true,"href":"https:\/\/www.europesays.com\/fr\/wp-json\/wp\/v2\/media\/411414"}],"wp:attachment":[{"href":"https:\/\/www.europesays.com\/fr\/wp-json\/wp\/v2\/media?parent=411413"}],"wp:term":[{"taxonomy":"category","embeddable":true,"href":"https:\/\/www.europesays.com\/fr\/wp-json\/wp\/v2\/categories?post=411413"},{"taxonomy":"post_tag","embeddable":true,"href":"https:\/\/www.europesays.com\/fr\/wp-json\/wp\/v2\/tags?post=411413"}],"curies":[{"name":"wp","href":"https:\/\/api.w.org\/{rel}","templated":true}]}}