{"id":411417,"date":"2025-09-23T07:50:09","date_gmt":"2025-09-23T07:50:09","guid":{"rendered":"https:\/\/www.europesays.com\/fr\/411417\/"},"modified":"2025-09-23T07:50:09","modified_gmt":"2025-09-23T07:50:09","slug":"lentreprise-lyonnaise-wedressfair-rompt-avec-un-fournisseur-israelien","status":"publish","type":"post","link":"https:\/\/www.europesays.com\/fr\/411417\/","title":{"rendered":"L&rsquo;entreprise Lyonnaise WedressFair rompt avec un fournisseur isra\u00e9lien\u00a0"},"content":{"rendered":"<p itemprop=\"description\"><strong><br \/>&#13;<br \/>\nL\u2019enseigne lyonnaise de\u00a0\u00ab\u00a0mode \u00e9thique et \u00e9coresponsable\u00a0\u00bb a d\u00e9cid\u00e9 de rompre avec Organic Basics, une marque danoise rachet\u00e9e par un groupe isra\u00e9lien.<br \/>&#13;<br \/>\n<\/strong><\/p>\n<p>Cette d\u00e9cision intervient apr\u00e8s le rachat de cette derni\u00e8re par le groupe isra\u00e9lien Delta Galil, cit\u00e9 par l\u2019ONU dans une base de donn\u00e9es recensant les entreprises impliqu\u00e9es dans l\u2019occupation ill\u00e9gale de territoires palestiniens.<\/p>\n<p>\u00ab\u00a0Si les pratiques de production d\u2019Organic Basics restent conformes \u00e0 notre charte, nous avons r\u00e9cemment d\u00e9couvert que le groupe Delta Galil figure dans la base de donn\u00e9es officielle des Nations Unies,\u00a0\u00bb a expliqu\u00e9 Marie Nguyen, cofondatrice de WedressFair. \u00ab\u00a0Ces activit\u00e9s, contraires au droit international, sont incompatibles avec nos engagements.Nous avons donc annul\u00e9 toutes les commandes futures.\u00a0\u00bb<\/p>\n<p>WedressFair pr\u00e9cise avoir choisi de reverser une partie des b\u00e9n\u00e9fices du stock restant \u00e0\u00a0Tomorrow\u2019s Youth Organization, une association d\u2019aide aux populations palestiniennes. L\u2019entreprise lyonnaise annonce \u00e9galement une \u00e9volution de sa charte pour prendre en compte la gouvernance des soci\u00e9t\u00e9s partenaires.<\/p>\n","protected":false},"excerpt":{"rendered":"&#13; L\u2019enseigne lyonnaise de\u00a0\u00ab\u00a0mode \u00e9thique et \u00e9coresponsable\u00a0\u00bb a d\u00e9cid\u00e9 de rompre avec Organic Basics, une marque danoise rachet\u00e9e&hellip;\n","protected":false},"author":2,"featured_media":411418,"comment_status":"","ping_status":"","sticky":false,"template":"","format":"standard","meta":{"footnotes":""},"categories":[1889],"tags":[1111,11,2813,2190,2430,1109,251,1112,2811,1777,674,118,1011,27,1922,1110,1114,2428,2810,12,241,316,25,2812,517,800],"class_list":{"0":"post-411417","1":"post","2":"type-post","3":"status-publish","4":"format-standard","5":"has-post-thumbnail","7":"category-lyon","8":"tag-actu","9":"tag-actualites","10":"tag-article","11":"tag-asvel","12":"tag-auvergne-rhone-alpes","13":"tag-breves","14":"tag-culture","15":"tag-depeches","16":"tag-economique","17":"tag-eu","18":"tag-europe","19":"tag-faits-divers","20":"tag-fr","21":"tag-france","22":"tag-info","23":"tag-informations","24":"tag-infos","25":"tag-lyon","26":"tag-lyonmag","27":"tag-news","28":"tag-ol","29":"tag-politique","30":"tag-republique-francaise","31":"tag-sociale","32":"tag-sport","33":"tag-transports"},"share_on_mastodon":{"url":"https:\/\/pubeurope.com\/@fr\/115252522209208499","error":""},"_links":{"self":[{"href":"https:\/\/www.europesays.com\/fr\/wp-json\/wp\/v2\/posts\/411417","targetHints":{"allow":["GET"]}}],"collection":[{"href":"https:\/\/www.europesays.com\/fr\/wp-json\/wp\/v2\/posts"}],"about":[{"href":"https:\/\/www.europesays.com\/fr\/wp-json\/wp\/v2\/types\/post"}],"author":[{"embeddable":true,"href":"https:\/\/www.europesays.com\/fr\/wp-json\/wp\/v2\/users\/2"}],"replies":[{"embeddable":true,"href":"https:\/\/www.europesays.com\/fr\/wp-json\/wp\/v2\/comments?post=411417"}],"version-history":[{"count":0,"href":"https:\/\/www.europesays.com\/fr\/wp-json\/wp\/v2\/posts\/411417\/revisions"}],"wp:featuredmedia":[{"embeddable":true,"href":"https:\/\/www.europesays.com\/fr\/wp-json\/wp\/v2\/media\/411418"}],"wp:attachment":[{"href":"https:\/\/www.europesays.com\/fr\/wp-json\/wp\/v2\/media?parent=411417"}],"wp:term":[{"taxonomy":"category","embeddable":true,"href":"https:\/\/www.europesays.com\/fr\/wp-json\/wp\/v2\/categories?post=411417"},{"taxonomy":"post_tag","embeddable":true,"href":"https:\/\/www.europesays.com\/fr\/wp-json\/wp\/v2\/tags?post=411417"}],"curies":[{"name":"wp","href":"https:\/\/api.w.org\/{rel}","templated":true}]}}