{"id":411419,"date":"2025-09-23T07:51:15","date_gmt":"2025-09-23T07:51:15","guid":{"rendered":"https:\/\/www.europesays.com\/fr\/411419\/"},"modified":"2025-09-23T07:51:15","modified_gmt":"2025-09-23T07:51:15","slug":"a-lyon-jean-michel-aulas-recoit-le-soutien-de-gabriel-attal-en-plus-de-celui-de-laurent-wauquiez","status":"publish","type":"post","link":"https:\/\/www.europesays.com\/fr\/411419\/","title":{"rendered":"\u00e0 Lyon, Jean-Michel Aulas re\u00e7oit le soutien de Gabriel Attal (en plus de celui de Laurent Wauquiez)"},"content":{"rendered":"<p>        <img decoding=\"async\" loading=\"lazy\" src=\"https:\/\/www.europesays.com\/fr\/wp-content\/uploads\/2025\/09\/c5fe008_upload-1-jxaitppjzc1n-afp-20250713-66n97g2-v1-highres-fblwomeneuro2025match23nedfra.jpg\"  width=\"728\" height=\"409\" alt=\"Jean-Michel Aulas en juillet 2025.\"\/>  <\/p>\n<p>MIGUEL MEDINA \/ AFP<\/p>\n<p>Jean-Michel Aulas en juillet 2025.<\/p>\n<p class=\"asset asset-text\">POLITIQUE &#8211; Apr\u00e8s deux crochets \u00e0 droite, <a href=\"https:\/\/www.huffingtonpost.fr\/politique\/article\/a-lyon-jean-michel-aulas-quasi-candidat-aux-municipales-est-assure-d-avoir-un-adversaire-en-moins_254422.html\" target=\"_blank\" rel=\"noopener\">Jean-Michel Aulas<\/a> marquera-t-il le but pleine lucarne en mars\u00a02026\u00a0? L\u2019ancien dirigeant sportif, connu pour avoir pr\u00e9sid\u00e9 l\u2019Olympique lyonnais pendant pr\u00e8s de quarante ans, ambitionne de d\u00e9loger l\u2019\u00e9cologiste <a href=\"https:\/\/www.huffingtonpost.fr\/politique\/article\/gregory-doucet-maire-de-lyon-menace-dans-des-tags-sur-un-futur-centre-d-accueil-pour-mineurs-etrangers_244760.html\" target=\"_blank\" rel=\"noopener\">Gr\u00e9gory Doucet<\/a> de la mairie de Lyon. Un objectif \u00e9tonnant pour celui qui, jusque tr\u00e8s r\u00e9cemment, n\u2019avait jamais manifest\u00e9 d\u2019int\u00e9r\u00eat pour la politique.<\/p>\n<p class=\"asset asset-text\">Mais \u00e0 mesure que ses ambitions se pr\u00e9cisent, il re\u00e7oit l\u2019appui de grands partis. Dernier en date, Renaissance et son pr\u00e9sident <a href=\"https:\/\/www.huffingtonpost.fr\/politique\/article\/ces-signes-qui-montrent-que-l-echappee-de-gabriel-attal-crispe-au-sein-meme-de-renaissance_255112.html\" target=\"_blank\" rel=\"noopener\" title=\"Nouvelle fen\u00eatre\">Gabriel Attal<\/a> qui l\u2019ont adoub\u00e9 dans la soir\u00e9e du 22\u00a0septembre. \u00ab\u00a0Fid\u00e8les \u00e0 notre m\u00e9thode de rassemblement, fid\u00e8les \u00e0 nos valeurs et \u00e0 nos priorit\u00e9s pour l\u2019\u00e9cologie, la s\u00e9curit\u00e9, l\u2019\u00e9ducation et le d\u00e9veloppement \u00e9conomique, nous avons d\u00e9cid\u00e9 de rejoindre la dynamique de rassemblement initi\u00e9e par Jean-Michel Aulas\u00a0\u00bb, a \u00e9crit <a href=\"https:\/\/x.com\/GabrielAttal\/status\/1970195214254875008\" target=\"_blank\" rel=\"noopener\" title=\"Nouvelle fen\u00eatre\">l\u2019ancien Premier ministre sur X<\/a>.<\/p>\n<p class=\"asset asset-text\">\u00c0 en croire Gabriel Attal, l\u2019homme d\u2019affaires dont la fortune est estim\u00e9e \u00e0 450\u00a0millions d\u2019euros se tiendrait \u00ab\u00a0loin des querelles partisanes\u00a0\u00bb et porterait \u00ab\u00a0une d\u00e9marche d\u2019apaisement pour les Lyonnais\u00a0\u00bb. \u00ab\u00a0Il a, nous en sommes s\u00fbrs, toutes les qualit\u00e9s pour \u00eatre un grand maire de Lyon\u00a0\u00bb, ajoute-t-il. Les deux hommes s\u2019\u00e9taient rencontr\u00e9s \u00e0 Paris en mars.<\/p>\n<p class=\"asset asset-text\">Les troupes d\u2019Emmanuel Macron commen\u00e7aient alors \u00e0 pr\u00e9parer le terrain, \u00e0 mesure que la rumeur Aulas enflait. \u00ab\u00a0Pour Lyon, nous sommes pr\u00eats \u00e0 nous rassembler derri\u00e8re une t\u00eate de liste qui n\u2019a pas forc\u00e9ment la m\u00eame couleur politique que nous mais avec qui nous pouvons travailler ou quelqu\u2019un de la soci\u00e9t\u00e9 civile\u00a0\u00bb, avait d\u00e9clar\u00e9 le secr\u00e9taire g\u00e9n\u00e9ral d\u00e9l\u00e9gu\u00e9 de\u00a0Renaissance Franck Riester.<\/p>\n<p class=\"asset asset-text\">Le parti pr\u00e9sidentiel n\u2019est pas le premier \u00e0 soutenir Jean-Michel Aulas, 76\u00a0ans. Il a aussi \u00e9t\u00e9 appuy\u00e9 par <a href=\"https:\/\/www.huffingtonpost.fr\/politique\/article\/a-l-assemblee-nationale-les-republicains-votent-plus-avec-le-rn-qu-avec-le-socle-commun_252154.html\" target=\"_blank\" rel=\"noopener\">le patron des d\u00e9put\u00e9s LR Laurent Wauquiez<\/a>, baron de la droite dans la r\u00e9gion. Ce soutien s\u2019est mat\u00e9rialis\u00e9 par le retrait du maire LR du 2e arrondissement de Lyon, Pierre Oliver. Les R\u00e9publicains doivent encore formellement accorder \u00e0 Jean-Michel Aulas l\u2019investiture officielle du parti lors d\u2019une r\u00e9union de la commission nationale d\u2019investiture qui se tiendra \u00e0 Paris ce 23\u00a0septembre. Il reste plusieurs points \u00e0 trancher, dont le cas de la m\u00e9tropole de Lyon et de plusieurs communes voisines.<\/p>\n<p class=\"asset asset-text\">S\u2019il dit porter une candidature \u00ab\u00a0sans \u00e9tiquette\u00a0\u00bb, l\u2019ex-patron de l\u2019OL est pourtant bien marqu\u00e9 \u00e0 droite. Outre LR et Renaissance, il repr\u00e9sentera aussi l\u2019UDI et Horizons, le parti d\u2019\u00c9douard Philippe. Sa campagne doit \u00eatre lanc\u00e9e en fin de semaine, avec une premi\u00e8re r\u00e9union publique. En juillet, un sondage Harris Interactive a plac\u00e9 Jean-Michel Aulas en t\u00eate du premier tour des municipales (34\u00a0%), loin devant le maire sortant Gr\u00e9gory Doucet (26\u00a0%) et la candidate de La France insoumise Ana\u00efs Belouassa-Cherifi (10\u00a0%).<\/p>\n","protected":false},"excerpt":{"rendered":"MIGUEL MEDINA \/ AFP Jean-Michel Aulas en juillet 2025. POLITIQUE &#8211; Apr\u00e8s deux crochets \u00e0 droite, Jean-Michel Aulas&hellip;\n","protected":false},"author":2,"featured_media":411420,"comment_status":"","ping_status":"","sticky":false,"template":"","format":"standard","meta":{"footnotes":""},"categories":[1889],"tags":[1111,11,2430,1777,674,1011,27,5227,6319,2428,3434,12,316,3370,25],"class_list":{"0":"post-411419","1":"post","2":"type-post","3":"status-publish","4":"format-standard","5":"has-post-thumbnail","7":"category-lyon","8":"tag-actu","9":"tag-actualites","10":"tag-auvergne-rhone-alpes","11":"tag-eu","12":"tag-europe","13":"tag-fr","14":"tag-france","15":"tag-jean-michel-aulas","16":"tag-les-republicains","17":"tag-lyon","18":"tag-municipales-2026","19":"tag-news","20":"tag-politique","21":"tag-renaissance","22":"tag-republique-francaise"},"share_on_mastodon":{"url":"https:\/\/pubeurope.com\/@fr\/115252526437918928","error":""},"_links":{"self":[{"href":"https:\/\/www.europesays.com\/fr\/wp-json\/wp\/v2\/posts\/411419","targetHints":{"allow":["GET"]}}],"collection":[{"href":"https:\/\/www.europesays.com\/fr\/wp-json\/wp\/v2\/posts"}],"about":[{"href":"https:\/\/www.europesays.com\/fr\/wp-json\/wp\/v2\/types\/post"}],"author":[{"embeddable":true,"href":"https:\/\/www.europesays.com\/fr\/wp-json\/wp\/v2\/users\/2"}],"replies":[{"embeddable":true,"href":"https:\/\/www.europesays.com\/fr\/wp-json\/wp\/v2\/comments?post=411419"}],"version-history":[{"count":0,"href":"https:\/\/www.europesays.com\/fr\/wp-json\/wp\/v2\/posts\/411419\/revisions"}],"wp:featuredmedia":[{"embeddable":true,"href":"https:\/\/www.europesays.com\/fr\/wp-json\/wp\/v2\/media\/411420"}],"wp:attachment":[{"href":"https:\/\/www.europesays.com\/fr\/wp-json\/wp\/v2\/media?parent=411419"}],"wp:term":[{"taxonomy":"category","embeddable":true,"href":"https:\/\/www.europesays.com\/fr\/wp-json\/wp\/v2\/categories?post=411419"},{"taxonomy":"post_tag","embeddable":true,"href":"https:\/\/www.europesays.com\/fr\/wp-json\/wp\/v2\/tags?post=411419"}],"curies":[{"name":"wp","href":"https:\/\/api.w.org\/{rel}","templated":true}]}}