{"id":411421,"date":"2025-09-23T07:52:13","date_gmt":"2025-09-23T07:52:13","guid":{"rendered":"https:\/\/www.europesays.com\/fr\/411421\/"},"modified":"2025-09-23T07:52:13","modified_gmt":"2025-09-23T07:52:13","slug":"plus-de-500-km-de-bouchons-en-ile-de-france-matinee-tres-compliquee-sur-les-routes-franciliennes","status":"publish","type":"post","link":"https:\/\/www.europesays.com\/fr\/411421\/","title":{"rendered":"Plus de 500\u00a0km de bouchons en \u00cele-de-France\u00a0: matin\u00e9e tr\u00e8s compliqu\u00e9e sur les routes franciliennes"},"content":{"rendered":"<p class=\"paragraph text_align_left lp-f-body-02\">Le graphique parle de lui-m\u00eame. Une ligne noire, qui d\u00e9passe tous les niveaux. Le \u00ab faible \u00bb, l\u2019\u00ab habituel \u00bb, l\u2019\u00ab inhabituel \u00bb et m\u00eame l\u2019\u00ab exceptionnel \u00bb. Sur le site Internet de Sytadin, qui analyse en temps r\u00e9el la circulation <a href=\"https:\/\/www.leparisien.fr\/info-paris-ile-de-france-oise\/\" target=\"_self\" rel=\"nofollow noopener\">en \u00cele-de-France<\/a>, son barom\u00e8tre voit plus que rouge ce mardi. Avant 9 heures du matin, les bouchons cumul\u00e9s ont d\u00e9pass\u00e9 les 500 km.<\/p>\n<p class=\"paragraph text_align_left lp-f-body-02\">Un niveau exceptionnel qui peut s\u2019expliquer par une \u00ab circulation difficile \u00bb sur la nationale 19 entre Brie-Comte-Robert <a href=\"https:\/\/www.leparisien.fr\/seine-et-marne-77\/\" target=\"_self\" rel=\"nofollow noopener\">(Seine-et-Marne)<\/a> et Bonneuil-sur-Marne <a href=\"https:\/\/www.leparisien.fr\/val-de-marne-94\/\" target=\"_self\" rel=\"nofollow noopener\">(Val-de-Marne)<\/a>. Sur les dix kilom\u00e8tres qui s\u00e9parent les deux communes, la circulation se fait en une heure, soit le double de la dur\u00e9e habituelle du trajet.<\/p>\n<p><img decoding=\"async\" class=\"image \" loading=\"lazy\" src=\"https:\/\/www.europesays.com\/fr\/wp-content\/uploads\/2025\/09\/IFFEKFKGUZH4NOGKD7NVEPSWKE.jpg\" alt=\"500 km ont \u00e9t\u00e9 relev\u00e9s autour de 9 heures du matin. Sytadin\" align=\"\" data-rubrique-principale=\"\" data-article-type=\"\" fetchpriority=\"auto\"\/>500 km ont \u00e9t\u00e9 relev\u00e9s autour de 9 heures du matin. Sytadin<\/p>\n<p class=\"paragraph text_align_left lp-f-body-02\">D\u2019apr\u00e8s les donn\u00e9es de Google Maps, la circulation sur le p\u00e9riph\u00e9rique ne souffre pas de bouchons exceptionnels mais de gros ralentissements sont \u00e0 noter au sud de la capitale, notamment sur l\u2019A86 o\u00f9 un accident a eu lieu du c\u00f4t\u00e9 de Choisy-le-Roi (Val-de-Marne). D\u2019autres accidents ont eu lieu, sur l\u2019A104 ext\u00e9rieur au niveau de Lagny-sur-Marne (Seine-et-Marne) ou encore sur l\u2019A6 vers \u00c9vry <a href=\"https:\/\/www.leparisien.fr\/essonne-91\/\" target=\"_self\" rel=\"nofollow noopener\">(Essonne)<\/a>, o\u00f9 seule une voie sur trois est ouverte.<\/p>\n<p>Le cumul diminue mais reste tr\u00e8s \u00e9lev\u00e9<\/p>\n<p class=\"paragraph text_align_left lp-f-body-02\">Ailleurs, la circulation est tr\u00e8s ralentie entre Rungis et Paris, ou encore sur l\u2019A3 entre Noisy-le-Sec (Seine-Saint-Denis) et la porte de Bagnolet, \u00e0 cause d\u2019une voiture en panne, obligeant la fermeture de la bande d\u2019arr\u00eat d\u2019urgence. Ajoutez \u00e0 tous ces incidents la pluie qui ne cesse de tomber sur la r\u00e9gion ce matin.<\/p>\n<p class=\"paragraph text_align_left lp-f-body-02\">\u00c0 9h15, le cumul des bouchons a commenc\u00e9 \u00e0 diminuer, atteignant les 468 km. Mais la circulation reste tr\u00e8s embouteill\u00e9e, et ce aux quatre coins de la r\u00e9gion.<\/p>\n","protected":false},"excerpt":{"rendered":"Le graphique parle de lui-m\u00eame. Une ligne noire, qui d\u00e9passe tous les niveaux. Le \u00ab faible \u00bb, l\u2019\u00ab&hellip;\n","protected":false},"author":2,"featured_media":68461,"comment_status":"","ping_status":"","sticky":false,"template":"","format":"standard","meta":{"footnotes":""},"categories":[1592],"tags":[1111,11,1777,674,1011,27,662,1944,12,626,25],"class_list":{"0":"post-411421","1":"post","2":"type-post","3":"status-publish","4":"format-standard","5":"has-post-thumbnail","7":"category-ile-de-france","8":"tag-actu","9":"tag-actualites","10":"tag-eu","11":"tag-europe","12":"tag-fr","13":"tag-france","14":"tag-ile-de-france","15":"tag-ma-ville","16":"tag-news","17":"tag-paris","18":"tag-republique-francaise"},"share_on_mastodon":{"url":"https:\/\/pubeurope.com\/@fr\/115252530091194556","error":""},"_links":{"self":[{"href":"https:\/\/www.europesays.com\/fr\/wp-json\/wp\/v2\/posts\/411421","targetHints":{"allow":["GET"]}}],"collection":[{"href":"https:\/\/www.europesays.com\/fr\/wp-json\/wp\/v2\/posts"}],"about":[{"href":"https:\/\/www.europesays.com\/fr\/wp-json\/wp\/v2\/types\/post"}],"author":[{"embeddable":true,"href":"https:\/\/www.europesays.com\/fr\/wp-json\/wp\/v2\/users\/2"}],"replies":[{"embeddable":true,"href":"https:\/\/www.europesays.com\/fr\/wp-json\/wp\/v2\/comments?post=411421"}],"version-history":[{"count":0,"href":"https:\/\/www.europesays.com\/fr\/wp-json\/wp\/v2\/posts\/411421\/revisions"}],"wp:featuredmedia":[{"embeddable":true,"href":"https:\/\/www.europesays.com\/fr\/wp-json\/wp\/v2\/media\/68461"}],"wp:attachment":[{"href":"https:\/\/www.europesays.com\/fr\/wp-json\/wp\/v2\/media?parent=411421"}],"wp:term":[{"taxonomy":"category","embeddable":true,"href":"https:\/\/www.europesays.com\/fr\/wp-json\/wp\/v2\/categories?post=411421"},{"taxonomy":"post_tag","embeddable":true,"href":"https:\/\/www.europesays.com\/fr\/wp-json\/wp\/v2\/tags?post=411421"}],"curies":[{"name":"wp","href":"https:\/\/api.w.org\/{rel}","templated":true}]}}