{"id":411422,"date":"2025-09-23T07:53:37","date_gmt":"2025-09-23T07:53:37","guid":{"rendered":"https:\/\/www.europesays.com\/fr\/411422\/"},"modified":"2025-09-23T07:53:37","modified_gmt":"2025-09-23T07:53:37","slug":"ile-de-france-charenton-le-pont-et-les-lilas-meilleurs-eleves-du-barometre-velo-2025","status":"publish","type":"post","link":"https:\/\/www.europesays.com\/fr\/411422\/","title":{"rendered":"Ile-de-France : Charenton-le-Pont et Les Lilas, meilleurs \u00e9l\u00e8ves du barom\u00e8tre v\u00e9lo 2025"},"content":{"rendered":"\n<p>\u201cLe message pour les candidat\u00b7es aux municipales est clair : il reste beaucoup \u00e0 faire, mais quand les politiques v\u00e9los sont ambitieuses et se concr\u00e9tisent sur le terrain, cela porte ses fruits !\u201c, r\u00e9sume le compte rendu du barom\u00e8tre v\u00e9lo 2025 par le collectif V\u00e9lo Ile-de-France. En effet, par rapport \u00e0 la pr\u00e9c\u00e9dente enqu\u00eate (2021), les r\u00e9pondants (un peu plus de 66 000, en hausse de 19%) reconnaissent une am\u00e9lioration globale des conditions de circulation \u00e0 v\u00e9lo.<\/p>\n<p>Voir les notes du <a href=\"https:\/\/www.barometre-velo.fr\/2025\/documents\/Ile-de-France.pdf\" target=\"_blank\" rel=\"noopener\">Barom\u00e8tre 2020 <\/a>des communes en Ile-de-France<\/p>\n<p><a href=\"https:\/\/94.citoyens.com\/wp-content\/blogs.dir\/2\/files\/2025\/09\/notes-sur-les-4-editions-pour-lile-de-france.png\" target=\"_blank\" rel=\"noopener\">\u00a9 FUB<img fetchpriority=\"high\" decoding=\"async\" width=\"1024\" height=\"459\" src=\"https:\/\/www.europesays.com\/fr\/wp-content\/uploads\/2025\/09\/notes-sur-les-4-editions-pour-lile-de-france-1024x459.png\" alt=\"\" class=\"wp-image-354245\"  \/><\/a>Notes sur les 4 e\u0301ditions pour l\u2019Ile-de-France.Des progr\u00e8s, mais la s\u00e9curit\u00e9 reste un sujet d\u2019insatisfaction<\/p>\n<p>Pour autant, la r\u00e9gion n\u2019obtient en moyenne que la note E. En cause, les mauvais r\u00e9sultats de l\u2019\u00e9valuation sur la \u201cs\u00e9curit\u00e9\u201d (2,94, plus basse qu\u2019en 2019) et le \u201cressenti g\u00e9n\u00e9ral\u201d (en progr\u00e8s \u00e0 3,14, en de\u00e7\u00e0 de la note nationale de 3,25). Deux sujets que le collectif V\u00e9lo Ile-de-France estime \u201cd\u00e9terminants pour attirer de nouvelles personnes vers la pratique du v\u00e9lo\u201d souligne le collectif. Les notes concernant le \u201cconfort\u201d, \u201cl\u2019effort de la commune\u201d et les \u201cservices et stationnement\u201d stagnent, le score global pour l\u2019ensemble de la r\u00e9gion s\u2019\u00e9tablissant \u00e0 2,96. \u00c0 noter que les Hauts-de-Seine sont le territoire \u201cle plus cyclable de la petite couronne\u201c. Lieusaint (Seine-et-Marne), qui compte moins de 20\u00a0000 habitants, est, pour sa part, la commune francilienne la mieux not\u00e9e (4,49).<\/p>\n<p>Lire : <a href=\"https:\/\/drive.google.com\/file\/d\/1g7Zk11v_ET7RO9lfNKJoOGw92xkExgo_\/view\" target=\"_blank\" rel=\"noopener\">L\u2019analyse du Barom\u00e8tre 2025 par le Collectif V\u00e9lo Ile-de-France<\/a><\/p>\n<p><a href=\"https:\/\/94.citoyens.com\/wp-content\/blogs.dir\/2\/files\/2025\/09\/carte-du-barometre-du-velo-2025.png\" target=\"_blank\" rel=\"noopener\">\u00a9 FUB<img loading=\"lazy\" decoding=\"async\" width=\"1024\" height=\"715\" src=\"https:\/\/www.europesays.com\/fr\/wp-content\/uploads\/2025\/09\/carte-du-barometre-du-velo-2025-1024x715.png\" alt=\"\" class=\"wp-image-354247\"  \/><\/a>Carte du barome\u0300tre du ve\u0301lo 2025L\u2019am\u00e9nagement des grands axes explique les meilleures notes<\/p>\n<p>Alors que Paris entre dans la cat\u00e9gorie C, \u201cplut\u00f4t favorable\u201d \u00e0 la pratique du v\u00e9lo, le barom\u00e8tre distingue deux villes en particulier. D\u2019une part, Charenton-le-Pont dans le Val-de-Marne se classe premi\u00e8re commune cyclable de la M\u00e9tropole du Grand Paris et la plus s\u00fbre par les r\u00e9pondants gr\u00e2ce \u00e0 \u201cune politique municipale volontariste, qui a permis d\u2019\u00e9quiper tous les grands axes de la commune de pistes cyclables s\u00e9curis\u00e9es et de la connecter \u00e0 Paris d\u2019un c\u00f4t\u00e9, et au reste du Val-de-Marne de l\u2019autre\u201c. D\u2019autre part, Les Lilas, en Seine-Saint-Denis, signe quant \u00e0 elle, la meilleure progression parmi les villes de plus de 20 000 habitants en passant de la cat\u00e9gorie F \u00e0 C. \u201cLes deux rues principales de la ville sont pass\u00e9es \u00e0 sens unique pour les voitures, permettant la r\u00e9alisation de pistes cyclables s\u00e9curis\u00e9es\u201c, explique le barom\u00e8tre. Dans les deux cas, les communes ont mis en place des pistes cyclables continues et s\u00e9curis\u00e9s sur les axes les plus fr\u00e9quent\u00e9s, pris des initiatives compl\u00e9mentaires aux am\u00e9nagements sur route ou d\u00e9ploy\u00e9 une communication positive sur le v\u00e9lo, rel\u00e8ve le collectif V\u00e9lo Ile-de-France.<\/p>\n<p>Dans le Val-de-Marne, les communes du sud et les ponts encore peu propices au v\u00e9lo<\/p>\n<p>\u00c0 l\u2019\u00e9chelle d\u00e9partementale, le barom\u00e8tre conclut \u00e0 un bilan contrast\u00e9 en Val-de-Marne. En dehors de la progression de Charenton-le-Pont, Bonneuil-sur-Marne est la seule ville de petite couronne qui obtient la note B. \u00c0 noter que Marolles-en-Brie arrive en troisi\u00e8me position du palmar\u00e8s en Val-de-Marne gr\u00e2ce \u00e0 l\u2019organisation conjointe ville-association d\u2019une v\u00e9lo-\u00e9cole et du savoir rouler \u00e0 v\u00e9lo dans les \u00e9coles \u00e9l\u00e9mentaires. Les usagers saluent aussi les efforts des villes de Rungis (+24%), gr\u00e2ce \u00e0 la mise en place d\u2019un plan v\u00e9lo, et de Chevilly-Larue (+32%). \u00c0 Fontenay-sous-Bois et Nogent-sur-Marne, le Barom\u00e8tre v\u00e9lo 2025 rel\u00e8ve, selon le Collectif V\u00e9lo Ile-de-France \u201cl\u2019explosion spectaculaire du nombre de r\u00e9ponses\u201c, mais sans r\u00e9alisations sur les principaux axes de la ville et sur les carrefours les plus probl\u00e9matiques comme la place du g\u00e9n\u00e9ral Leclerc \u00e0 Nogent. Les ponts figurent du reste parmi les points critiques dans le Val-de-Marne, notamment ceux de Charenton, du Port \u00e0 l\u2019Anglais et de Joinville qui font pourtant partie int\u00e9grante du r\u00e9seau V\u00e9lo \u00cele-de-France port\u00e9 depuis 2020 par la r\u00e9gion, note le Collectif V\u00e9lo Ile-de-France qui l\u2019a initi\u00e9. Le collectif estime aussi aussi que le sud du Val-de-Marne reste encore globalement peu favorable au v\u00e9lo. Pour poursuivre le changement d\u2019\u00e9chelle, le conseil d\u00e9partemental pr\u00e9voit de compl\u00e9ter les 340 km de r\u00e9seau cyclable actuels par 106 km d\u2019am\u00e9nagements cyclables suppl\u00e9mentaires \u00e0 l\u2019horizon 2030, avec une attention particuli\u00e8re pour la r\u00e9sorption de six coupures urbaines (pont, rond-point, route\u2026 difficiles \u00e0 franchir \u00e0 v\u00e9lo et \u00e0 pied).<\/p>\n<p>Lire : <a href=\"https:\/\/94.citoyens.com\/2024\/ou-en-sont-les-pistes-cyclables-en-val-de-marne-feux-verts-points-noirs-nouveaux-projets,20-11-2024.html\" target=\"_blank\" rel=\"noopener\">O\u00f9 en sont les pistes cyclables en Val-de-Marne\u00a0? Feux verts, points noirs, nouveaux projets<\/a><\/p>\n<p>En Seine-Saint-Denis, un r\u00e9seau encore d\u00e9s\u00e9quilibr\u00e9<\/p>\n<p>Si la Seine-Saint-Denis reste le d\u00e9partement qui compte le plus de communes mal not\u00e9es, les progr\u00e8s sont bien concrets. Les villes r\u00e9put\u00e9es offrir un climat \u201ctr\u00e8s d\u00e9favorable\u201d \u00e0 la pratique du v\u00e9lo sont ainsi pass\u00e9es de 11 \u00e0 3. Le d\u00e9partement a b\u00e9n\u00e9fici\u00e9 \u00e0 plein de \u201cl\u2019effet JO Paris 2024\u201d avec l\u2019acc\u00e9l\u00e9ration de la mise en place d\u2019am\u00e9nagements comme sur la RD986 \u00e0 La Courneuve et Bobigny, la RD932 au Bourget, la RD 37 \u00e0 Montreuil ou le long de la Seine \u00e0 L\u2019\u00cele-Saint-Denis. Le d\u00e9partement rappelle du reste que 2024 a constitu\u00e9 une \u201cann\u00e9e record\u201d\u00a0avec 24,5 km de pistes cr\u00e9\u00e9es dont 18 km \u201cd\u2019olympistes\u201d pour relier les sites de comp\u00e9tition. \u00c0 plus long terme, la \u201cstrat\u00e9gie 100% cyclable\u201d qu\u2019elle a lanc\u00e9 depuis 2019, avec un budget de 150 millions d\u2019euros, a permis de r\u00e9aliser 177 km de voirie am\u00e9nag\u00e9e, soit plus de la moiti\u00e9 des routes sous sa comp\u00e9tence. Par ailleurs, 160 millions d\u2019euros d\u2019investissements pr\u00e9visionnels sont pr\u00e9vus ou \u00e0 l\u2019\u00e9tude pour la p\u00e9riode 2025-2030 sous r\u00e9serve de l\u2019accord des communes.<\/p>\n<p>Pour autant \u00e0 Saint-Ouen, par exemple, o\u00f9 la note est pass\u00e9 de F \u00e0 E en quatre ans, certains axes restent difficiles pour les cyclistes comme l\u2019avenue Gabriel P\u00e9ri. Aux Lilas, une partie de la rue de Paris reste sans am\u00e9nagement. Montreuil recule quant \u00e0 elle dans le classement, signe pour le Collectif V\u00e9lo Ile-de-France que \u201cles cyclistes sont des usager\u00b7\u00e8res exigeant\u00b7es qui ont bien remarqu\u00e9 le ralentissement des r\u00e9alisations dans la ville et la d\u00e9gradation de l\u2019\u00e9tat de plusieurs coronapistes.\u201d Enfin, au sud et \u00e0 l\u2019est du d\u00e9partement, des villes importantes comme Noisy-le-Grand (not\u00e9 F), Rosny-sous-Bois (F) ou Gagny (G) \u201cpayent leur politique v\u00e9lo trop timide ou inexistante.\u201d<\/p>\n<p>Lire : <a href=\"https:\/\/94.citoyens.com\/2024\/a-saint-ouen-le-passage-a-30km-heure-ne-suffit-pas-a-rassurer-les-cyclistes,18-12-2024.html\" target=\"_blank\" rel=\"noreferrer noopener\">\u00c0 Saint-Ouen, le passage \u00e0 30km\/heure ne suffit pas \u00e0 rassurer les cyclistes<\/a><\/p>\n<p>Lire aussi :<\/p><\/p>\n","protected":false},"excerpt":{"rendered":"\u201cLe message pour les candidat\u00b7es aux municipales est clair : il reste beaucoup \u00e0 faire, mais quand les&hellip;\n","protected":false},"author":2,"featured_media":411423,"comment_status":"","ping_status":"","sticky":false,"template":"","format":"standard","meta":{"footnotes":""},"categories":[1592],"tags":[1111,11,54251,14771,12644,24393,54252,14774,1777,674,54253,1011,27,54237,662,54254,54255,54256,54257,54258,5672,12,20414,626,25,1945],"class_list":{"0":"post-411422","1":"post","2":"type-post","3":"status-publish","4":"format-standard","5":"has-post-thumbnail","7":"category-ile-de-france","8":"tag-actu","9":"tag-actualites","10":"tag-barometre-velo-2025","11":"tag-charenton-le-pont","12":"tag-chevilly-larue","13":"tag-collectif-velo-ile-de-france","14":"tag-effet-jo-paris-2024","15":"tag-est-parisien-2","16":"tag-eu","17":"tag-europe","18":"tag-federation-des-usageres-et-des-usagers-de-la-bicyclette","19":"tag-fr","20":"tag-france","21":"tag-fub","22":"tag-ile-de-france","23":"tag-joinville","24":"tag-lile-saint-denis","25":"tag-les-lilas","26":"tag-lieusaint","27":"tag-marolles","28":"tag-montreuil","29":"tag-news","30":"tag-noisy-le-grand","31":"tag-paris","32":"tag-republique-francaise","33":"tag-seine-saint-denis"},"share_on_mastodon":{"url":"https:\/\/pubeurope.com\/@fr\/115252534196619960","error":""},"_links":{"self":[{"href":"https:\/\/www.europesays.com\/fr\/wp-json\/wp\/v2\/posts\/411422","targetHints":{"allow":["GET"]}}],"collection":[{"href":"https:\/\/www.europesays.com\/fr\/wp-json\/wp\/v2\/posts"}],"about":[{"href":"https:\/\/www.europesays.com\/fr\/wp-json\/wp\/v2\/types\/post"}],"author":[{"embeddable":true,"href":"https:\/\/www.europesays.com\/fr\/wp-json\/wp\/v2\/users\/2"}],"replies":[{"embeddable":true,"href":"https:\/\/www.europesays.com\/fr\/wp-json\/wp\/v2\/comments?post=411422"}],"version-history":[{"count":0,"href":"https:\/\/www.europesays.com\/fr\/wp-json\/wp\/v2\/posts\/411422\/revisions"}],"wp:featuredmedia":[{"embeddable":true,"href":"https:\/\/www.europesays.com\/fr\/wp-json\/wp\/v2\/media\/411423"}],"wp:attachment":[{"href":"https:\/\/www.europesays.com\/fr\/wp-json\/wp\/v2\/media?parent=411422"}],"wp:term":[{"taxonomy":"category","embeddable":true,"href":"https:\/\/www.europesays.com\/fr\/wp-json\/wp\/v2\/categories?post=411422"},{"taxonomy":"post_tag","embeddable":true,"href":"https:\/\/www.europesays.com\/fr\/wp-json\/wp\/v2\/tags?post=411422"}],"curies":[{"name":"wp","href":"https:\/\/api.w.org\/{rel}","templated":true}]}}