{"id":411429,"date":"2025-09-23T07:57:10","date_gmt":"2025-09-23T07:57:10","guid":{"rendered":"https:\/\/www.europesays.com\/fr\/411429\/"},"modified":"2025-09-23T07:57:10","modified_gmt":"2025-09-23T07:57:10","slug":"cette-petite-ville-francaise-possede-le-plus-de-monuments-historiques","status":"publish","type":"post","link":"https:\/\/www.europesays.com\/fr\/411429\/","title":{"rendered":"cette petite ville fran\u00e7aise poss\u00e8de le plus de monuments historiques"},"content":{"rendered":"<p class=\"mb-4 text-lg md:leading-8 break-words\">Si Paris est mondialement connue pour ses monuments historiques \u00e0 foison (les Jeux Olympiques l\u2019ont d\u2019ailleurs tr\u00e8s bien illustr\u00e9), une petite ville fran\u00e7aise lui m\u00e8ne une rude concurrence en mati\u00e8re de densit\u00e9 de patrimoine. En effet, la capitale ne d\u00e9tient pas le titre de la ville avec la plus forte densit\u00e9 de monuments historiques par habitant en France, ni m\u00eame une autre grande ville telle que Lyon, Bordeaux ou Toulouse comme on pourrait se l\u2019imaginer. Contre toute attente, c\u2019est la petite pr\u00e9fecture d\u2019Arras, situ\u00e9e dans le Pas-de-Calais, qui d\u00e9croche cette distinction. Comme le rapporte Ouest France, avec 227 monuments prot\u00e9g\u00e9s pour 41 000 habitants, Arras s\u2019impose comme une cit\u00e9 au patrimoine historique exceptionnellement riche. On y admire un maximum de monuments historiques en un minium de temps.<\/p>\n<p>Arras, ville d&rsquo;histoire<\/p>\n<p class=\"mb-4 text-lg md:leading-8 break-words\">Cette grande densit\u00e9 de monuments historiques, Arras la doit principalement \u00e0 ses deux r\u00e9side places embl\u00e9matiques : la Place des H\u00e9ros et la Grand\u2019Place. Ensemble, elles comptent pas moins de<strong> 155 fa\u00e7ades class\u00e9es individuellement aux monuments historiques<\/strong>, explique <strong>Xavier Muylaert,<\/strong> \u00e9lu charg\u00e9 du Patrimoine \u00e0 nos confr\u00e8res. \u00ab\u00a0Tout de suite, \u00e7a fait augmenter la moyenne !\u00a0\u00bb, conc\u00e8de-t-il. Ces fameuses fa\u00e7ades sont toutes compos\u00e9es de briques et de pierre. Elles sont un parfait exemple d\u2019architecture baroque flamande, caract\u00e9ris\u00e9e par leurs colonnes et leur alignement soign\u00e9. Cette sp\u00e9cificit\u00e9 architecturale (&#8230;)<\/p>\n<p class=\"mb-4 text-lg md:leading-8 break-words\"><a href=\"https:\/\/www.grazia.fr\/lifestyle\/paris-en-est-jalouse-cette-petite-ville-francaise-possede-le-plus-de-monuments-historiques-1106463.html?utm_campaign=partenariat&amp;utm_source=yahoo-articles&amp;utm_medium=flux\" rel=\"nofollow noopener\" target=\"_blank\" data-ylk=\"slk:Lire la suite sur Grazia;elm:context_link;itc:0;sec:content-canvas\" class=\"link \">Lire la suite sur Grazia<\/a><\/p>\n<p class=\"mb-4 text-lg md:leading-8 break-words\"><a href=\"https:\/\/www.grazia.fr\/mode\/tendances-mode\/je-fais-moins-d1m60-et-voici-la-veste-tendance-qui-va-flatter-ma-morphologie-tout-lautomne-1187889.html?utm_campaign=partenariat&amp;utm_source=yahoo-articles&amp;utm_medium=flux\" rel=\"nofollow noopener\" target=\"_blank\" data-ylk=\"slk:\u00ab Je fais moins d&#039;1m60 et voici la veste tendance qui va flatter ma morphologie tout l&#039;automne \u00bb;elm:context_link;itc:0;sec:content-canvas\" class=\"link \">\u00ab Je fais moins d&rsquo;1m60 et voici la veste tendance qui va flatter ma morphologie tout l&rsquo;automne \u00bb<\/a><br \/><a href=\"https:\/\/www.grazia.fr\/beaute\/forme-minceur\/si-vous-avez-des-migraines-voici-la-boisson-qui-peut-soulager-instantanement-vos-maux-selon-le-dr-jimmy-mohamed-1188305.html?utm_campaign=partenariat&amp;utm_source=yahoo-articles&amp;utm_medium=flux\" rel=\"nofollow noopener\" target=\"_blank\" data-ylk=\"slk:Si vous avez des migraines, voici la boisson qui peut soulager instantan\u00e9ment vos maux, selon le Dr Jimmy Mohamed;elm:context_link;itc:0;sec:content-canvas\" class=\"link \">Si vous avez des migraines, voici la boisson qui peut soulager instantan\u00e9ment vos maux, selon le Dr Jimmy Mohamed<\/a><br \/><a href=\"https:\/\/www.grazia.fr\/people\/florent-pagny-decouvrez-sa-ferme-bourguignonne-de-1080-avec-ses-douves-et-son-pont-levis-1188014.html?utm_campaign=partenariat&amp;utm_source=yahoo-articles&amp;utm_medium=flux\" rel=\"nofollow noopener\" target=\"_blank\" data-ylk=\"slk:Florent Pagny : d\u00e9couvrez sa ferme bourguignonne de 1080 avec ses douves et son pont-levis;elm:context_link;itc:0;sec:content-canvas\" class=\"link \">Florent Pagny : d\u00e9couvrez sa ferme bourguignonne de 1080 avec ses douves et son pont-levis<\/a><br \/><a href=\"https:\/\/www.grazia.fr\/people\/difficile-de-sortir-de-chez-moi-ousmane-dembele-ballon-dor-2025-se-confie-sur-sa-somptueuse-maison-1188304.html?utm_campaign=partenariat&amp;utm_source=yahoo-articles&amp;utm_medium=flux\" rel=\"nofollow noopener\" target=\"_blank\" data-ylk=\"slk:\u201cDifficile de sortir de chez moi\u201d : Ousmane Demb\u00e9l\u00e9 Ballon d\u2019Or 2025 se confie sur sa somptueuse maison;elm:context_link;itc:0;sec:content-canvas\" class=\"link \">\u201cDifficile de sortir de chez moi\u201d : Ousmane Demb\u00e9l\u00e9 Ballon d\u2019Or 2025 se confie sur sa somptueuse maison<\/a><br \/><a href=\"https:\/\/www.grazia.fr\/mode\/tendances-mode\/cette-marque-qui-faisait-fureur-nos-meres-fait-peau-neuve-et-on-adore-1127393.html?utm_campaign=partenariat&amp;utm_source=yahoo-articles&amp;utm_medium=flux\" rel=\"nofollow noopener\" target=\"_blank\" data-ylk=\"slk:Cette marque que nos m\u00e8res portaient toutes s&#039;offre un regain de cool et est \u00e0 nouveau tendance;elm:context_link;itc:0;sec:content-canvas\" class=\"link \">Cette marque que nos m\u00e8res portaient toutes s&rsquo;offre un regain de cool et est \u00e0 nouveau tendance<\/a><\/p>\n","protected":false},"excerpt":{"rendered":"Si Paris est mondialement connue pour ses monuments historiques \u00e0 foison (les Jeux Olympiques l\u2019ont d\u2019ailleurs tr\u00e8s bien&hellip;\n","protected":false},"author":2,"featured_media":411430,"comment_status":"","ping_status":"","sticky":false,"template":"","format":"standard","meta":{"footnotes":""},"categories":[1888],"tags":[11,1777,674,1011,27,34087,54259,13834,12,626,25,20540],"class_list":{"0":"post-411429","1":"post","2":"type-post","3":"status-publish","4":"format-standard","5":"has-post-thumbnail","7":"category-paris","8":"tag-actualites","9":"tag-eu","10":"tag-europe","11":"tag-fr","12":"tag-france","13":"tag-grandplace","14":"tag-grande-ville","15":"tag-monuments-historiques","16":"tag-news","17":"tag-paris","18":"tag-republique-francaise","19":"tag-tout-de-suite"},"share_on_mastodon":{"url":"https:\/\/pubeurope.com\/@fr\/115252549691469843","error":""},"_links":{"self":[{"href":"https:\/\/www.europesays.com\/fr\/wp-json\/wp\/v2\/posts\/411429","targetHints":{"allow":["GET"]}}],"collection":[{"href":"https:\/\/www.europesays.com\/fr\/wp-json\/wp\/v2\/posts"}],"about":[{"href":"https:\/\/www.europesays.com\/fr\/wp-json\/wp\/v2\/types\/post"}],"author":[{"embeddable":true,"href":"https:\/\/www.europesays.com\/fr\/wp-json\/wp\/v2\/users\/2"}],"replies":[{"embeddable":true,"href":"https:\/\/www.europesays.com\/fr\/wp-json\/wp\/v2\/comments?post=411429"}],"version-history":[{"count":0,"href":"https:\/\/www.europesays.com\/fr\/wp-json\/wp\/v2\/posts\/411429\/revisions"}],"wp:featuredmedia":[{"embeddable":true,"href":"https:\/\/www.europesays.com\/fr\/wp-json\/wp\/v2\/media\/411430"}],"wp:attachment":[{"href":"https:\/\/www.europesays.com\/fr\/wp-json\/wp\/v2\/media?parent=411429"}],"wp:term":[{"taxonomy":"category","embeddable":true,"href":"https:\/\/www.europesays.com\/fr\/wp-json\/wp\/v2\/categories?post=411429"},{"taxonomy":"post_tag","embeddable":true,"href":"https:\/\/www.europesays.com\/fr\/wp-json\/wp\/v2\/tags?post=411429"}],"curies":[{"name":"wp","href":"https:\/\/api.w.org\/{rel}","templated":true}]}}