{"id":411435,"date":"2025-09-23T08:00:20","date_gmt":"2025-09-23T08:00:20","guid":{"rendered":"https:\/\/www.europesays.com\/fr\/411435\/"},"modified":"2025-09-23T08:00:20","modified_gmt":"2025-09-23T08:00:20","slug":"usa-trump-signe-un-decret-classant-le-mouvement-antifa-comme-organisation-terroriste","status":"publish","type":"post","link":"https:\/\/www.europesays.com\/fr\/411435\/","title":{"rendered":"USA : Trump signe un d\u00e9cret classant le mouvement Antifa comme \u00ab\u00a0organisation terroriste\u00a0\u00bb"},"content":{"rendered":"<p>\t\t\t\t\t<a class=\"post-thumbnail open-lightbox\" href=\"https:\/\/atlasinfo.fr\/wp-content\/uploads\/2025\/08\/Capture-decran-1024.png\" target=\"_blank\" rel=\"noopener\"><img decoding=\"async\" src=\"https:\/\/www.europesays.com\/fr\/wp-content\/uploads\/2025\/09\/Capture-decran-1024-750x430.png\" alt=\"\"\/>\t\t\t\t\t\t<\/a><br \/>\n\t\t\t\t\t\t\t\t\t\t\t\t\tWashington contribuera \u00e0 garantir la s\u00e9curit\u00e9 de l\u2019Ukraine, assure Trump<\/p>\n<p><strong>Le pr\u00e9sident am\u00e9ricain, Donald Trump, a sign\u00e9 lundi, un d\u00e9cret classant officiellement le mouvement Antifa comme \u00ab\u00a0organisation terroriste\u00a0\u00bb, au lendemain d\u2019une c\u00e9r\u00e9monie d\u2019hommage au jeune activiste conservateur assassin\u00e9 Charlie Kirk.<\/strong><\/p>\n<p><a itemprop=\"url\" class=\"eads-link\" href=\"https:\/\/www.instagram.com\/ntla9awfbladna\/?source=est\" target=\"_blank\" rel=\"nofollow noopener\"><img decoding=\"async\" class=\"eads-image\" src=\"https:\/\/www.europesays.com\/fr\/wp-content\/uploads\/2025\/06\/ONMT-Est.jpg\" alt=\"ONMT 2025 \u2013 Est\"\/><\/a> <\/p>\n<p class=\"justifyText  add-more-font-size-dep\" dir=\"ltr\">La mouvance Antifa \u00ab\u00a0utilise des moyens ill\u00e9gaux pour planifier et mener une campagne de violence et d\u2019actes terroristes \u00e0 l\u2019\u00e9chelle nationale\u00a0\u00bb, affirme le d\u00e9cret publi\u00e9 par la Maison Blanche.<\/p>\n<p>Le chef de l\u2019ex\u00e9cutif am\u00e9ricain avait d\u00e9j\u00e0 annonc\u00e9 la semaine derni\u00e8re le classement du mouvement \u00ab\u00a0Antifa\u00a0\u00bb comme organisation terroriste.<\/p>\n<p>M. Trump avait \u00e9galement appel\u00e9 \u00e0 des enqu\u00eates rigoureuses visant les personnes finan\u00e7ant \u00ab\u00a0Antifa\u00a0\u00bb, conform\u00e9ment aux \u00ab\u00a0normes et pratiques juridiques les plus strictes\u00a0\u00bb.<\/p>\n<p>Co-fondateur de l\u2019organisation conservatrice \u00ab\u00a0Turning Point USA\u00a0\u00bb et principale voix de la jeunesse pro-Trump, Charlie Kirk a \u00e9t\u00e9 abattu, le 10 septembre, d\u2019une balle dans le cou, tir\u00e9e par un sniper en embuscade sur un toit, au moment o\u00f9 l\u2019activiste de 31 ans participait \u00e0 un d\u00e9bat public dans un campus universitaire dans l\u2019Utah.<\/p>\n<p>L\u2019incident a \u00e9t\u00e9 qualifi\u00e9 d&rsquo;\u00a0\u00bbassassinat politique\u00a0\u00bb par la classe politique am\u00e9ricaine de droite et de \u00ab\u00a0moment sombre pour l\u2019Am\u00e9rique\u00a0\u00bb par le pr\u00e9sident Trump, qui a promis d\u2019\u00e9radiquer la violence politique ayant conduit \u00e0 l\u2019assassinat de son alli\u00e9.<\/p>\n<p>\t\t\t\t<script async src=\"\/\/www.instagram.com\/embed.js\"><\/script><\/p>\n","protected":false},"excerpt":{"rendered":"Washington contribuera \u00e0 garantir la s\u00e9curit\u00e9 de l\u2019Ukraine, assure Trump Le pr\u00e9sident am\u00e9ricain, Donald Trump, a sign\u00e9 lundi,&hellip;\n","protected":false},"author":2,"featured_media":411436,"comment_status":"","ping_status":"","sticky":false,"template":"","format":"standard","meta":{"footnotes":""},"categories":[1589],"tags":[930,11,20427,12224,54261,1993,35058,18579,73,1866,15777,12,9640,3789,45250,467,9066,1864,1865,1863,308,54260],"class_list":{"0":"post-411435","1":"post","2":"type-post","3":"status-publish","4":"format-standard","5":"has-post-thumbnail","7":"category-etats-unis","8":"tag-le","9":"tag-actualites","10":"tag-antifa","11":"tag-atlasinfo","12":"tag-classant","13":"tag-comme","14":"tag-decret","15":"tag-en-direct","16":"tag-etats-unis","17":"tag-etats-unis-damerique","18":"tag-mouvement","19":"tag-news","20":"tag-organisation","21":"tag-signe","22":"tag-terroriste","23":"tag-trump","24":"tag-un","25":"tag-united-states","26":"tag-united-states-of-america","27":"tag-us","28":"tag-usa","29":"tag-usa-trump-signe-un-decret-classant-le-mouvement-antifa-comme-organisation-terroriste"},"share_on_mastodon":{"url":"https:\/\/pubeurope.com\/@fr\/115252561556217753","error":""},"_links":{"self":[{"href":"https:\/\/www.europesays.com\/fr\/wp-json\/wp\/v2\/posts\/411435","targetHints":{"allow":["GET"]}}],"collection":[{"href":"https:\/\/www.europesays.com\/fr\/wp-json\/wp\/v2\/posts"}],"about":[{"href":"https:\/\/www.europesays.com\/fr\/wp-json\/wp\/v2\/types\/post"}],"author":[{"embeddable":true,"href":"https:\/\/www.europesays.com\/fr\/wp-json\/wp\/v2\/users\/2"}],"replies":[{"embeddable":true,"href":"https:\/\/www.europesays.com\/fr\/wp-json\/wp\/v2\/comments?post=411435"}],"version-history":[{"count":0,"href":"https:\/\/www.europesays.com\/fr\/wp-json\/wp\/v2\/posts\/411435\/revisions"}],"wp:featuredmedia":[{"embeddable":true,"href":"https:\/\/www.europesays.com\/fr\/wp-json\/wp\/v2\/media\/411436"}],"wp:attachment":[{"href":"https:\/\/www.europesays.com\/fr\/wp-json\/wp\/v2\/media?parent=411435"}],"wp:term":[{"taxonomy":"category","embeddable":true,"href":"https:\/\/www.europesays.com\/fr\/wp-json\/wp\/v2\/categories?post=411435"},{"taxonomy":"post_tag","embeddable":true,"href":"https:\/\/www.europesays.com\/fr\/wp-json\/wp\/v2\/tags?post=411435"}],"curies":[{"name":"wp","href":"https:\/\/api.w.org\/{rel}","templated":true}]}}