{"id":411442,"date":"2025-09-23T08:04:16","date_gmt":"2025-09-23T08:04:16","guid":{"rendered":"https:\/\/www.europesays.com\/fr\/411442\/"},"modified":"2025-09-23T08:04:16","modified_gmt":"2025-09-23T08:04:16","slug":"lunion-europeenne-propose-dinterdire-le-gnl-russe","status":"publish","type":"post","link":"https:\/\/www.europesays.com\/fr\/411442\/","title":{"rendered":"L\u2019Union europ\u00e9enne propose d\u2019interdire le GNL russe"},"content":{"rendered":"\n<p>Les derni\u00e8res mesures devaient initialement \u00eatre pr\u00e9sent\u00e9es mercredi. Cependant, elles ont \u00e9t\u00e9 report\u00e9es apr\u00e8s que le pr\u00e9sident am\u00e9ricain Donald Trump a d\u00e9clar\u00e9 qu\u2019il imposerait des \u00ab\u2009sanctions majeures\u2009\u00bb \u00e0 la Russie si l\u2019UE cessait \u00ab\u2009imm\u00e9diatement\u2009\u00bb d\u2019acheter du p\u00e9trole russe.<\/p>\n<p>Les <a href=\"https:\/\/lesfrancais.press\/sanctions-contre-la-russie-les-europeens-se-sont-tires-une-balle-dans-le-pied\/\" target=\"_blank\" rel=\"noopener\">dirigeants de l\u2019UE<\/a> sont d\u00e9sireux d\u2019accro\u00eetre la pression \u00e9conomique sur Moscou conjointement avec Washington, alors que le soutien am\u00e9ricain \u00e0 Kiev vacille depuis le retour de Trump \u00e0 la Maison-Blanche en janvier.<\/p>\n<p>La <a href=\"https:\/\/lesfrancais.press\/leurope-perd-patience-face-a-la-hongrie\/\" target=\"_blank\" rel=\"noopener\">Hongrie<\/a> et la Slovaquie, les \u00c9tats les plus pro-russes du bloc, restent fortement d\u00e9pendants des combustibles fossiles russes, malgr\u00e9 la chute spectaculaire des achats nets d\u2019\u00e9nergie russe par l\u2019UE depuis l\u2019invasion \u00e0 grande \u00e9chelle de l\u2019Ukraine en 2022. L\u2019UE s\u2019est engag\u00e9e \u00e0 \u00e9liminer compl\u00e8tement l\u2019\u00e9nergie russe d\u2019ici 2028.<\/p>\n<p><strong>Donald Trump a \u00e9galement fait pression sur les dirigeants de l\u2019UE pour qu\u2019ils imposent des taxes g\u00e9n\u00e9rales pouvant atteindre 100 % sur les marchandises en provenance d\u2019Inde et de Chine, qui ont fortement augment\u00e9 leurs achats d\u2019\u00e9nergie russe depuis l\u2019invasion \u00e0 grande \u00e9chelle de 2022<\/strong>. Cette mesure est largement consid\u00e9r\u00e9e comme irr\u00e9alisable par les \u00c9tats membres du bloc et la Commission, qui cherche \u00e0 conclure un accord de libre-\u00e9change avec New Delhi d\u2019ici la fin de l\u2019ann\u00e9e.<\/p>\n","protected":false},"excerpt":{"rendered":"Les derni\u00e8res mesures devaient initialement \u00eatre pr\u00e9sent\u00e9es mercredi. Cependant, elles ont \u00e9t\u00e9 report\u00e9es apr\u00e8s que le pr\u00e9sident am\u00e9ricain&hellip;\n","protected":false},"author":2,"featured_media":411443,"comment_status":"","ping_status":"","sticky":false,"template":"","format":"standard","meta":{"footnotes":""},"categories":[1586],"tags":[11,33,1777,674,1779,1011,27,20019,12,14051,25,1778,364],"class_list":{"0":"post-411442","1":"post","2":"type-post","3":"status-publish","4":"format-standard","5":"has-post-thumbnail","7":"category-europe","8":"tag-actualites","9":"tag-economie","10":"tag-eu","11":"tag-europe","12":"tag-european-union","13":"tag-fr","14":"tag-france","15":"tag-lactu-des-expats","16":"tag-news","17":"tag-politique-internationale","18":"tag-republique-francaise","19":"tag-ue","20":"tag-union-europeenne"},"share_on_mastodon":{"url":"https:\/\/pubeurope.com\/@fr\/115252577584663249","error":""},"_links":{"self":[{"href":"https:\/\/www.europesays.com\/fr\/wp-json\/wp\/v2\/posts\/411442","targetHints":{"allow":["GET"]}}],"collection":[{"href":"https:\/\/www.europesays.com\/fr\/wp-json\/wp\/v2\/posts"}],"about":[{"href":"https:\/\/www.europesays.com\/fr\/wp-json\/wp\/v2\/types\/post"}],"author":[{"embeddable":true,"href":"https:\/\/www.europesays.com\/fr\/wp-json\/wp\/v2\/users\/2"}],"replies":[{"embeddable":true,"href":"https:\/\/www.europesays.com\/fr\/wp-json\/wp\/v2\/comments?post=411442"}],"version-history":[{"count":0,"href":"https:\/\/www.europesays.com\/fr\/wp-json\/wp\/v2\/posts\/411442\/revisions"}],"wp:featuredmedia":[{"embeddable":true,"href":"https:\/\/www.europesays.com\/fr\/wp-json\/wp\/v2\/media\/411443"}],"wp:attachment":[{"href":"https:\/\/www.europesays.com\/fr\/wp-json\/wp\/v2\/media?parent=411442"}],"wp:term":[{"taxonomy":"category","embeddable":true,"href":"https:\/\/www.europesays.com\/fr\/wp-json\/wp\/v2\/categories?post=411442"},{"taxonomy":"post_tag","embeddable":true,"href":"https:\/\/www.europesays.com\/fr\/wp-json\/wp\/v2\/tags?post=411442"}],"curies":[{"name":"wp","href":"https:\/\/api.w.org\/{rel}","templated":true}]}}