{"id":411446,"date":"2025-09-23T08:06:31","date_gmt":"2025-09-23T08:06:31","guid":{"rendered":"https:\/\/www.europesays.com\/fr\/411446\/"},"modified":"2025-09-23T08:06:31","modified_gmt":"2025-09-23T08:06:31","slug":"bernard-arnault-porte-voix-radicalise-du-capital-mediapart","status":"publish","type":"post","link":"https:\/\/www.europesays.com\/fr\/411446\/","title":{"rendered":"Bernard Arnault, porte-voix radicalis\u00e9 du capital &#8211; Mediapart"},"content":{"rendered":"<ol>\n<li><a href=\"https:\/\/news.google.com\/rss\/articles\/CBMiqwFBVV95cUxPVjA4bGJyOTFoc0ROM0wxRDBkNzNtZDRmckFuMEN5alJHbUlJZ1N0aHd6NnhFWG5URHBRTWRTYlpXaHh1NWp5VjdySWpocmVNUkhFSWRCUWM2Unp6NWh3VENjZmY2YWxnNmZJNTVDcjM5ZTI5dGEzcDUxQ0d0UWc3YjdIaTk1UkdsVlRUeUpOcXpDVHhUTkwzaXBRdE9JbXRMVHRmMGxDWHNWWW8?oc=5\" target=\"_blank\" rel=\"noopener\">Bernard Arnault, porte-voix radicalis\u00e9 du capital<\/a>&nbsp;&nbsp;Mediapart<\/li>\n<li><a href=\"https:\/\/news.google.com\/rss\/articles\/CBMi6gFBVV95cUxQeWZaSEI0Q1ZYUTRNWERxcjZhdHhkSnhPZXdqQzNqOW9oS3ZWSW5RdHdVbzlVUnJGTTVoaUl1aUZ0M2JXak9XVy04N1BZRGt1UV9feFNDTlJ0VFEwZ2dpZ19nd01lbXd3dldaa2NJYkdFZENPb29rOE5ZWTV3aFp4bG5ObzZGR1FGT1BQWGROQzFGVWk0dXJZMW8zTFJkWm4zWUF3RTdsYjlLeS1oMk1pd1VUYnhqYXlQVklhWDRGRHAybGdFMUdZSjY4bkFIYlI3eEdXZjdnVGdTaVVkclVORzRRNFU3OWhXRVE?oc=5\" target=\"_blank\" rel=\"noopener\">\u00ab Il y a des alternatives \u00e0 la taxe Zucman pour lutter contre l&rsquo;optimisation fiscale abusive \u00bb<\/a>&nbsp;&nbsp;Les Echos<\/li>\n<li><a href=\"https:\/\/news.google.com\/rss\/articles\/CBMipgJBVV95cUxQTnVMa0RUWk9QYnBmdXNXQnlHM3hrSlNFZkQxTC1BNzhHeEYxY3pYS1gxelljQzBMTWhkdEZKVDFLNDBwbFFvZld2ZkFySFZfSFdQVE5FR0xJakNFdFhnZjVnZ2tnMVBDS1pOZnRCSm1FWWNNbjhkczdMREZtcWpFWEdoVW1XenNya2RCTlNvd0JhVFFBdFFCLTdXS0RzUnNjckdnSlp3emZUX0pkRE5nU01tcldxYUI5cWZKYW1pQVhCajZvdzNmNmh5UWhnRG5DX0JGWkpRdjl5Vk1fY01DMnpCT3dyemsybUxXbXd1RkxicEFpTUhOREVCY01RYnhCNTZtckNpU3N6djBENHFuWno4UDRaZDlPSmFtLU1aRHA5OTFmbmc?oc=5\" target=\"_blank\" rel=\"noopener\">\u00ab\u00a0Mon revenu annuel est de z\u00e9ro\u00a0\u00bb : \u00c9ric Larchev\u00eaque d\u00e9taille sur RTL son patrimoine \u00ab\u00a0virtuel\u00a0\u00bb de 375 millions d&rsquo;euros et s&rsquo;inqui\u00e8te de la taxe Zucman<\/a>&nbsp;&nbsp;RTL.fr<\/li>\n<li><a href=\"https:\/\/news.google.com\/rss\/articles\/CBMiygJBVV95cUxNWmdUU0RaOFplS3VUZnhXU05oN0t4Z05EWlVHZm9Xd3laOU1xajFXYkFFUW9TbVdmUGc0eDhEVXBwNnZ5WTltVzVSZEZhWTR5Y3c4NWVJdDlzbmlEREQ5dXVLR0U5NmUyaHZwd2pMQXlsR3dwNlQzV1IwMzJpS1JjTDB1aGh5ejBFQnVxbkUza1ZXOTJ6QmtVUTFSbnlfbFdTekI4aXBuWV9qclFrN3p2ZmJSM3pLbXRnZFRzV3lGNFg5LXduellLLW9JakVCSk1lZ0JKT2FlZEc1QjNxenRvV1M3SlZKYUpzNGV3VmRRaGtleURTSFppdFhoSlgwS3h0UTdFM1dOS0lvbVN5bldtcjRvY1JBVHpDYUpXdkZMNVlWSjBEcl9xa1Ezd1VweFFENE44dTlncWt2MER4UDRFVDNoOW5uZjU3eHc?oc=5\" target=\"_blank\" rel=\"noopener\">\u00ab\u00a0Pire que l&rsquo;ISF\u00a0\u00bb, \u00ab\u00a0les Etats-Unis et la Chine vont nous racheter\u00a0\u00bb&#8230; Le Mouvement des entreprises de taille interm\u00e9diaire attaque violemment la taxe Zucman sur les riches<\/a>&nbsp;&nbsp;BFMTV<\/li>\n<li><a href=\"https:\/\/news.google.com\/rss\/articles\/CBMi4AFBVV95cUxPSUlMQ2x2UDgzaFZ6dHB1NGpYbkJKZ3B5LUZTVnVXWlVlX0s5TDVnd0lMYUY1S0h0cTROMDhqRlVhY01aekxHSWVMT3AtRVhLd2pQaktYZUxja0lFdEduSUFPeFRqcm1WRlZzc2FNS0pUemdiampnNWkxdkhJcFd1blFsWFJXNGpiZ0R6ZTZBT3J5UzBPaUsxcGJRRmtPRWt1VUtEMVd4ZzhMSjJaY3REcDV0S0FZcld0YjgxbmdwNVBuZkdsR01KSmlnX2x4dU5DeGxDMzUxLTJjTmstN1E3RQ?oc=5\" target=\"_blank\" rel=\"noopener\">\u00ab L\u2019id\u00e9e que le Conseil constitutionnel censurera la taxe Zucman n\u2019a rien d\u2019\u00e9vident \u00bb<\/a>&nbsp;&nbsp;Le Monde.fr<\/li>\n<\/ol>\n","protected":false},"excerpt":{"rendered":"Bernard Arnault, porte-voix radicalis\u00e9 du capital&nbsp;&nbsp;Mediapart \u00ab Il y a des alternatives \u00e0 la taxe Zucman pour lutter&hellip;\n","protected":false},"author":2,"featured_media":411447,"comment_status":"","ping_status":"","sticky":false,"template":"","format":"standard","meta":{"footnotes":""},"categories":[2],"tags":[11,3820,75,526,1011,27,12,25,52897],"class_list":{"0":"post-411446","1":"post","2":"type-post","3":"status-publish","4":"format-standard","5":"has-post-thumbnail","7":"category-actualites","8":"tag-actualites","9":"tag-bernard-arnault","10":"tag-donald-trump","11":"tag-fiscalite","12":"tag-fr","13":"tag-france","14":"tag-news","15":"tag-republique-francaise","16":"tag-taxe-zucman"},"share_on_mastodon":{"url":"https:\/\/pubeurope.com\/@fr\/115252584964641725","error":""},"_links":{"self":[{"href":"https:\/\/www.europesays.com\/fr\/wp-json\/wp\/v2\/posts\/411446","targetHints":{"allow":["GET"]}}],"collection":[{"href":"https:\/\/www.europesays.com\/fr\/wp-json\/wp\/v2\/posts"}],"about":[{"href":"https:\/\/www.europesays.com\/fr\/wp-json\/wp\/v2\/types\/post"}],"author":[{"embeddable":true,"href":"https:\/\/www.europesays.com\/fr\/wp-json\/wp\/v2\/users\/2"}],"replies":[{"embeddable":true,"href":"https:\/\/www.europesays.com\/fr\/wp-json\/wp\/v2\/comments?post=411446"}],"version-history":[{"count":0,"href":"https:\/\/www.europesays.com\/fr\/wp-json\/wp\/v2\/posts\/411446\/revisions"}],"wp:featuredmedia":[{"embeddable":true,"href":"https:\/\/www.europesays.com\/fr\/wp-json\/wp\/v2\/media\/411447"}],"wp:attachment":[{"href":"https:\/\/www.europesays.com\/fr\/wp-json\/wp\/v2\/media?parent=411446"}],"wp:term":[{"taxonomy":"category","embeddable":true,"href":"https:\/\/www.europesays.com\/fr\/wp-json\/wp\/v2\/categories?post=411446"},{"taxonomy":"post_tag","embeddable":true,"href":"https:\/\/www.europesays.com\/fr\/wp-json\/wp\/v2\/tags?post=411446"}],"curies":[{"name":"wp","href":"https:\/\/api.w.org\/{rel}","templated":true}]}}