{"id":411452,"date":"2025-09-23T08:10:11","date_gmt":"2025-09-23T08:10:11","guid":{"rendered":"https:\/\/www.europesays.com\/fr\/411452\/"},"modified":"2025-09-23T08:10:11","modified_gmt":"2025-09-23T08:10:11","slug":"les-pirates-royannais-dans-lallure","status":"publish","type":"post","link":"https:\/\/www.europesays.com\/fr\/411452\/","title":{"rendered":"les Pirates royannais dans l\u2019allure"},"content":{"rendered":"<p>Les Pirates de Royan, dont l\u2019effectif a \u00e9t\u00e9 remani\u00e9, ont pr\u00e9sent\u00e9 un visage s\u00e9duisant. Vendredi face aux pensionnaires de Ligue A de Toulouse, ils ont bien r\u00e9sist\u00e9 et partag\u00e9 les points\u00a02 sets partout (25-21, 19-25, 25-27, 25-22) ; les rencontres de ce troph\u00e9e se disputant en effet en quatre sets. Samedi, face aux voisins girondins de Saint-Jean-d\u2019Illac, les Pirates ont obtenu le m\u00eame r\u00e9sultat\u00a0: 2 sets partout (22-25, 25-21, 19-25, 26-24).<\/p>\n","protected":false},"excerpt":{"rendered":"Les Pirates de Royan, dont l\u2019effectif a \u00e9t\u00e9 remani\u00e9, ont pr\u00e9sent\u00e9 un visage s\u00e9duisant. Vendredi face aux pensionnaires&hellip;\n","protected":false},"author":2,"featured_media":411453,"comment_status":"","ping_status":"","sticky":false,"template":"","format":"standard","meta":{"footnotes":""},"categories":[1417],"tags":[1011,27,60,1470,1469],"class_list":{"0":"post-411452","1":"post","2":"type-post","3":"status-publish","4":"format-standard","5":"has-post-thumbnail","7":"category-volley","8":"tag-fr","9":"tag-france","10":"tag-sports","11":"tag-volley","12":"tag-volleyball"},"share_on_mastodon":{"url":"https:\/\/pubeurope.com\/@fr\/115252600794383907","error":""},"_links":{"self":[{"href":"https:\/\/www.europesays.com\/fr\/wp-json\/wp\/v2\/posts\/411452","targetHints":{"allow":["GET"]}}],"collection":[{"href":"https:\/\/www.europesays.com\/fr\/wp-json\/wp\/v2\/posts"}],"about":[{"href":"https:\/\/www.europesays.com\/fr\/wp-json\/wp\/v2\/types\/post"}],"author":[{"embeddable":true,"href":"https:\/\/www.europesays.com\/fr\/wp-json\/wp\/v2\/users\/2"}],"replies":[{"embeddable":true,"href":"https:\/\/www.europesays.com\/fr\/wp-json\/wp\/v2\/comments?post=411452"}],"version-history":[{"count":0,"href":"https:\/\/www.europesays.com\/fr\/wp-json\/wp\/v2\/posts\/411452\/revisions"}],"wp:featuredmedia":[{"embeddable":true,"href":"https:\/\/www.europesays.com\/fr\/wp-json\/wp\/v2\/media\/411453"}],"wp:attachment":[{"href":"https:\/\/www.europesays.com\/fr\/wp-json\/wp\/v2\/media?parent=411452"}],"wp:term":[{"taxonomy":"category","embeddable":true,"href":"https:\/\/www.europesays.com\/fr\/wp-json\/wp\/v2\/categories?post=411452"},{"taxonomy":"post_tag","embeddable":true,"href":"https:\/\/www.europesays.com\/fr\/wp-json\/wp\/v2\/tags?post=411452"}],"curies":[{"name":"wp","href":"https:\/\/api.w.org\/{rel}","templated":true}]}}