{"id":411456,"date":"2025-09-23T08:12:11","date_gmt":"2025-09-23T08:12:11","guid":{"rendered":"https:\/\/www.europesays.com\/fr\/411456\/"},"modified":"2025-09-23T08:12:11","modified_gmt":"2025-09-23T08:12:11","slug":"insolite-atp-andy-roddick-se-souvient-ce-jour-la-nadal-a-enleve-ses-chaussures-on-aurait-dit-quun-animal-vivait-litteralement-a-linterieur-de-son-pied-cetait-juste-degoutant","status":"publish","type":"post","link":"https:\/\/www.europesays.com\/fr\/411456\/","title":{"rendered":"Insolite, ATP > Andy Roddick se souvient : \u00ab\u00a0Ce jour l\u00e0, Nadal a enlev\u00e9 ses chaussures, on aurait dit qu&rsquo;un animal vivait litt\u00e9ralement \u00e0 l&rsquo;int\u00e9rieur de son pied. C&rsquo;\u00e9tait juste d\u00e9go\u00fbtant\u00a0\u00bb"},"content":{"rendered":"<p>Andy Roddick a eu la chance de pouvoir \u00e9changer longue\u00adment dans le cadre de son podcast avec Roger Federer lors de la Laver\u00a0Cup.\u00a0<\/p>\n<p>Evidemment, quelques r\u00e9v\u00e9\u00adla\u00adtions et p\u00e9pites ont \u00e9t\u00e9 r\u00e9v\u00e9l\u00e9s par ces deux champions.\u00a0<\/p>\n<p>La plus \u00ab\u202fchoquante\u202f\u00bb reste celle d\u2019Andy quand les deux hommes ont \u00e9voqu\u00e9 le r\u00f4le des bles\u00adsures dans leur carri\u00e8re. L\u2019Am\u00e9ricain a notam\u00adment expliqu\u00e9 le moment o\u00f9 dans les vestiaires il a d\u00e9cou\u00advert pour la premi\u00e8re fois le pied \u00ab\u202fmalade\u202f\u00bb de Rafael Nadal.<\/p>\n<p>\u00ab\u202f<strong>Pour que tout le monde sache \u00e0 quel point les joueurs se donnent \u00e0 fond pour vous et \u00e0 quel point c\u2019est diffi\u00adcile physi\u00adque\u00adment. Ce jour l\u00e0, Nadal a enlev\u00e9 ses chaus\u00adsures, on aurait dit qu\u2019un animal vivait litt\u00e9\u00adra\u00adle\u00adment \u00e0 l\u2019in\u00adt\u00e9\u00adrieur de son pied. C\u2019\u00e9tait juste d\u00e9go\u00fbtant\u202f\u00bb<\/strong><\/p>\n<p class=\"post-published-date\" style=\"color: silver; font-size: 75%; text-align: left;\">Publi\u00e9 le mardi 23 septembre 2025 \u00e0 08:20<\/p>\n","protected":false},"excerpt":{"rendered":"Andy Roddick a eu la chance de pouvoir \u00e9changer longue\u00adment dans le cadre de son podcast avec Roger&hellip;\n","protected":false},"author":2,"featured_media":411457,"comment_status":"","ping_status":"","sticky":false,"template":"","format":"standard","meta":{"footnotes":""},"categories":[1415],"tags":[2199,1011,27,1960,60,1467],"class_list":{"0":"post-411456","1":"post","2":"type-post","3":"status-publish","4":"format-standard","5":"has-post-thumbnail","7":"category-tennis","8":"tag-federer","9":"tag-fr","10":"tag-france","11":"tag-nadal","12":"tag-sports","13":"tag-tennis"},"share_on_mastodon":{"url":"https:\/\/pubeurope.com\/@fr\/115252608585368977","error":""},"_links":{"self":[{"href":"https:\/\/www.europesays.com\/fr\/wp-json\/wp\/v2\/posts\/411456","targetHints":{"allow":["GET"]}}],"collection":[{"href":"https:\/\/www.europesays.com\/fr\/wp-json\/wp\/v2\/posts"}],"about":[{"href":"https:\/\/www.europesays.com\/fr\/wp-json\/wp\/v2\/types\/post"}],"author":[{"embeddable":true,"href":"https:\/\/www.europesays.com\/fr\/wp-json\/wp\/v2\/users\/2"}],"replies":[{"embeddable":true,"href":"https:\/\/www.europesays.com\/fr\/wp-json\/wp\/v2\/comments?post=411456"}],"version-history":[{"count":0,"href":"https:\/\/www.europesays.com\/fr\/wp-json\/wp\/v2\/posts\/411456\/revisions"}],"wp:featuredmedia":[{"embeddable":true,"href":"https:\/\/www.europesays.com\/fr\/wp-json\/wp\/v2\/media\/411457"}],"wp:attachment":[{"href":"https:\/\/www.europesays.com\/fr\/wp-json\/wp\/v2\/media?parent=411456"}],"wp:term":[{"taxonomy":"category","embeddable":true,"href":"https:\/\/www.europesays.com\/fr\/wp-json\/wp\/v2\/categories?post=411456"},{"taxonomy":"post_tag","embeddable":true,"href":"https:\/\/www.europesays.com\/fr\/wp-json\/wp\/v2\/tags?post=411456"}],"curies":[{"name":"wp","href":"https:\/\/api.w.org\/{rel}","templated":true}]}}