{"id":411458,"date":"2025-09-23T08:14:16","date_gmt":"2025-09-23T08:14:16","guid":{"rendered":"https:\/\/www.europesays.com\/fr\/411458\/"},"modified":"2025-09-23T08:14:16","modified_gmt":"2025-09-23T08:14:16","slug":"ezpeleta-defend-la-diversite-des-nationalites-en-motogp-sans-trahir-le-talent","status":"publish","type":"post","link":"https:\/\/www.europesays.com\/fr\/411458\/","title":{"rendered":"Ezpeleta d\u00e9fend la diversit\u00e9 des nationalit\u00e9s en MotoGP, sans trahir le talent"},"content":{"rendered":"<p>Depuis le d\u00e9but des ann\u00e9es 2000, les Grands Prix moto ont peu \u00e0 peu vu dispara\u00eetre les pilotes am\u00e9ricains et australiens, qui dominaient pourtant le championnat \u00e0 la fin du si\u00e8cle dernier. Ce recul de leur pr\u00e9sence sur la grille s&rsquo;est fait au profit des Italiens et des Espagnols, qui ont gagn\u00e9 du terrain jusqu&rsquo;\u00e0 devenir majoritaires.<\/p>\n<p>C&rsquo;est le cas aujourd&rsquo;hui\u00a0:\u00a0sur les <a href=\"https:\/\/fr.motorsport.com\/motogp\/drivers\/\" target=\"_self\" rel=\"noopener nofollow\">22 pilotes permanents<\/a> de la cat\u00e9gorie MotoGP cette saison, neuf sont espagnols et six italiens, tandis que les six autres nationalit\u00e9s repr\u00e9sent\u00e9es le sont par un pilote (Japon, Tha\u00eflande, Australie, Afrique du Sud et Portugal) ou deux tout au plus pour ce qui est de la France.<\/p>\n<p>Si l&rsquo;on regarde la succession des champions du monde, la domination par nationalit\u00e9 suit exactement la m\u00eame tendance. Entre 1980 et 2000, 18 des 21 championnats disput\u00e9s ont \u00e9t\u00e9 remport\u00e9s par des pilotes am\u00e9ricains (12) et australiens (6). Les sacres de pilotes italiens et espagnols faisaient figure d&rsquo;exception\u00a0:\u00a0deux pour l&rsquo;Italie en 1981 et 1982 (Marco Lucchinelli et Franco Uncini), et une premi\u00e8re couronne pour l&rsquo;Espagne en 1999 avec \u00c1lex Crivill\u00e9.<\/p>\n<p>L&rsquo;Italie a renou\u00e9 avec ses succ\u00e8s d&rsquo;antan avec l&rsquo;arriv\u00e9e de <a href=\"https:\/\/fr.motorsport.com\/driver\/valentino-rossi\/76374\/\" target=\"_blank\" rel=\"noopener nofollow\">Valentino Rossi<\/a> en 2000, lequel a remport\u00e9 le dernier titre des 500cc puis les quatre premiers de la nouvelle cat\u00e9gorie MotoGP, entre 2001 et 2005, une s\u00e9rie interrompue par les sacres de l&rsquo;Am\u00e9ricain <a href=\"https:\/\/fr.motorsport.com\/driver\/nicky-hayden\/76011\/\" target=\"_blank\" rel=\"noopener nofollow\">Nicky Hayden<\/a> en 2006 et de l&rsquo;Australien <a href=\"https:\/\/fr.motorsport.com\/driver\/casey-stoner\/84171\/\" rel=\"nofollow noopener\" target=\"_blank\">Casey Stoner<\/a> en 2007.<\/p>\n<p>   <img decoding=\"async\" draggable=\"false\" src=\"https:\/\/www.europesays.com\/fr\/wp-content\/uploads\/2025\/09\/kevin-schwantz-wayne-rainey-an-1.jpg\" alt=\"Les Grands Prix 500cc \u00e0 l'\u00e9poque de gloire des Am\u00e9ricains et des Australiens, ici Kevin Schwantz, Wayne Rainey et Mick Doohan en 1991.\" width=\"1200\" height=\"800\" loading=\"lazy\"\/> <\/p>\n<p class=\"title\">Les Grands Prix 500cc \u00e0 l&rsquo;\u00e9poque de gloire des Am\u00e9ricains et des Australiens, ici Kevin Schwantz, Wayne Rainey et Mick Doohan en 1991.<\/p>\n<p class=\"photographer\">Photo de: Gold and Goose Photography \/ LAT Images \/ via Getty Images<\/p>\n<p>Si l&rsquo;on prend l&rsquo;ensemble du palmar\u00e8s depuis la mutation du championnat en 2002, 23 titres MotoGP ont \u00e9t\u00e9 attribu\u00e9s, dont 19 \u00e0 des pilotes venus d&rsquo;Italie et d&rsquo;Espagne\u00a0:\u00a0six pour Valentino Rossi, six pour <a href=\"https:\/\/fr.motorsport.com\/driver\/marc-marquez\/92646\/\" target=\"_blank\" rel=\"noopener nofollow\">Marc M\u00e1rquez<\/a>, trois pour <a href=\"https:\/\/fr.motorsport.com\/driver\/jorge-lorenzo\/80193\/\" target=\"_blank\" rel=\"noopener nofollow\">Jorge Lorenzo<\/a>, deux pour <a href=\"https:\/\/fr.motorsport.com\/driver\/pecco-bagnaia\/109394\/\" target=\"_blank\" rel=\"noopener nofollow\">Pecco Bagnaia<\/a> et un chacun pour <a href=\"https:\/\/fr.motorsport.com\/driver\/joan-mir\/289392\/\" target=\"_blank\" rel=\"noopener nofollow\">Joan Mir<\/a> et <a href=\"https:\/\/fr.motorsport.com\/driver\/jorge-martin\/109391\/\" target=\"_blank\" rel=\"noopener nofollow\">Jorge Mart\u00edn<\/a>. Nicky Hayden (2006), Casey Stoner (2007 et 2011) et <a href=\"https:\/\/fr.motorsport.com\/driver\/fabio-quartararo\/109400\/\" target=\"_blank\" rel=\"noopener nofollow\">Fabio Quartararo<\/a> (2021) sont les seuls \u00e0 faire exception.<\/p>\n<p>Un excellent travail de formation<\/p>\n<p>Lorsque les Am\u00e9ricains et les Australiens ont investi les Grands Prix, dont les premi\u00e8res d\u00e9cennies avaient \u00e9t\u00e9 tr\u00e8s ax\u00e9es sur l&rsquo;Europe, ils ont fait valoir de gros moyens ainsi qu&rsquo;une culture des grosses cylindr\u00e9es. Ils ont alors largement marqu\u00e9 les ann\u00e9es 1980 et 90, tandis que les pilotes latins se concentraient sur les cat\u00e9gories plus petites, o\u00f9 leur h\u00e9g\u00e9monie se maintenait.<\/p>\n<p>L&rsquo;approche a toutefois chang\u00e9 avec l&rsquo;explosion de fans en Espagne apr\u00e8s le titre de Crivill\u00e9, et en Italie avec l&rsquo;\u00e9mergence de Rossi. Cela a conduit ces pays \u00e0 miser sur la formation et le suivi de jeunes pilotes dans le but d&rsquo;atteindre le MotoGP. C&rsquo;est ainsi qu&rsquo;a \u00e9merg\u00e9 une g\u00e9n\u00e9ration m\u00e9morable en Espagne, avec les <a href=\"https:\/\/fr.motorsport.com\/driver\/dani-pedrosa\/92566\/\" target=\"_blank\" rel=\"noopener nofollow\">Dani Pedrosa<\/a>, Jorge Lorenzo et Marc M\u00e1rquez. Derri\u00e8re les porte-\u00e9tendards qu&rsquo;ont \u00e9t\u00e9 ces champions, Valentino Rossi inclus, le vivier espagnol et italien a \u00e9galement vu fleurir d&rsquo;innombrables pilotes de grand talent qui, durant des ann\u00e9es, ont largement contribu\u00e9 \u00e0 alimenter les grilles de d\u00e9part et \u00e0 truster les podiums.<\/p>\n<p>La saison 2017 a \u00e9t\u00e9 le summum de cette latinisation du championnat\u00a0:\u00a0dix des titulaires \u00e9taient alors espagnols. On retrouve parfois ce chiffre cette ann\u00e9e lorsque le peloton accueille quelques pilotes ib\u00e9riques pour des wild-cards ou des remplacements. Les Italiens, quant \u00e0 eux, sont encore au nombre de six parmi les titulaires de 2025.<\/p>\n<p>   <img decoding=\"async\" draggable=\"false\" src=\"https:\/\/www.europesays.com\/fr\/wp-content\/uploads\/2025\/09\/motogp-qatar-gp-2017-motogp-rider-line-up.jpg\" alt=\"Sur la photo de famille de 2017, dix pilotes sur 23 \u00e9taient espagnols.\" width=\"1200\" height=\"800\" loading=\"lazy\"\/> <\/p>\n<p class=\"title\">Sur la photo de famille de 2017, dix pilotes sur 23 \u00e9taient espagnols.<\/p>\n<p class=\"photographer\">Photo de : Gold and Goose Photography \/ LAT Images \/ via Getty Images<\/p>\n<p>La Dorna souhaite internationaliser le plateau<\/p>\n<p>Seulement, le MotoGP se trouve aujourd&rsquo;hui \u00e0 l&rsquo;aube d&rsquo;une nouvelle \u00e8re avec l&rsquo;arriv\u00e9e du groupe am\u00e9ricain Liberty Media en tant qu&rsquo;actionnaire majoritaire dans le championnat. La Dorna, toujours aux manettes, s&rsquo;est donc fix\u00e9 pour objectif de diversifier les nationalit\u00e9s sur la grille, au point que cette politique ait emp\u00each\u00e9 de jeunes talents du Moto2 d&rsquo;acc\u00e9der \u00e0 la cat\u00e9gorie reine. Cela s&rsquo;est produit l&rsquo;ann\u00e9e derni\u00e8re avec <a href=\"https:\/\/fr.motorsport.com\/driver\/sergio-garcia-dols\/826079\/\" rel=\"nofollow noopener\" target=\"_blank\">Sergio Garc\u00eda<\/a>, et plus r\u00e9cemment avec <a href=\"https:\/\/fr.motorsport.com\/driver\/manuel-gonzalez\/878035\/\" rel=\"nofollow noopener\" target=\"_blank\">Manuel Gonzalez<\/a>, \u00e0 chaque fois dans le but de maintenir <a href=\"https:\/\/fr.motorsport.com\/driver\/jack-miller\/96423\/\" target=\"_blank\" rel=\"noopener nofollow\">Jack Miller<\/a> sur la grille.<\/p>\n<p>Alors que ce sujet revient r\u00e9guli\u00e8rement sur le devant de la sc\u00e8ne depuis quelques ann\u00e9es, le PDG de Dorna Sports a durci son discours l&rsquo;an dernier lorsqu&rsquo;il a \u00e9t\u00e9 questionn\u00e9 sur le maintien de Miller au d\u00e9triment de Garc\u00eda.\u00a0\u00ab\u00a0Les meilleurs devraient \u00eatre l\u00e0, mais il est plus facile d&rsquo;\u00eatre meilleur si vous \u00eates Italien ou Espagnol\u00a0\u00bb, <a href=\"https:\/\/fr.motorsport.com\/motogp\/news\/motogp-risque-varier-nationalites-detriment-merite\/10648041\/\" target=\"_self\" rel=\"noopener nofollow\">avait alors d\u00e9clar\u00e9 Carmelo Ezpeleta \u00e0 Speedweek<\/a>. \u00ab\u00a0Ce devrait \u00eatre comme pour les Jeux Olympiques\u00a0:\u00a0trois Am\u00e9ricains y vont, et si vous \u00eates le quatri\u00e8me Am\u00e9ricain, vous n&rsquo;y allez pas, m\u00eame si vous \u00eates meilleur que ceux d&rsquo;autres pays.\u00a0\u00bb<\/p>\n<p>Sergio Garc\u00eda \u00e9tait pourtant en lutte pour le titre Moto2 au moment o\u00f9 Jack Miller lui a \u00e9t\u00e9 pr\u00e9f\u00e9r\u00e9. De m\u00eame, cette ann\u00e9e, Manu Gonz\u00e1lez \u00e9tait leader de la cat\u00e9gorie interm\u00e9diaire lorsque Pramac a d\u00e9cid\u00e9 de le promouvoir pour 2026, avant que le choix se porte finalement sur le renouvellement de Miller. Certains top pilotes MotoGP ont alors exprim\u00e9 le sentiment qu&rsquo;il devenait plus difficile d&rsquo;\u00eatre promu lorsque l&rsquo;on est espagnol.<\/p>\n<p>   <img decoding=\"async\" draggable=\"false\" src=\"https:\/\/www.europesays.com\/fr\/wp-content\/uploads\/2025\/09\/manu-gonzalez-silverstone.jpg\" alt=\"Malgr\u00e9 le souhait de Pramac de le promouvoir en MotoGP Manuel Gonz\u00e1lez restera en Moto2 en 2026.\" width=\"1200\" height=\"800\" loading=\"lazy\"\/> <\/p>\n<p class=\"title\">Malgr\u00e9 le souhait de Pramac de le promouvoir en MotoGP Manuel Gonz\u00e1lez restera en Moto2 en 2026.<\/p>\n<p><a href=\"https:\/\/fr.motorsport.com\/moto2\/news\/atteindre-motogp-plus-difficile-espagnols\/10758435\/\" target=\"_self\" rel=\"noopener nofollow\">Marc M\u00e1rquez avait ainsi d\u00e9clar\u00e9<\/a> qu'\u00a0\u00bbavec un passeport espagnol, c&rsquo;est un peu plus difficile de venir en MotoGP\u00a0\u00bb. De son c\u00f4t\u00e9, <a href=\"https:\/\/fr.motorsport.com\/driver\/pedro-acosta\/840236\/\" target=\"_blank\" rel=\"noopener nofollow\">Pedro Acosta<\/a> a estim\u00e9 que cela \u00ab\u00a0ne sera qu&rsquo;un petit obstacle\u00a0\u00bb dans la carri\u00e8re de Gonz\u00e1lez, m\u00eame si d&rsquo;autres, et notamment <a href=\"https:\/\/fr.motorsport.com\/driver\/aron-canet\/314691\/\" rel=\"nofollow noopener\" target=\"_blank\">Ar\u00f3n Canet<\/a>, patientent depuis d\u00e9j\u00e0 plusieurs ann\u00e9es sans parvenir \u00e0 \u00eatre promus en d\u00e9pit de tr\u00e8s bons r\u00e9sultats.<\/p>\n<blockquote>\n<p>Ce que nous voulons, c&rsquo;est avoir les meilleurs pilotes du monde, et s&rsquo;ils repr\u00e9sentent de nombreuses nationalit\u00e9s diff\u00e9rentes, tant mieux.<\/p>\n<\/blockquote>\n<p>\u00c0 l&rsquo;occasion de la pr\u00e9sentation du GP de Catalogne, ce mois-ci, <strong>Motorsport.com<\/strong> a donc demand\u00e9 \u00e0 Carmelo Ezpeleta si cette position \u00e9tait inflexible et s&rsquo;il allait freiner la promotion des jeunes talents en raison de leur nationalit\u00e9.<\/p>\n<p>\u00ab\u00a0Ce que nous voulons, c&rsquo;est avoir les meilleurs pilotes du monde, et s&rsquo;ils repr\u00e9sentent de nombreuses nationalit\u00e9s diff\u00e9rentes, tant mieux. La priorit\u00e9 est qu&rsquo;ils soient les meilleurs\u00a0\u00bb, a r\u00e9pondu le PDG de Dorna Sports, niant toute forme de choix impos\u00e9 et soulignant qu&rsquo;il s&rsquo;agissait plut\u00f4t d&rsquo;une tendance naturelle.<\/p>\n<p>\u00ab\u00a0Avoir des pilotes repr\u00e9sentant un plus grand nombre de pays sur la grille de d\u00e9part n&rsquo;est pas quelque chose que nous, Dorna, imposons, mais plut\u00f4t quelque chose que les \u00e9quipes comprennent comme \u00e9tant important et b\u00e9n\u00e9fique.\u00a0\u00bb<\/p>\n<p>   <img decoding=\"async\" draggable=\"false\" src=\"https:\/\/www.europesays.com\/fr\/wp-content\/uploads\/2025\/09\/stefano-domenicali-of-italy-an.jpg\" alt=\"Carmelo Ezpeleta d\u00e9ment toute intervention de Liberty Media pour orienter les nationalit\u00e9s repr\u00e9sent\u00e9es en MotoGP.\" width=\"1200\" height=\"800\" loading=\"lazy\"\/> <\/p>\n<p class=\"title\">Carmelo Ezpeleta d\u00e9ment toute intervention de Liberty Media pour orienter les nationalit\u00e9s repr\u00e9sent\u00e9es en MotoGP.<\/p>\n<p class=\"photographer\">Photo de : Gold and Goose Photography \/ LAT Images \/ via Getty Images<\/p>\n<p>Ezpeleta a \u00e9galement ni\u00e9 toute influence de Liberty Media \u00e0 cet \u00e9gard\u00a0:\u00a0\u00ab\u00a0Absolument pas. Ils nous aident \u00e0 d\u00e9velopper les id\u00e9es que nous avons. Nous les leur expliquons et jusqu&rsquo;\u00e0 pr\u00e9sent, tout ce que nous avons propos\u00e9 leur a sembl\u00e9 bon. Il est vrai que nous avons une relation tr\u00e8s \u00e9troite avec eux, car ce sont des gens qui connaissent tr\u00e8s bien le m\u00e9tier et qui peuvent nous aider.\u00a0\u00bb<\/p>\n<p>S&rsquo;il reste un nom \u00e0 officialiser pour 2026, son identit\u00e9 ne fait plus aucun doute. On sait donc que le plateau MotoGP maintiendra le nombre de nationalit\u00e9s repr\u00e9sent\u00e9es sur sa grille l&rsquo;an prochain. Le d\u00e9part du Portugal et de la Tha\u00eflande, avec <a href=\"https:\/\/fr.motorsport.com\/driver\/miguel-oliveira\/109382\/\" target=\"_blank\" rel=\"noopener nofollow\">Miguel Oliveira<\/a> et <a href=\"https:\/\/fr.motorsport.com\/driver\/somkiat-chantra\/823104\/\" target=\"_blank\" rel=\"noopener nofollow\">Somkiat Chantra<\/a>, sera en effet compens\u00e9 par l&rsquo;arriv\u00e9e de la Turquie, repr\u00e9sent\u00e9e par <a href=\"https:\/\/fr.motorsport.com\/driver\/toprak-razgatlioglu\/178502\/\" rel=\"nofollow noopener\" target=\"_blank\">Toprak Razgatlioglu<\/a>, et du Br\u00e9sil avec le jeune <a href=\"https:\/\/fr.motorsport.com\/driver\/diogo-moreira\/945141\/\" rel=\"nofollow noopener\" target=\"_blank\">Diogo Moreira<\/a>. Pour la premi\u00e8re fois depuis 2018, il n&rsquo;y aura aucun rookie espagnol ni italien.<\/p>\n<p>Lire aussi :<\/p>\n","protected":false},"excerpt":{"rendered":"Depuis le d\u00e9but des ann\u00e9es 2000, les Grands Prix moto ont peu \u00e0 peu vu dispara\u00eetre les pilotes&hellip;\n","protected":false},"author":2,"featured_media":411459,"comment_status":"","ping_status":"","sticky":false,"template":"","format":"standard","meta":{"footnotes":""},"categories":[1413],"tags":[54265,1011,27,1457,1456,1458,54266,60],"class_list":{"0":"post-411458","1":"post","2":"type-post","3":"status-publish","4":"format-standard","5":"has-post-thumbnail","7":"category-moto","8":"tag-ezpeleta-du00e9fend-la-diversitu00e9-des-nationalitu00e9s-en-motogp","9":"tag-fr","10":"tag-france","11":"tag-moto","12":"tag-motocycle","13":"tag-motogp","14":"tag-sans-trahir-le-talent","15":"tag-sports"},"share_on_mastodon":{"url":"https:\/\/pubeurope.com\/@fr\/115252617150233908","error":""},"_links":{"self":[{"href":"https:\/\/www.europesays.com\/fr\/wp-json\/wp\/v2\/posts\/411458","targetHints":{"allow":["GET"]}}],"collection":[{"href":"https:\/\/www.europesays.com\/fr\/wp-json\/wp\/v2\/posts"}],"about":[{"href":"https:\/\/www.europesays.com\/fr\/wp-json\/wp\/v2\/types\/post"}],"author":[{"embeddable":true,"href":"https:\/\/www.europesays.com\/fr\/wp-json\/wp\/v2\/users\/2"}],"replies":[{"embeddable":true,"href":"https:\/\/www.europesays.com\/fr\/wp-json\/wp\/v2\/comments?post=411458"}],"version-history":[{"count":0,"href":"https:\/\/www.europesays.com\/fr\/wp-json\/wp\/v2\/posts\/411458\/revisions"}],"wp:featuredmedia":[{"embeddable":true,"href":"https:\/\/www.europesays.com\/fr\/wp-json\/wp\/v2\/media\/411459"}],"wp:attachment":[{"href":"https:\/\/www.europesays.com\/fr\/wp-json\/wp\/v2\/media?parent=411458"}],"wp:term":[{"taxonomy":"category","embeddable":true,"href":"https:\/\/www.europesays.com\/fr\/wp-json\/wp\/v2\/categories?post=411458"},{"taxonomy":"post_tag","embeddable":true,"href":"https:\/\/www.europesays.com\/fr\/wp-json\/wp\/v2\/tags?post=411458"}],"curies":[{"name":"wp","href":"https:\/\/api.w.org\/{rel}","templated":true}]}}