{"id":411460,"date":"2025-09-23T08:15:15","date_gmt":"2025-09-23T08:15:15","guid":{"rendered":"https:\/\/www.europesays.com\/fr\/411460\/"},"modified":"2025-09-23T08:15:15","modified_gmt":"2025-09-23T08:15:15","slug":"renault-annonce-une-vente-aux-encheres-exceptionnelle-avec-des-tresors-du-passe","status":"publish","type":"post","link":"https:\/\/www.europesays.com\/fr\/411460\/","title":{"rendered":"Renault annonce une vente aux ench\u00e8res exceptionnelle avec des tr\u00e9sors du pass\u00e9"},"content":{"rendered":"<p>N\u00e9e il y a bient\u00f4t 130 ans de l\u2019audace des fr\u00e8res Renault, la marque au losange s\u2019est impos\u00e9e comme un pilier de l\u2019industrie automobile fran\u00e7aise. De la mythique 4CV \u00e0 la populaire R5 (<a href=\"https:\/\/www.presse-citron.net\/renault-5-e-tech-five-faut-il-craquer-pour-cette-version-a-moins-de-25-000e\/\" target=\"_blank\" rel=\"noopener\">qui est de retour en version \u00e9lectrique depuis quelques mois maintenant<\/a>), Renault a marqu\u00e9 des g\u00e9n\u00e9rations, tout en osant l\u2019innovation avec l\u2019\u00e9lectrique et le design avant-gardiste. Engag\u00e9 de longue date dans le sport automobile, le constructeur conjugue savoir-faire, passion et comp\u00e9titivit\u00e9, m\u00ealant tradition et modernit\u00e9 sur route comme sur circuit.<\/p>\n<p> Une vingtaine de monoplaces Renault \u00e0 vendre en d\u00e9cembre <\/p>\n<p>Parmi les mod\u00e8les les plus embl\u00e9matiques li\u00e9s \u00e0 l\u2019histoire sportive de Renault, la RE40 incarne les exploits en Formule 1 des ann\u00e9es 80, tandis que l\u2019Alpine A442 victorieuse aux 24 Heures du Mans 1978 reste une l\u00e9gende de l\u2019endurance. Quant \u00e0 la Lotus 95T de 1984, elle t\u00e9moigne de l\u2019expertise moteur sign\u00e9e Renault Turbo. La bonne nouvelle, c\u2019est que ces m\u00eames mod\u00e8les pourraient bient\u00f4t arriver\u2026 dans votre garage\u00a0!<\/p>\n<p>C\u2019est en effet la maison Artcurial qui a \u00e9t\u00e9 choisie par le constructeur fran\u00e7ais pour mettre en vente une partie des 600 v\u00e9hicules que Renault pr\u00e9serve dans sa collection. Des v\u00e9hicules \u201cuniques\u201d qui seront mis en vente le 7 d\u00e9cembre prochain, au terme d\u2019une exposition de quelques jours qui se tiendra sur le site de Flins-sur-Seine. Une vente exceptionnelle baptis\u00e9e \u201cThe Renault Icons\u201c.<\/p>\n<p>Parmi les v\u00e9hicules mis en vente, on retrouvera une vingtaine de monoplaces qui ont fait l\u2019Histoire de Renault dans le sport automobile, sans oublier des mod\u00e8les d\u00e9di\u00e9s au rallye, des mod\u00e8les de route et m\u00eame certains prototypes.<\/p>\n<p>Parmi les autres objets mis en vente, on retrouvera \u00e9galement des moteurs de F1, des maquettes d\u2019\u00e9tudes et de soufflerie, sans compter des r\u00e9pliques (\u00e0 \u00e9chelle r\u00e9duite) de concept cars c\u00e9l\u00e8bres comme la Megane de 1988, la Pangea de 1997, la Renault Wind de 2004, le Talisman de 2001\u2026<\/p>\n<p>Pour Renault, l\u2019enjeu d\u00e9passe la simple mise en lumi\u00e8re de son riche patrimoine m\u00e9canique. Il s\u2019agit aussi de g\u00e9n\u00e9rer des ressources financi\u00e8res et de lib\u00e9rer de pr\u00e9cieux espaces sur son site historique, appel\u00e9 \u00e0 se transformer, d\u00e8s 2027, en un vaste mus\u00e9e d\u00e9di\u00e9 \u00e0 retracer la grande aventure du constructeur au losange.<\/p>\n<p>Du c\u00f4t\u00e9 de chez Renault, rappelons que l\u2019on a tout r\u00e9cemment officialis\u00e9 <a href=\"https:\/\/www.presse-citron.net\/renault-clio-6-v-5-citadine-changements-differences\/\" target=\"_blank\" rel=\"noopener\">la nouvelle Clio de sixi\u00e8me g\u00e9n\u00e9ration<\/a>. Une nouvelle version qui permet \u00e0 la citadine de revoir enti\u00e8rement son style, de simplifier sa gamme, d\u2019enrichir sa palette d\u2019\u00e9quipements et de chambouler ses motorisations.<\/p>\n<blockquote>\n<p class=\"text-base text-neutral-700 dark:text-neutral-300\">\ud83d\udccd Pour ne manquer aucune actualit\u00e9 de Presse-citron, suivez-nous sur <a href=\"https:\/\/news.google.com\/publications\/CAAqBggKMIPiNTC70wU?hl=fr&amp;gl=FR&amp;ceid=FR%3Afr\" target=\"_blank\" rel=\"noopener\">Google Actualit\u00e9s<\/a> et <a href=\"https:\/\/whatsapp.com\/channel\/0029VaCkGuz4NViitBXbEr0b\" target=\"_blank\" rel=\"noopener\">WhatsApp<\/a>.<\/p>\n<\/blockquote>\n","protected":false},"excerpt":{"rendered":"N\u00e9e il y a bient\u00f4t 130 ans de l\u2019audace des fr\u00e8res Renault, la marque au losange s\u2019est impos\u00e9e&hellip;\n","protected":false},"author":2,"featured_media":411461,"comment_status":"","ping_status":"","sticky":false,"template":"","format":"standard","meta":{"footnotes":""},"categories":[1412],"tags":[1451,1452,1453,1454,1455,1011,27,10651,60,4752],"class_list":{"0":"post-411460","1":"post","2":"type-post","3":"status-publish","4":"format-standard","5":"has-post-thumbnail","7":"category-f1","8":"tag-f1","9":"tag-formula-1","10":"tag-formula1","11":"tag-formule-1","12":"tag-formule1","13":"tag-fr","14":"tag-france","15":"tag-renault","16":"tag-sports","17":"tag-voiture"},"share_on_mastodon":{"url":"https:\/\/pubeurope.com\/@fr\/115252620465916826","error":""},"_links":{"self":[{"href":"https:\/\/www.europesays.com\/fr\/wp-json\/wp\/v2\/posts\/411460","targetHints":{"allow":["GET"]}}],"collection":[{"href":"https:\/\/www.europesays.com\/fr\/wp-json\/wp\/v2\/posts"}],"about":[{"href":"https:\/\/www.europesays.com\/fr\/wp-json\/wp\/v2\/types\/post"}],"author":[{"embeddable":true,"href":"https:\/\/www.europesays.com\/fr\/wp-json\/wp\/v2\/users\/2"}],"replies":[{"embeddable":true,"href":"https:\/\/www.europesays.com\/fr\/wp-json\/wp\/v2\/comments?post=411460"}],"version-history":[{"count":0,"href":"https:\/\/www.europesays.com\/fr\/wp-json\/wp\/v2\/posts\/411460\/revisions"}],"wp:featuredmedia":[{"embeddable":true,"href":"https:\/\/www.europesays.com\/fr\/wp-json\/wp\/v2\/media\/411461"}],"wp:attachment":[{"href":"https:\/\/www.europesays.com\/fr\/wp-json\/wp\/v2\/media?parent=411460"}],"wp:term":[{"taxonomy":"category","embeddable":true,"href":"https:\/\/www.europesays.com\/fr\/wp-json\/wp\/v2\/categories?post=411460"},{"taxonomy":"post_tag","embeddable":true,"href":"https:\/\/www.europesays.com\/fr\/wp-json\/wp\/v2\/tags?post=411460"}],"curies":[{"name":"wp","href":"https:\/\/api.w.org\/{rel}","templated":true}]}}