{"id":411466,"date":"2025-09-23T08:18:14","date_gmt":"2025-09-23T08:18:14","guid":{"rendered":"https:\/\/www.europesays.com\/fr\/411466\/"},"modified":"2025-09-23T08:18:14","modified_gmt":"2025-09-23T08:18:14","slug":"la-plus-grande-honte-de-ma-vie-anne-sophie-lapix-encore-toute-rouge-de-sa-rencontre-avec-celine-dion","status":"publish","type":"post","link":"https:\/\/www.europesays.com\/fr\/411466\/","title":{"rendered":"\u00ab\u00a0La plus grande honte de ma vie\u00a0\u00bb : Anne-Sophie Lapix encore toute rouge de sa rencontre avec C\u00e9line Dion"},"content":{"rendered":"<p>Depuis la rentr\u00e9e, <a href=\"https:\/\/www.closermag.fr\/people\/petite-difference-dage-anne-sophie-lapix-draguee-par-robert-redford-elle-ne-cache-pas-sa-gene-3580171\" target=\"_blank\" rel=\"noopener\"><br \/>\nAnne-Sophie Lapix<\/a> est devenue l\u00a0\u00bbun des nouveaux visages de<br \/>\nl&rsquo;information au sein du groupe M6. Pour rappel, la journaliste a<br \/>\npr\u00e9sent\u00e9 quotidiennement le JT de 20h de France 2 du lundi au jeudi<br \/>\n<strong>durant huit longues ann\u00e9es<\/strong>. Un poste dont elle<br \/>\navait h\u00e9rit\u00e9 suite au d\u00e9part de <a href=\"https:\/\/www.closermag.fr\/people\/david-pujadas-complexe-par-son-physique-alors-pour-seduire-il-a-mise-sur-autre-chose-3572386\" target=\"_blank\" rel=\"noopener\"><br \/>\nDavid Pujadas<\/a> pour LCI en 2017. Ce qui l&rsquo;avait alors contrainte<br \/>\n\u00e0 laisser la pr\u00e9sentation de C \u00e0 vous \u00e0 sa chroniqueuse <a href=\"https:\/\/www.closermag.fr\/people\/alors-que-valery-giscard-destaing-anne-elisabeth-lemoine-ose-une-remarque-detonante-sur-lady-diana-3580276\" target=\"_blank\" rel=\"noopener\"><br \/>\nAnne-Elisabeth Lemoine<\/a> sur France 5.<\/p>\n<p>Finalement, la direction de France T\u00e9l\u00e9visions a d\u00e9cid\u00e9<br \/>\n<strong>d&rsquo;\u00e9carter Anne-Sophie Lapix du JT de 20h de France<br \/>\n2<\/strong> il y a quelques mois. Apr\u00e8s avoir envisag\u00e9 d&rsquo;offrir son<br \/>\nposte \u00e0 Caroline Roux, qui l&rsquo;a d\u00e9clin\u00e9 afin de poursuivre la<br \/>\npr\u00e9sentation de l&rsquo;\u00e9mission C dans l&rsquo;air sur France 5. Les<br \/>\ndirigeants de France 2 ont finalement jet\u00e9 leur d\u00e9volu sur<br \/>\nl&rsquo;animatrice de l&rsquo;\u00e9mission Quelle \u00e9poque !, <a href=\"https:\/\/www.telestar.fr\/actu_tv\/lea-salame-fait-un-lapsus-genant-en-parlant-de-cedric-jubillar-elle-continue-comme-si-de-rien-netait-1739047\" target=\"_blank\" rel=\"noopener\"><br \/>\nL\u00e9a Salam\u00e9<\/a>.<\/p>\n<p>L&rsquo;ancienne pr\u00e9sentatrice du JT de 20h de France 2 officie<br \/>\nd\u00e9sormais sur M6 et RTL<\/p>\n<p>Si cette derni\u00e8re poursuit actuellement la pr\u00e9sentation de son<br \/>\ntalk-show quotidien en parall\u00e8le de ses nouvelles responsabilit\u00e9s<br \/>\nau JT de 20h de France 2. Elle a malheureusement \u00e9t\u00e9<br \/>\n<strong>contrainte de quitter la matinale de France Inter.<\/strong><br \/>\nQu&rsquo;elle pr\u00e9sentait aux c\u00f4t\u00e9s de Nicolas de Demorand depuis 2017. La<br \/>\nstation publique a ainsi d\u00e9bauch\u00e9 Benjamin Duhamel en provenance de<br \/>\nBFMTV pour la remplacer. De son c\u00f4t\u00e9, Anne-Sophie Lapix a h\u00e9rit\u00e9 de<br \/>\ndeux nouveaux rendez-vous au sein du groupe M6.<\/p>\n<p>En effet, la journaliste a pris la succession d&rsquo;Yves Calvi aux<br \/>\ncommandes de l&rsquo;\u00e9dition quotidienne d&rsquo;information diffus\u00e9e entre 18h<br \/>\net 20h sur RTL. Elle a \u00e9galement h\u00e9rit\u00e9 d&rsquo;un <strong>entretien<br \/>\nhebdomadaire diffus\u00e9 chaque dimanche \u00e0 partir de 20h10 sur<br \/>\nM6.<\/strong> De son c\u00f4t\u00e9, l&rsquo;ancien matinalier de la station du<br \/>\ngroupe M6, qui avait \u00e9t\u00e9 remplac\u00e9 par Thomas Sotto un an plus t\u00f4t,<br \/>\na quitt\u00e9 RTL pour rejoindre LCI.<\/p>\n<blockquote class=\"twitter-tweet\"><p><a class=\"twitter-link\" rel=\"noindex, nofollow noopener\" href=\"https:\/\/twitter.com\/RTLFrance\/status\/1970171830787850660\" target=\"_blank\"><\/p><\/blockquote>\n<p>Anne-Sophie Lapix : \u00ab\u00a0J&rsquo;ai d\u00e9j\u00e0 chant\u00e9<br \/>\ndevant C\u00e9line Dion, en imitant C\u00e9line Dion. Mais sans savoir<br \/>\nqu&rsquo;elle m&rsquo;entendait !\u00a0\u00bb<\/p>\n<p>Lundi 22 septembre 2025, Anne-Sophie Lapix \u00e9tait aux commandes<br \/>\nd&rsquo;un nouveau num\u00e9ro de RTL Soir sur la station du groupe M6. Ce<br \/>\njour-l\u00e0, l&rsquo;une de ses chroniqueuses a notamment \u00e9voqu\u00e9\u00a0le<br \/>\nspectacle baptis\u00e9 G\u00e9n\u00e9ration C\u00e9line, qui rend hommage \u00e0<br \/>\n<a href=\"https:\/\/www.closermag.fr\/people\/celine-dion-a-quoi-ressemble-son-hallucinante-villa-a-las-vegas-photos-3460724\" target=\"_blank\" rel=\"noopener\"><br \/>\nC\u00e9line Dion<\/a>. Et qui partira en tourn\u00e9e dans toute la France \u00e0<br \/>\npartir du 9 janvier 2026. L&rsquo;animatrice en a alors profit\u00e9 pour<br \/>\nd\u00e9voiler <strong>une anecdote au sujet de sa rencontre avec la<br \/>\nchanteuse<\/strong> originaire du Qu\u00e9bec.<\/p>\n<p>\u00ab\u00a0Vous savez que j&rsquo;ai d\u00e9j\u00e0 chant\u00e9 devant C\u00e9line Dion, en<br \/>\nimitant C\u00e9line Dion. Mais sans savoir qu&rsquo;elle m&rsquo;entendait ! La plus<br \/>\ngrande honte de ma vie. Elle \u00e9tait dans une salle, elle regardait<br \/>\nla t\u00e9l\u00e9vision. Et moi je l&rsquo;attendais sur un plateau pour<br \/>\nl&rsquo;interviewer. <strong>Elle est arriv\u00e9e et elle m&rsquo;a dit : &lsquo;C&rsquo;\u00e9tait<br \/>\nsuper !&rsquo;.<\/strong> Et l\u00e0, je suis devenue \u00e9carlate bien s\u00fbr.<br \/>\nHumiliation totale. Je ne sais plus ce que je chantais. Mais en<br \/>\ntout cas avec un accent bien rat\u00e9\u00a0\u00bb, a ainsi r\u00e9v\u00e9l\u00e9 Anne-Sophie<br \/>\nLapix.<\/p>\n<p><script async src=\"https:\/\/platform.twitter.com\/widgets.js\" charset=\"utf-8\"><\/script><\/p>\n","protected":false},"excerpt":{"rendered":"Depuis la rentr\u00e9e, Anne-Sophie Lapix est devenue l\u00a0\u00bbun des nouveaux visages de l&rsquo;information au sein du groupe M6.&hellip;\n","protected":false},"author":2,"featured_media":411467,"comment_status":"","ping_status":"","sticky":false,"template":"","format":"standard","meta":{"footnotes":""},"categories":[1359],"tags":[21313,548,58,59,1011,27,973],"class_list":{"0":"post-411466","1":"post","2":"type-post","3":"status-publish","4":"format-standard","5":"has-post-thumbnail","7":"category-people","8":"tag-anne-sophie-lapix","9":"tag-article-simple","10":"tag-divertissement","11":"tag-entertainment","12":"tag-fr","13":"tag-france","14":"tag-people"},"share_on_mastodon":{"url":"https:\/\/pubeurope.com\/@fr\/115252632183053085","error":""},"_links":{"self":[{"href":"https:\/\/www.europesays.com\/fr\/wp-json\/wp\/v2\/posts\/411466","targetHints":{"allow":["GET"]}}],"collection":[{"href":"https:\/\/www.europesays.com\/fr\/wp-json\/wp\/v2\/posts"}],"about":[{"href":"https:\/\/www.europesays.com\/fr\/wp-json\/wp\/v2\/types\/post"}],"author":[{"embeddable":true,"href":"https:\/\/www.europesays.com\/fr\/wp-json\/wp\/v2\/users\/2"}],"replies":[{"embeddable":true,"href":"https:\/\/www.europesays.com\/fr\/wp-json\/wp\/v2\/comments?post=411466"}],"version-history":[{"count":0,"href":"https:\/\/www.europesays.com\/fr\/wp-json\/wp\/v2\/posts\/411466\/revisions"}],"wp:featuredmedia":[{"embeddable":true,"href":"https:\/\/www.europesays.com\/fr\/wp-json\/wp\/v2\/media\/411467"}],"wp:attachment":[{"href":"https:\/\/www.europesays.com\/fr\/wp-json\/wp\/v2\/media?parent=411466"}],"wp:term":[{"taxonomy":"category","embeddable":true,"href":"https:\/\/www.europesays.com\/fr\/wp-json\/wp\/v2\/categories?post=411466"},{"taxonomy":"post_tag","embeddable":true,"href":"https:\/\/www.europesays.com\/fr\/wp-json\/wp\/v2\/tags?post=411466"}],"curies":[{"name":"wp","href":"https:\/\/api.w.org\/{rel}","templated":true}]}}