{"id":411472,"date":"2025-09-23T08:21:11","date_gmt":"2025-09-23T08:21:11","guid":{"rendered":"https:\/\/www.europesays.com\/fr\/411472\/"},"modified":"2025-09-23T08:21:11","modified_gmt":"2025-09-23T08:21:11","slug":"tous-les-americains-ne-pourront-pas-voir-le-retour-de-lanimateur-sur-abc","status":"publish","type":"post","link":"https:\/\/www.europesays.com\/fr\/411472\/","title":{"rendered":"tous les Am\u00e9ricains ne pourront pas voir le retour de l\u2019animateur sur ABC"},"content":{"rendered":"\n<p> La lecture de ce contenu est susceptible d\u2019entra\u00eener un d\u00e9p\u00f4t de cookies de la part de l\u2019op\u00e9rateur tiers qui l\u2019h\u00e9berge. Compte-tenu des choix que vous avez exprim\u00e9s en mati\u00e8re de d\u00e9p\u00f4t de cookies, nous avons bloqu\u00e9 l\u2019affichage de ce contenu. Si vous souhaitez y acc\u00e9der, vous devez accepter la cat\u00e9gorie de cookies \u201cContenus tiers\u201d en cliquant sur le bouton ci-dessous. <\/p>\n<p> Lire la Vid\u00e9o              <\/p>\n<p class=\"asset asset-text\">INTERNATIONAL &#8211; Une suspension temporaire qui laisse des s\u00e9quelles bien visibles. Disney et ABC ont finalement annonc\u00e9 le <a href=\"https:\/\/www.huffingtonpost.fr\/international\/article\/jimmy-kimmel-retrouve-finalement-son-talk-show-apres-avoir-ete-suspendu_255129.html\" target=\"_blank\" rel=\"noopener\">retour \u00e0 l\u2019antenne d\u00e8s de mardi du c\u00e9l\u00e8bre pr\u00e9sentateur<\/a> am\u00e9ricain Jimmy Kimmel. Un retour sur le petit \u00e9cran qui fait forc\u00e9ment du bruit apr\u00e8s sa suspension \u00e0 titre provisoire pour des <a href=\"https:\/\/www.huffingtonpost.fr\/international\/video\/jimmy-kimmel-suspendu-sur-abc-on-vous-resume-le-sketch-qui-a-valu-sa-sanction-et-en-quoi-c-est-inquietant_254968.html\" target=\"_blank\" rel=\"noopener\">propos tenus dans son c\u00e9l\u00e8bre monologue<\/a> de d\u00e9but d\u2019\u00e9mission au sujet de<a href=\"https:\/\/www.huffingtonpost.fr\/international\/video\/je-suis-charlie-kirk-un-hommage-xxl-a-l-influenceur-pro-trump-assassine-en-arizona_255090.html\" target=\"_blank\" rel=\"noopener\"> l\u2019assassinat de Charlie Kirk<\/a>.<\/p>\n<p class=\"asset asset-text\">\u00ab\u00a0Nous avons pass\u00e9 les derniers jours \u00e0 avoir des conversations r\u00e9fl\u00e9chies avec Jimmy, et apr\u00e8s ces discussions, nous avons pris la d\u00e9cision de reprendre l\u2019\u00e9mission\u00a0\u00bb, a ainsi annonc\u00e9 le groupe qui d\u00e9tient la cha\u00eene ABC o\u00f9 est habituellement diffus\u00e9 <a href=\"https:\/\/www.huffingtonpost.fr\/divertissement\/article\/incendies-a-los-angeles-jimmy-kimmel-tres-emu-pour-le-retour-de-son-late-night-show-a-l-antenne_244808.html\" target=\"_blank\" rel=\"noopener\">le late-show Jimmy Kimmel Live\u00a0!<\/a>.<\/p>\n<p class=\"asset asset-text\">Pour son retour \u00e0 l\u2019antenne mardi soir aux \u00c9tats-Unis, l\u2019\u00e9mission restera quand m\u00eame marqu\u00e9e par cet <a href=\"https:\/\/www.huffingtonpost.fr\/culture\/article\/angelina-jolie-inquiete-en-matiere-de-liberte-d-expression-dit-ne-plus-reconnaitre-les-etats-unis_255115.html\" target=\"_blank\" rel=\"noopener\">\u00e9pisode inqui\u00e9tant pour la libert\u00e9 d\u2019expression aux \u00c9tats-Unis<\/a>. Car malgr\u00e9 le retour annonc\u00e9 de Jimmy Kimmel, les t\u00e9l\u00e9spectateurs am\u00e9ricains ne pourront pas tous profiter de son \u00ab\u00a0come-back\u00a0\u00bb forc\u00e9ment tr\u00e8s attendu apr\u00e8s plusieurs jours de scandale \u00e0 \u00e9chelle nationale. Sur fond de connivence entre certains grands groupes de m\u00e9dias et l\u2019administration de <a href=\"https:\/\/www.huffingtonpost.fr\/medias\/article\/apres-jimmy-kimmel-donald-trump-designe-seth-meyers-et-jimmy-fallon-les-prochains-sur-la-liste_254977.html\" target=\"_blank\" rel=\"noopener\">Donald Trump<\/a>.<\/p>\n<p class=\"asset asset-text\">Visage familier du public am\u00e9ricain, Jimmy Kimmel a d\u00e9j\u00e0 pr\u00e9sent\u00e9 23\u00a0saisons de son \u00e9mission sur ABC et occup\u00e9 quatre fois le r\u00f4le d\u2019h\u00f4te de la c\u00e9r\u00e9monie des Oscars (2017, 2018, 2023 et 2024). Malgr\u00e9 ce statut, le retour de son \u00e9mission ne sera pas accessible partout dans le pays. En cause\u00a0? Une d\u00e9cision du Sinclair\u00a0Broadcast Group, un propri\u00e9taire de stations t\u00e9l\u00e9 qui avait \u2212 avec le groupe similaire Nexstar \u2212 <a href=\"https:\/\/www.huffingtonpost.fr\/international\/article\/jimmy-kimmel-star-de-la-tele-americaine-evince-par-abc-a-cause-de-ses-propos-sur-charlie-kirk_254959.html\" target=\"_blank\" rel=\"noopener\">insist\u00e9 aupr\u00e8s de Disney pour retirer l\u2019\u00e9mission de ses ondes<\/a> compte tenu des propos de Jimmy Kimmel apr\u00e8s la mort par balle de l\u2019influenceur trumpiste.<\/p>\n<p>                     \u00ab\u00a0Le retour potentiel de l\u2019\u00e9mission\u00a0\u00bb \u00e0 l\u2019\u00e9tude    <\/p>\n<p class=\"asset asset-text\">Jimmy Kimmel Live\u00a0! ne sera donc pas visible partout aux \u00c9tats-Unis. Une situation qui s\u2019explique par la d\u00e9cision de Sinclair de remplacer le retour de l\u2019\u00e9mission de Jimmy Kimmel par \u00ab\u00a0des programmes d\u2019information\u00a0\u00bb. En clair, \u00ab\u00a0Sinclair remplacera\u00a0Jimmy Kimmel Live\u00a0! sur (ses) stations affili\u00e9es \u00e0 ABC\u00a0\u00bb. Un geste d\u2019obstruction d\u00e9voil\u00e9 dans un communiqu\u00e9, qui permet au propri\u00e9taire de stations de continuer de mettre la pression sur Jimmy Kimmel et son programme phare. \u00ab\u00a0Des discussions sont en cours avec ABC pour \u00e9valuer le retour potentiel de l\u2019\u00e9mission\u00a0\u00bb, pr\u00e9cise toutefois Sinclair dans son communiqu\u00e9, relay\u00e9 par <a href=\"https:\/\/www.hollywoodreporter.com\/business\/business-news\/sinclair-preempt-jimmy-kimmel-live-return-abc-1236377475\/\" target=\"_blank\" rel=\"noopener\" title=\"Nouvelle fen\u00eatre\">The Hollywood Reporter<\/a>. Mais en attendant une inflexion de la part de Sinclair, ce sont les t\u00e9l\u00e9spectateurs am\u00e9ricains qui vont trinquer.<\/p>\n<p class=\"asset asset-text\">En effet, Sinclair d\u00e9tient la majeure partie des stations ind\u00e9pendantes diffusant ABC aux \u00c9tats-Unis. Avec 38\u00a0stations sous sa coupe, Sinclair est m\u00eame\u00a0le plus grand propri\u00e9taire de stations ABC sur le sol am\u00e9ricain. Y compris WJLA, filiale d\u2019ABC qui d\u00e9sert notamment la r\u00e9gion de Washington DC, comme le note \u00e9galement le m\u00e9dia am\u00e9ricain sp\u00e9cialis\u00e9.<\/p>\n<p class=\"asset asset-text\">D\u2019ici mardi soir, ABC va devoir batailler avec ce groupe de t\u00e9l\u00e9vision pour permettre \u00e0 un maximum de spectateurs d\u2019assister au retour du pr\u00e9sentateur et de son late-show. \u00c0 ce sujet, le ou les invit\u00e9s de cette \u00e9mission pas comme les autres ne sont pas encore connus.<\/p>\n","protected":false},"excerpt":{"rendered":"La lecture de ce contenu est susceptible d\u2019entra\u00eener un d\u00e9p\u00f4t de cookies de la part de l\u2019op\u00e9rateur tiers&hellip;\n","protected":false},"author":2,"featured_media":411473,"comment_status":"","ping_status":"","sticky":false,"template":"","format":"standard","meta":{"footnotes":""},"categories":[1356],"tags":[251,58,59,73,1011,27,14,39997,500,252,1364],"class_list":{"0":"post-411472","1":"post","2":"type-post","3":"status-publish","4":"format-standard","5":"has-post-thumbnail","7":"category-television","8":"tag-culture","9":"tag-divertissement","10":"tag-entertainment","11":"tag-etats-unis","12":"tag-fr","13":"tag-france","14":"tag-international","15":"tag-jimmy-kimmel","16":"tag-medias","17":"tag-television","18":"tag-tv"},"share_on_mastodon":{"url":"https:\/\/pubeurope.com\/@fr\/115252644131851114","error":""},"_links":{"self":[{"href":"https:\/\/www.europesays.com\/fr\/wp-json\/wp\/v2\/posts\/411472","targetHints":{"allow":["GET"]}}],"collection":[{"href":"https:\/\/www.europesays.com\/fr\/wp-json\/wp\/v2\/posts"}],"about":[{"href":"https:\/\/www.europesays.com\/fr\/wp-json\/wp\/v2\/types\/post"}],"author":[{"embeddable":true,"href":"https:\/\/www.europesays.com\/fr\/wp-json\/wp\/v2\/users\/2"}],"replies":[{"embeddable":true,"href":"https:\/\/www.europesays.com\/fr\/wp-json\/wp\/v2\/comments?post=411472"}],"version-history":[{"count":0,"href":"https:\/\/www.europesays.com\/fr\/wp-json\/wp\/v2\/posts\/411472\/revisions"}],"wp:featuredmedia":[{"embeddable":true,"href":"https:\/\/www.europesays.com\/fr\/wp-json\/wp\/v2\/media\/411473"}],"wp:attachment":[{"href":"https:\/\/www.europesays.com\/fr\/wp-json\/wp\/v2\/media?parent=411472"}],"wp:term":[{"taxonomy":"category","embeddable":true,"href":"https:\/\/www.europesays.com\/fr\/wp-json\/wp\/v2\/categories?post=411472"},{"taxonomy":"post_tag","embeddable":true,"href":"https:\/\/www.europesays.com\/fr\/wp-json\/wp\/v2\/tags?post=411472"}],"curies":[{"name":"wp","href":"https:\/\/api.w.org\/{rel}","templated":true}]}}