{"id":411478,"date":"2025-09-23T08:24:13","date_gmt":"2025-09-23T08:24:13","guid":{"rendered":"https:\/\/www.europesays.com\/fr\/411478\/"},"modified":"2025-09-23T08:24:13","modified_gmt":"2025-09-23T08:24:13","slug":"negliger-cette-habitude-quotidienne-peut-tripler-le-risque-de-cancer-du-pancreas","status":"publish","type":"post","link":"https:\/\/www.europesays.com\/fr\/411478\/","title":{"rendered":"N\u00e9gliger cette habitude quotidienne peut tripler le risque de cancer du pancr\u00e9as"},"content":{"rendered":"<p class=\"app_entry_lead\">\n<p>                    <a title=\"\u00a0\u00a9\u00a0123RF\" href=\"https:\/\/www.europesays.com\/fr\/wp-content\/uploads\/2025\/09\/80552886.jpg\" class=\"fancy\"><\/p>\n<p>                            <img loading=\"lazy\" decoding=\"async\" src=\"https:\/\/www.europesays.com\/fr\/wp-content\/uploads\/2025\/09\/80552886.jpg\" alt=\"N\u00e9gliger cette habitude quotidienne peut tripler le risque de cancer du pancr\u00e9as\" width=\"1500\" height=\"1001\"\/><\/p>\n<p>                    <\/a><\/p>\n<p>                Des chercheurs ont mis en \u00e9vidence un potentiel nouveau facteur de risque du cancer du pancr\u00e9as, qui est de plus en plus fr\u00e9quent.<\/p>\n<p>En France, le cancer du pancr\u00e9as est le 6e plus fr\u00e9quent.\u00a0En 2023, pr\u00e8s de 16\u00a0000\u00a0nouveaux cas ont \u00e9t\u00e9 diagnostiqu\u00e9s, d&rsquo;apr\u00e8s la <a href=\"https:\/\/www.ligue-cancer.net\/questce-que-le-cancer\/les-types-de-cancer\/cancer-du-pancreas\" target=\"_blank\" rel=\"noopener\">Ligue contre le cancer<\/a>. Le nombre de cas augmente : il progresse d&rsquo;environ 2\u00a0%\u00a0chez les femmes et 1,6\u00a0% chez les hommes chaque ann\u00e9e depuis 2010.\u00a0Les raisons de cette augmentation ne sont pour l&rsquo;instant pas connues.\u00a0Les facteurs de risque du cancer du pancr\u00e9as sont pourtant bien identifi\u00e9s : tabagisme, ob\u00e9sit\u00e9 et surpoids, syndrome m\u00e9tabolique, diab\u00e8te et ant\u00e9c\u00e9dents familiaux.\u00a0Des chercheurs am\u00e9ricains pourraient bien avoir trouv\u00e9 un autre facteur de risque, li\u00e9 \u00e0 nos habitudes quotidiennes.<\/p>\n<p>Les scientifiques ont en effet d\u00e9couvert un lien entre le microbiome de la bouche (c&rsquo;est-\u00e0-dire l&rsquo;ensemble des bact\u00e9ries et champignons qui y vivent) et le cancer du pancr\u00e9as. Pour cela, ils ont analys\u00e9 la salive de 122\u00a0000\u00a0personnes en bonne sant\u00e9 dont l&rsquo;\u00e9tat de sant\u00e9 a \u00e9t\u00e9 suivi pendant environ 9\u00a0ans.\u00a0Une partie des participants a d\u00e9velopp\u00e9 un cancer du pancr\u00e9as au cours du suivi : les chercheurs ont ainsi pu comparer leur salive avec celle des personnes en bonne sant\u00e9, en prenant en compte d&rsquo;autres facteurs de risque.<\/p>\n<p><img decoding=\"async\" alt=\"\" src=\"https:\/\/www.europesays.com\/fr\/wp-content\/uploads\/2025\/09\/80553117.jpg\"\/><br \/>\n\u00a9\u00a0123RF<\/p>\n<p>Leur \u00e9tude a montr\u00e9 que \u00ab\u00a027\u00a0esp\u00e8ces de bact\u00e9ries et de champignons parmi les centaines qui vivent dans la bouche des \u00eatres humains sont associ\u00e9es \u00e0 un risque 3,5\u00a0fois plus \u00e9lev\u00e9 de d\u00e9velopper un cancer du pancr\u00e9as\u00a0\u00bb,\u00a0expliquent-ils dans un <a href=\"https:\/\/www.eurekalert.org\/news-releases\/1098465\" target=\"_blank\" rel=\"noopener\">communiqu\u00e9<\/a>. Ils ont \u00e9galement d\u00e9couvert qu&rsquo;un champignon appel\u00e9 Candida pourrait \u00ab\u00a0jouer\u00a0un r\u00f4le dans le cancer du pancr\u00e9as\u00a0\u00bb.\u00a0Les chercheurs l&rsquo;ont d&rsquo;ailleurs \u00ab\u00a0identifi\u00e9 dans les tumeurs pancr\u00e9atiques des patients\u00a0\u00bb.<\/p>\n<p>Cette \u00e9tude apporte ainsi \u00ab\u00a0un nouvel \u00e9clairage sur la relation entre le microbiome buccal et le cancer du pancr\u00e9as\u00a0\u00bb, d&rsquo;apr\u00e8s l&rsquo;auteur principal de l&rsquo;\u00e9tude, Yixuan Meng. Il \u00e9tait d\u00e9j\u00e0 \u00ab\u00a0depuis longtemps observ\u00e9 que les personnes ayant une mauvaise sant\u00e9 bucco-dentaire sont plus vuln\u00e9rables au cancer du pancr\u00e9as que celles ayant une bouche plus saine\u00a0\u00bb. Il a aussi \u00e9t\u00e9 prouv\u00e9 que les bact\u00e9ries de la bouche peuvent migrer jusqu&rsquo;au pancr\u00e9as,\u00a0cet organe impliqu\u00e9 dans la digestion.\u00a0<\/p>\n<p>Cette d\u00e9couverte permet donc, d&rsquo;un c\u00f4t\u00e9, d&rsquo;apporter de nouvelles preuves d&rsquo;un lien entre la sant\u00e9 bucco-dentaire et le cancer du pancr\u00e9as ; et de l&rsquo;autre, d&rsquo;apporter un potentiel nouveau moyen de d\u00e9pistage.\u00a0\u00ab\u00a0Il existe actuellement peu de m\u00e9thodes efficaces de d\u00e9pistage de cette maladie\u00a0\u00bb, rappellent en effet les auteurs de <a href=\"https:\/\/jamanetwork.com\/journals\/jamaoncology\/article-abstract\/2839132\" target=\"_blank\" rel=\"noopener\">l&rsquo;\u00e9tude publi\u00e9e dans le JAMA\u00a0Oncology<\/a>. Ils estiment que \u00ab\u00a0le microbiote buccal semble prometteur en tant que biomarqueur permettant d&rsquo;identifier les personnes pr\u00e9sentant un risque \u00e9lev\u00e9 de cancer du pancr\u00e9as, ce qui pourrait contribuer \u00e0 une pr\u00e9vention personnalis\u00e9e\u00a0\u00bb.\u00a0<\/p>\n<p>Au-del\u00e0 du cancer du pancr\u00e9as, de plus en plus de recherches mettent en \u00e9vidence l&rsquo;importance de l&rsquo;hygi\u00e8ne bucco-dentaire sur la sant\u00e9 globale. Des liens notamment avec Alzheimer ou certains cancers ont \u00e9t\u00e9 d\u00e9couverts.\u00a0\u00ab\u00a0Il est plus \u00e9vident que jamais que se brosser les dents et utiliser du fil dentaire peut aussi prot\u00e9ger contre le cancer\u00a0\u00bb, a d\u00e9clar\u00e9 Richard Hayes, coauteur principal de l&rsquo;\u00e9tude.<\/p>\n","protected":false},"excerpt":{"rendered":"Des chercheurs ont mis en \u00e9vidence un potentiel nouveau facteur de risque du cancer du pancr\u00e9as, qui est&hellip;\n","protected":false},"author":2,"featured_media":411479,"comment_status":"","ping_status":"","sticky":false,"template":"","format":"standard","meta":{"footnotes":""},"categories":[10],"tags":[54271,51761,51763,1011,27,72,51979,2778,51767,71],"class_list":{"0":"post-411478","1":"post","2":"type-post","3":"status-publish","4":"format-standard","5":"has-post-thumbnail","7":"category-sante","8":"tag-cms-linternaute-8857860","9":"tag-controller-content","10":"tag-format-papier","11":"tag-fr","12":"tag-france","13":"tag-health","14":"tag-les-histoires-de-linternaute","15":"tag-maladies","16":"tag-parallaxeinfeed","17":"tag-sante"},"share_on_mastodon":{"url":"https:\/\/pubeurope.com\/@fr\/115252655924823172","error":""},"_links":{"self":[{"href":"https:\/\/www.europesays.com\/fr\/wp-json\/wp\/v2\/posts\/411478","targetHints":{"allow":["GET"]}}],"collection":[{"href":"https:\/\/www.europesays.com\/fr\/wp-json\/wp\/v2\/posts"}],"about":[{"href":"https:\/\/www.europesays.com\/fr\/wp-json\/wp\/v2\/types\/post"}],"author":[{"embeddable":true,"href":"https:\/\/www.europesays.com\/fr\/wp-json\/wp\/v2\/users\/2"}],"replies":[{"embeddable":true,"href":"https:\/\/www.europesays.com\/fr\/wp-json\/wp\/v2\/comments?post=411478"}],"version-history":[{"count":0,"href":"https:\/\/www.europesays.com\/fr\/wp-json\/wp\/v2\/posts\/411478\/revisions"}],"wp:featuredmedia":[{"embeddable":true,"href":"https:\/\/www.europesays.com\/fr\/wp-json\/wp\/v2\/media\/411479"}],"wp:attachment":[{"href":"https:\/\/www.europesays.com\/fr\/wp-json\/wp\/v2\/media?parent=411478"}],"wp:term":[{"taxonomy":"category","embeddable":true,"href":"https:\/\/www.europesays.com\/fr\/wp-json\/wp\/v2\/categories?post=411478"},{"taxonomy":"post_tag","embeddable":true,"href":"https:\/\/www.europesays.com\/fr\/wp-json\/wp\/v2\/tags?post=411478"}],"curies":[{"name":"wp","href":"https:\/\/api.w.org\/{rel}","templated":true}]}}