{"id":411485,"date":"2025-09-23T08:28:10","date_gmt":"2025-09-23T08:28:10","guid":{"rendered":"https:\/\/www.europesays.com\/fr\/411485\/"},"modified":"2025-09-23T08:28:10","modified_gmt":"2025-09-23T08:28:10","slug":"les-aides-aux-entreprises-sont-la-correction-dune-erreur-macroeconomique-plaide-le-directeur-general-de-bpifrance","status":"publish","type":"post","link":"https:\/\/www.europesays.com\/fr\/411485\/","title":{"rendered":"Les aides aux entreprises sont \u00abla correction d\u2019une erreur macro\u00e9conomique\u00bb, plaide le directeur g\u00e9n\u00e9ral de Bpifrance"},"content":{"rendered":"<p>Invit\u00e9 sur BFM Business, Nicolas Dufourcq a aussi appel\u00e9 \u00e0 accepter le vieillissement de la population pour repenser la comp\u00e9titivit\u00e9 fran\u00e7aise.<\/p>\n<p class=\"fig-paragraph\">La pol\u00e9mique autour des aides publiques aux soci\u00e9t\u00e9s se poursuit. \u00abCe n\u2019est pas en taxant les entreprises qu\u2019on va traiter le probl\u00e8me\u00bb, a martel\u00e9\u00a0<a href=\"http:\/\/www.lefigaro.fr\/societes\/on-met-fin-au-capitalisme-et-on-passe-au-communisme-la-charge-de-nicolas-dufourcq-contre-la-taxe-zucman-20250919\" target=\"_blank\" data-fig-type=\"Article\" rel=\"noopener\" data-gtm-custom-categorie=\"navigation\" data-gtm-custom-action=\"crossclick\" data-gtm-custom-label=\"Contextuel\" data-gtm-event=\"customEventSPE\" data-fig-domain=\"LEFIGARO\">Nicolas Dufourcq<\/a>, invit\u00e9 du Grand Entretien de BFM Business ce mardi matin. Le directeur g\u00e9n\u00e9ral de Bpifrance a tenu \u00e0 d\u00e9construire une id\u00e9e largement r\u00e9pandue, en indiquant que les all\u00e8gements de charges ne sont pas des aides, mais bien \u00abla correction d\u2019une erreur macro\u00e9conomique\u00bb. \u00abC\u2019est mensonger de dire que les all\u00e8gements de charges sont des\u00a0<a href=\"http:\/\/www.lefigaro.fr\/societes\/aides-aux-entreprises-fermeture-d-usines-licenciements-mis-en-cause-par-complement-d-enquete-michelin-se-defend-20250919\" target=\"_blank\" data-fig-type=\"NewsFlash\" rel=\"noopener\" data-gtm-custom-categorie=\"navigation\" data-gtm-custom-action=\"crossclick\" data-gtm-custom-label=\"Contextuel\" data-gtm-event=\"customEventSPE\" data-fig-domain=\"LEFIGARO\">aides aux entreprises<\/a> . Si on veut faire travailler nos enfants, il faut faire en sorte que les entreprises puissent les embaucher\u00bb, a-t-il insist\u00e9.<\/p>\n<p class=\"fig-paragraph\">Selon lui, le v\u00e9ritable d\u00e9fi est ailleurs\u00a0: \u00abLa France a vieilli, il faut l\u2019accepter et se demander commet construire une \u00e9conomie dans un pays qui a\u00a0<a href=\"http:\/\/www.lefigaro.fr\/actualite-france\/mes-enfants-sont-trop-gates-et-je-crains-pour-mes-petits-enfants-le-regard-de-ceux-qui-ont-precede-les-boomers-20250920\" target=\"_blank\" data-fig-type=\"Article\" rel=\"noopener\" data-gtm-custom-categorie=\"navigation\" data-gtm-custom-action=\"crossclick\" data-gtm-custom-label=\"Contextuel\" data-gtm-event=\"customEventSPE\" data-fig-domain=\"LEFIGARO\">vieilli<\/a> . Nous sommes un pays qui se transforme, o\u00f9 il y a d\u00e9sormais beaucoup plus de cheveux blancs sur les plages.\u00bb S\u2019il reconna\u00eet que la croissance fran\u00e7aise plafonne autour de 1%, il appelle \u00e0 b\u00e2tir \u00abl\u2019\u00e9conomie la plus comp\u00e9titive possible dans ce contexte-l\u00e0\u00bb, sans c\u00e9der aux promesses de croissance miraculeuse. \u00abCeux qui nous promettent un point de croissance de plus qui va nous sauver, je ne les crois plus\u00bb, tranche-t-il.<\/p>\n<p class=\"fig-body-link\">\n            \u00c0 lire aussi<br \/>\n        <a class=\"fig-body-link__link\" href=\"http:\/\/www.lefigaro.fr\/societes\/on-met-fin-au-capitalisme-et-on-passe-au-communisme-la-charge-de-nicolas-dufourcq-contre-la-taxe-zucman-20250919\" data-fig-type=\"Article\" data-gtm-custom-categorie=\"navigation\" data-gtm-custom-action=\"crossclick\" data-gtm-custom-label=\"Contextuel\" data-gtm-event=\"customEventSPE\" data-fig-domain=\"LEFIGARO\" target=\"_blank\" rel=\"noopener\">\u00abOn met fin au capitalisme et on passe au communisme\u00bb\u00a0: la charge de Nicolas Dufourcq contre la taxe Zucman<br \/>\n    <\/a>\n<\/p>\n<p>                                    <a class=\"fig-a11y-skip a11y-hidden\" href=\"#fig-a11y-skip-main-inarticle\"><br \/>\n        Passer la publicit\u00e9<br \/>\n    <\/a><\/p>\n<p class=\"fig-paragraph\">Le patron de Bpifrance a n\u00e9anmoins tenu \u00e0 souligner la vitalit\u00e9 de l\u2019\u00e9cosyst\u00e8me entrepreneurial fran\u00e7ais\u00a0: \u00abLa France est f\u00e9conde, on n\u2019a jamais eu autant de projets dans nos agences r\u00e9gionales qu\u2019en ce moment\u00bb. Enfin, il a salu\u00e9 le bilan de la politique de l\u2019offre, en \u00e9voquant le\u00a0<a href=\"http:\/\/www.lefigaro.fr\/flash-eco\/ni-reconduction-de-la-surtaxe-sur-les-grandes-entreprises-ni-correction-du-pacte-dutreil-indique-eric-lombard-20250629\" target=\"_blank\" data-fig-type=\"NewsFlash\" rel=\"noopener\" data-gtm-custom-categorie=\"navigation\" data-gtm-custom-action=\"crossclick\" data-gtm-custom-label=\"Contextuel\" data-gtm-event=\"customEventSPE\" data-fig-domain=\"LEFIGARO\">pacte Dutreil<\/a>, qui a \u00absauv\u00e9 nos entreprises\u00bb, ainsi que les baisses de charges d\u00e9cid\u00e9es sous Emmanuel Macron ou le cr\u00e9dit d\u2019imp\u00f4t comp\u00e9titivit\u00e9 emploi (CICE), qui ont \u00abcontribu\u00e9 \u00e0 limiter le ch\u00f4mage\u00bb.<\/p>\n","protected":false},"excerpt":{"rendered":"Invit\u00e9 sur BFM Business, Nicolas Dufourcq a aussi appel\u00e9 \u00e0 accepter le vieillissement de la population pour repenser&hellip;\n","protected":false},"author":2,"featured_media":411486,"comment_status":"","ping_status":"","sticky":false,"template":"","format":"standard","meta":{"footnotes":""},"categories":[6],"tags":[6486,35,33,34,313,1011,27],"class_list":{"0":"post-411485","1":"post","2":"type-post","3":"status-publish","4":"format-standard","5":"has-post-thumbnail","7":"category-economie","8":"tag-bpifrance","9":"tag-business","10":"tag-economie","11":"tag-economy","12":"tag-entreprises","13":"tag-fr","14":"tag-france"},"share_on_mastodon":{"url":"https:\/\/pubeurope.com\/@fr\/115252671533713302","error":""},"_links":{"self":[{"href":"https:\/\/www.europesays.com\/fr\/wp-json\/wp\/v2\/posts\/411485","targetHints":{"allow":["GET"]}}],"collection":[{"href":"https:\/\/www.europesays.com\/fr\/wp-json\/wp\/v2\/posts"}],"about":[{"href":"https:\/\/www.europesays.com\/fr\/wp-json\/wp\/v2\/types\/post"}],"author":[{"embeddable":true,"href":"https:\/\/www.europesays.com\/fr\/wp-json\/wp\/v2\/users\/2"}],"replies":[{"embeddable":true,"href":"https:\/\/www.europesays.com\/fr\/wp-json\/wp\/v2\/comments?post=411485"}],"version-history":[{"count":0,"href":"https:\/\/www.europesays.com\/fr\/wp-json\/wp\/v2\/posts\/411485\/revisions"}],"wp:featuredmedia":[{"embeddable":true,"href":"https:\/\/www.europesays.com\/fr\/wp-json\/wp\/v2\/media\/411486"}],"wp:attachment":[{"href":"https:\/\/www.europesays.com\/fr\/wp-json\/wp\/v2\/media?parent=411485"}],"wp:term":[{"taxonomy":"category","embeddable":true,"href":"https:\/\/www.europesays.com\/fr\/wp-json\/wp\/v2\/categories?post=411485"},{"taxonomy":"post_tag","embeddable":true,"href":"https:\/\/www.europesays.com\/fr\/wp-json\/wp\/v2\/tags?post=411485"}],"curies":[{"name":"wp","href":"https:\/\/api.w.org\/{rel}","templated":true}]}}