{"id":411492,"date":"2025-09-23T08:32:22","date_gmt":"2025-09-23T08:32:22","guid":{"rendered":"https:\/\/www.europesays.com\/fr\/411492\/"},"modified":"2025-09-23T08:32:22","modified_gmt":"2025-09-23T08:32:22","slug":"la-librairie-quartier-latin-seduite-par-une-enquete-et-son-angle-de-vue-passionnant","status":"publish","type":"post","link":"https:\/\/www.europesays.com\/fr\/411492\/","title":{"rendered":"la librairie Quartier Latin s\u00e9duite par une enqu\u00eate et son \u00ab\u00a0angle de vue passionnant\u00a0\u00bb"},"content":{"rendered":"<p>Vanessa de Senarclens livre une histoire personnelle et singuli\u00e8re\u00a0: celle d\u2019une biblioth\u00e8que, vieille du XVIIIe si\u00e8cle, dont les 16\u00a0000 ouvrages se sont envol\u00e9s aux quatre coins de l\u2019Europe \u00e0 partir de 1945. Cette biblioth\u00e8que, qui appartenait \u00e0 sa belle-famille, n\u2019existe plus\u2026 Mais subsiste le meuble \u00e0 tiroir dans lequel des registres r\u00e9pertorient les ouvrages disparus. 16\u00a0000 fiches indiquent donc la r\u00e9f\u00e9rence et l\u2019origine de ces livres.<\/p>\n<p>La belle-famille de l\u2019autrice descend d\u2019une famille de la noblesse provinciale de Pom\u00e9ranie, \u00e0 l\u2019ouest de la Pologne. \u00ab La famille m\u00e8ne une vie aristocratique et habite le ch\u00e2teau de Plathe\u00a0\u00bb, pr\u00e9cise Daniel Damart. \u00ab\u00a0Celle-ci commence \u00e0 glaner de nombreux ouvrages au d\u00e9but du XVIIIe si\u00e8cle. La biblioth\u00e8que contient des ouvrages rarissimes, d\u2019une grande valeur, certains remontent m\u00eame au XIVe si\u00e8cle\u2026\u00a0\u00bb<\/p>\n<p>La collection s\u2019enrichit de g\u00e9n\u00e9ration en g\u00e9n\u00e9ration jusqu\u2019en 1945. La biblioth\u00e8que dispara\u00eet dans le sillage de la perc\u00e9e russe alors que les Sovi\u00e9tiques marchent sur Berlin.<\/p>\n<p>Quand elle d\u00e9couvre l\u2019existence d\u2019une telle collection aujourd\u2019hui perdue, Vanessa de Senarclens d\u00e9cide de parcourir l\u2019Europe \u00e0 l\u2019aide des registres conserv\u00e9s pour retracer la trajectoire des livres d\u00e9log\u00e9s de la biblioth\u00e8que familiale et d\u00e9couvrir ce qu\u2019ils sont devenus. \u00ab C\u2019est une enqu\u00eate sur plusieurs fronts, une enqu\u00eate \u00e0 travers la litt\u00e9rature europ\u00e9enne, une enqu\u00eate historique, en Pom\u00e9ranie, en Allemagne, mais aussi une enqu\u00eate personnelle\u00a0\u00bb, r\u00e9sume Daniel Damart.<\/p>\n","protected":false},"excerpt":{"rendered":"Vanessa de Senarclens livre une histoire personnelle et singuli\u00e8re\u00a0: celle d\u2019une biblioth\u00e8que, vieille du XVIIIe si\u00e8cle, dont les&hellip;\n","protected":false},"author":2,"featured_media":411493,"comment_status":"","ping_status":"","sticky":false,"template":"","format":"standard","meta":{"footnotes":""},"categories":[9653],"tags":[1111,11,2430,1687,7539,1777,674,1011,27,2410,12,25,4001,7538],"class_list":{"0":"post-411492","1":"post","2":"type-post","3":"status-publish","4":"format-standard","5":"has-post-thumbnail","7":"category-saint-etienne","8":"tag-actu","9":"tag-actualites","10":"tag-auvergne-rhone-alpes","11":"tag-culture-loisirs","12":"tag-edition-loire-sud","13":"tag-eu","14":"tag-europe","15":"tag-fr","16":"tag-france","17":"tag-livres-bd","18":"tag-news","19":"tag-republique-francaise","20":"tag-saint-etienne","21":"tag-saint-etienne-ville"},"share_on_mastodon":{"url":"https:\/\/pubeurope.com\/@fr\/115252687310612743","error":""},"_links":{"self":[{"href":"https:\/\/www.europesays.com\/fr\/wp-json\/wp\/v2\/posts\/411492","targetHints":{"allow":["GET"]}}],"collection":[{"href":"https:\/\/www.europesays.com\/fr\/wp-json\/wp\/v2\/posts"}],"about":[{"href":"https:\/\/www.europesays.com\/fr\/wp-json\/wp\/v2\/types\/post"}],"author":[{"embeddable":true,"href":"https:\/\/www.europesays.com\/fr\/wp-json\/wp\/v2\/users\/2"}],"replies":[{"embeddable":true,"href":"https:\/\/www.europesays.com\/fr\/wp-json\/wp\/v2\/comments?post=411492"}],"version-history":[{"count":0,"href":"https:\/\/www.europesays.com\/fr\/wp-json\/wp\/v2\/posts\/411492\/revisions"}],"wp:featuredmedia":[{"embeddable":true,"href":"https:\/\/www.europesays.com\/fr\/wp-json\/wp\/v2\/media\/411493"}],"wp:attachment":[{"href":"https:\/\/www.europesays.com\/fr\/wp-json\/wp\/v2\/media?parent=411492"}],"wp:term":[{"taxonomy":"category","embeddable":true,"href":"https:\/\/www.europesays.com\/fr\/wp-json\/wp\/v2\/categories?post=411492"},{"taxonomy":"post_tag","embeddable":true,"href":"https:\/\/www.europesays.com\/fr\/wp-json\/wp\/v2\/tags?post=411492"}],"curies":[{"name":"wp","href":"https:\/\/api.w.org\/{rel}","templated":true}]}}