{"id":411499,"date":"2025-09-23T08:39:26","date_gmt":"2025-09-23T08:39:26","guid":{"rendered":"https:\/\/www.europesays.com\/fr\/411499\/"},"modified":"2025-09-23T08:39:26","modified_gmt":"2025-09-23T08:39:26","slug":"ces-matchs-joues-malgre-des-conditions-apocalyptiques","status":"publish","type":"post","link":"https:\/\/www.europesays.com\/fr\/411499\/","title":{"rendered":"ces matchs jou\u00e9s malgr\u00e9 des conditions apocalyptiques"},"content":{"rendered":"<p>            Par<br \/>\n        <strong><br \/>\n            <a href=\"https:\/\/actu.fr\/auteur\/emilie-dudonfournier\" title=\"Consulter tous les articles de Emilie Dudon-Fournier\" target=\"_blank\" rel=\"noopener\">Emilie Dudon-Fournier<\/a><br \/>\n        <\/strong><\/p>\n<p>        Publi\u00e9 le<\/p>\n<p>            22 sept. 2025 \u00e0 12h51        <\/p>\n<p><strong>Le report dimanche \u00e0 21h20 du match dans un Mayol d\u00e9tremp\u00e9 entre Toulon et La Rochelle <\/strong>pour le compte de la 3e journ\u00e9e du <a href=\"https:\/\/actu.fr\/rugby\/top-14\" target=\"_blank\" rel=\"noopener\">Top 14<\/a> a fait grand bruit, alors que la Pr\u00e9fecture du Var avait autoris\u00e9 la rencontre dans l\u2019apr\u00e8s-midi.<\/p>\n<p class=\" wall-content\">Si les Rochelais ne devaient pas \u00eatre ravis de devoir trouver un h\u00f4tel en catastrophe alors qu\u2019ils \u00e9taient cens\u00e9s rentrer en avion le soir m\u00eame, ce sont <strong>les supporters toulonnais qui ont clam\u00e9 leur col\u00e8re.<\/strong><\/p>\n<p class=\" wall-content\"><strong>Le Pr\u00e9fet, Simon Barbe, s\u2019est d\u00e9fendu<\/strong> sur BFM : \u00a0\u00ab\u00a0Le ph\u00e9nom\u00e8ne a \u00e9t\u00e9 d\u2019une intensit\u00e9 rare et en grande partie non pr\u00e9vue. Il a mut\u00e9 \u00e0 compter de 21h, \u00e0 peu pr\u00e8s au moment o\u00f9 le coup d\u2019envoi \u00e9tait pr\u00e9vu. L\u2019intensit\u00e9 pluvieuse a \u00e9t\u00e9 multipli\u00e9e par deux par rapport aux pr\u00e9visions.\u00a0\u00bb<\/p>\n<p class=\" wall-content\">\n<p>L\u2019arbitre a suivi le r\u00e8glement<\/p>\n<p class=\" wall-content\">Les pluies diluviennes (127 mm sont tomb\u00e9s dans la soir\u00e9e) et l\u2019\u00e9norme orage <strong>ne permettaient pas d\u2019assurer le jeu, mais surtout la s\u00e9curit\u00e9 des joueurs et des spectateurs.<\/strong><\/p>\n<p class=\" wall-content\">L\u2019arbitre J\u00e9r\u00e9my Rozier a donc suivi les r\u00e8glements de la LNR et celui de World Rugby, qui pr\u00e9voit que, <strong>d\u00e8s qu\u2019un \u00e9clair est observ\u00e9 \u00e0 moins de 10 km d\u2019un stade, le jeu doit \u00eatre suspendu et les joueurs \u00e9vacu\u00e9s.<\/strong><\/p>\n<p>    <img   decoding=\"async\" loading=\"lazy\" src=\"https:\/\/www.europesays.com\/fr\/wp-content\/uploads\/2025\/09\/nathan-bollanger-la-rochelle-top14-pluie-960x640.jpg\" alt=\"L'ailier rochelais Nathan Bollengier sous les trombes d'eau qui ont inond\u00e9 Mayol avant le report de la rencontre dimanche.\" width=\"960\" height=\"640\"\/><br \/>\n    L\u2019ailier rochelais Nathan Bollengier sous les trombes d\u2019eau qui ont inond\u00e9 Mayol avant le report de la rencontre dimanche. (\u00a9Icon Sport)Ces matchs jou\u00e9s sous un temps dantesque<\/p>\n<p class=\" wall-content\">Cela a notamment \u00e9t\u00e9 le cas lors du match entre l\u2019Australie et les Lions britanniques en ao\u00fbt dernier. La rencontre avait \u00e9t\u00e9 interrompue durant 40 minutes en raison de la foudre qui s\u2019abattait sur Sydney.<\/p>\n<p class=\" wall-content\">La s\u00e9curit\u00e9 avant tout, bien s\u00fbr. Reste que <strong>de nombreux matchs par le pass\u00e9 se sont jou\u00e9s dans des conditions m\u00e9t\u00e9orologiques dantesques,<\/strong> voire apocalyptiques. Petit floril\u00e8ge.<\/p>\n<p>Votre r\u00e9gion, votre actu !<\/p>\n<p>Recevez chaque jour les infos qui comptent pour vous.<\/p>\n<p>\t<a href=\"https:\/\/actu.fr\/newsletter\" class=\"ac-btn ac-btn--corner ac-btn--medium ac-btn--blue800\" target=\"_blank\" rel=\"noopener\">S&rsquo;incrire<\/a><\/p>\n<p class=\" wall-content\">Personnalisez votre actualit\u00e9 en ajoutant vos villes et m\u00e9dias en favori avec <a href=\"https:\/\/moncompte.actu.fr\" title=\"D\u00e9couvez Mon Actu\" rel=\"nofollow noopener\" data-trk=\"{&quot;cta&quot;:{&quot;action&quot;:&quot;https:\\\/\\\/moncompte.actu.fr&quot;,&quot;category&quot;:&quot;mon compte&quot;,&quot;from&quot;:&quot;article footer&quot;,&quot;name&quot;:&quot;Mon actu&quot;,&quot;type&quot;:&quot;cta&quot;}}\" target=\"_blank\">Mon Actu<\/a>.<\/p>\n","protected":false},"excerpt":{"rendered":"Par Emilie Dudon-Fournier Publi\u00e9 le 22 sept. 2025 \u00e0 12h51 Le report dimanche \u00e0 21h20 du match dans&hellip;\n","protected":false},"author":2,"featured_media":411500,"comment_status":"","ping_status":"","sticky":false,"template":"","format":"standard","meta":{"footnotes":""},"categories":[9619],"tags":[1111,11,18318,1777,674,1011,27,12,882,6717,25,479,60,478,2310,513],"class_list":{"0":"post-411499","1":"post","2":"type-post","3":"status-publish","4":"format-standard","5":"has-post-thumbnail","7":"category-toulon","8":"tag-actu","9":"tag-actualites","10":"tag-biarritz-olympique","11":"tag-eu","12":"tag-europe","13":"tag-fr","14":"tag-france","15":"tag-news","16":"tag-provence-alpes-cote-dazur","17":"tag-rct-rugby-club-toulonnais","18":"tag-republique-francaise","19":"tag-rugby","20":"tag-sports","21":"tag-top-14","22":"tag-toulon","23":"tag-xv-de-france"},"share_on_mastodon":{"url":"https:\/\/pubeurope.com\/@fr\/115252714797627878","error":""},"_links":{"self":[{"href":"https:\/\/www.europesays.com\/fr\/wp-json\/wp\/v2\/posts\/411499","targetHints":{"allow":["GET"]}}],"collection":[{"href":"https:\/\/www.europesays.com\/fr\/wp-json\/wp\/v2\/posts"}],"about":[{"href":"https:\/\/www.europesays.com\/fr\/wp-json\/wp\/v2\/types\/post"}],"author":[{"embeddable":true,"href":"https:\/\/www.europesays.com\/fr\/wp-json\/wp\/v2\/users\/2"}],"replies":[{"embeddable":true,"href":"https:\/\/www.europesays.com\/fr\/wp-json\/wp\/v2\/comments?post=411499"}],"version-history":[{"count":0,"href":"https:\/\/www.europesays.com\/fr\/wp-json\/wp\/v2\/posts\/411499\/revisions"}],"wp:featuredmedia":[{"embeddable":true,"href":"https:\/\/www.europesays.com\/fr\/wp-json\/wp\/v2\/media\/411500"}],"wp:attachment":[{"href":"https:\/\/www.europesays.com\/fr\/wp-json\/wp\/v2\/media?parent=411499"}],"wp:term":[{"taxonomy":"category","embeddable":true,"href":"https:\/\/www.europesays.com\/fr\/wp-json\/wp\/v2\/categories?post=411499"},{"taxonomy":"post_tag","embeddable":true,"href":"https:\/\/www.europesays.com\/fr\/wp-json\/wp\/v2\/tags?post=411499"}],"curies":[{"name":"wp","href":"https:\/\/api.w.org\/{rel}","templated":true}]}}