{"id":41150,"date":"2025-04-21T09:26:20","date_gmt":"2025-04-21T09:26:20","guid":{"rendered":"https:\/\/www.europesays.com\/fr\/41150\/"},"modified":"2025-04-21T09:26:20","modified_gmt":"2025-04-21T09:26:20","slug":"design-caracteristiques-fenetre-de-sortie-tout-ce-que-lon-sait-sur-la-gamme-2025-dapple","status":"publish","type":"post","link":"https:\/\/www.europesays.com\/fr\/41150\/","title":{"rendered":"design, caract\u00e9ristiques, fen\u00eatre de sortie&#8230; Tout ce que l&rsquo;on sait sur la gamme 2025 d&rsquo;Apple"},"content":{"rendered":"<p>L\u2019iPhone 17 ne serait plus l\u2019iPhone que vous connaissiez. Voici tout ce que l\u2019on sait \u00e0 son sujet.<\/p>\n<p><img decoding=\"async\" class=\"wp-image wp-image\" src=\"https:\/\/www.europesays.com\/fr\/wp-content\/uploads\/2025\/04\/image-68-5.jpg\" alt=\"\"\/><\/p>\n<p>Si <a href=\"https:\/\/www.frandroid.com\/marques\/apple\/2536883_test-de-liphone-16e-jaurais-adore-ladorer\" rel=\"nofollow noopener\" target=\"_blank\">l\u2019iPhone 16e<\/a> a \u00e9t\u00e9 lanc\u00e9, Apple a encore beaucoup de choses \u00e0 nous pr\u00e9senter. Nous parlons bien \u00e9videmment de sa prochaine g\u00e9n\u00e9ration de smartphones, les iPhone 17.<\/p>\n<p>Entre design, performances, puces maison, ils font d\u00e9j\u00e0 couler beaucoup d\u2019encre. On fait le point sur les rumeurs et on vous dit tout ce que l\u2019on sait d\u2019eux.<\/p>\n<p>La gamme iPhone 17<\/p>\n<p>Ils seront logiquement au nombre de quatre (au moins) :<\/p>\n<ul class=\"wp-block-list\">\n<li>iPhone 17<\/li>\n<li>iPhone 17 Plus et\/ou iPhone 17 Air<\/li>\n<li>iPhone 17 Pro<\/li>\n<li>iPhone 17 Pro Max<\/li>\n<\/ul>\n<p>Attention, il y a une subtilit\u00e9 comme vous pouvez le voir. Mat\u00e9riellement, 2025 est une ann\u00e9e minceur pour certains constructeurs qui cherchent \u00e0 produire les smartphones les plus fins et l\u00e9gers. C\u2019est le cas notamment de Samsung avec son <a href=\"https:\/\/www.frandroid.com\/marques\/samsung\/2575929_samsung-galaxy-s25-edge-pourquoi-vous-devrez-attendre-pour-lacheter\" rel=\"nofollow noopener\" target=\"_blank\">Galaxy S25 Edge<\/a>, <a href=\"https:\/\/www.frandroid.com\/marques\/tecno\/2530059_cette-marque-qui-casse-les-prix-a-son-smartphone-ultrafin-et-serait-bientot-chez-nous\" rel=\"nofollow noopener\" target=\"_blank\">Tecno et son concept Spark Slim<\/a>, mais aussi Apple qui entrerait dans la danse avec <a href=\"https:\/\/www.frandroid.com\/produits-android\/smartphone\/2376262_iphone-17-air-ce-que-lon-sait-du-prochain-smartphone-ultrafin-dapple\" rel=\"nofollow noopener\" target=\"_blank\">l\u2019iPhone 17 Air. Nous en parlons en d\u00e9tails dans notre article d\u00e9di\u00e9<\/a>, mais sachez qu\u2019il pourrait venir compl\u00e9ter la gamme 2025 ou remplacer l\u2019iPhone 17 Plus.<\/p>\n<p>Ici, on va plut\u00f4t s\u2019attarder sur les mod\u00e8les classiques Pro et non Pro.<\/p>\n<p><img class=\"wp-image\" decoding=\"async\" src=\"https:\/\/www.europesays.com\/fr\/wp-content\/uploads\/2025\/04\/image-35-4.jpg\" alt=\"\"\/><\/p>\n<p>Design<\/p>\n<p>Bien entendu, l\u2019iPhone 17 Air changera totalement la donne c\u00f4t\u00e9 design, mais on aurait aussi enfin une \u00e9volution du dessin des iPhone sur le reste de la gamme. <\/p>\n<p>Exit le module photo carr\u00e9 que l\u2019on se tra\u00eene depuis les iPhone 11. Cette ann\u00e9e, <a href=\"https:\/\/www.frandroid.com\/marques\/apple\/2445322_le-design-suppose-de-liphone-17-se-precise-et-fait-debat\" rel=\"nofollow noopener\" target=\"_blank\">Apple changerait de formule pour un module horizontal<\/a>. Si les objectifs conserveraient leur position, le flash serait d\u00e9port\u00e9 sur la droite. <\/p>\n<p>L\u2019inspiration tr\u00e8s Google Pixel est \u00e0 noter. Surtout, on se dit que \u00e7a apporterait plus de stabilit\u00e9 \u00e0 ces smartphones lorsqu\u2019ils sont pos\u00e9s sur une table.<\/p>\n<p><img class=\"wp-image\" decoding=\"async\" src=\"https:\/\/www.europesays.com\/fr\/wp-content\/uploads\/2025\/04\/image-36-1.jpg\" alt=\"\"\/><\/p>\n<p><a href=\"https:\/\/www.frandroid.com\/marques\/apple\/2453126_iphone-17-en-marge-du-modele-air-les-versions-pro-changeraient-pas-mal-de-look-elles-aussi\" rel=\"nofollow noopener\" target=\"_blank\">Les mod\u00e8les Pro pourraient abandonner leur ch\u00e2ssis en titane<\/a> pour le troquer contre de l\u2019aluminium. Un retour arri\u00e8re moins co\u00fbteux pour Apple, mais aussi moins premium pour l\u2019utilisateur final. <\/p>\n<p>Et puis il y a aussi la r\u00e9volution des boutons et capteurs. Les mod\u00e8les Pro observeraient <a href=\"https:\/\/www.frandroid.com\/marques\/apple\/2453126_iphone-17-en-marge-du-modele-air-les-versions-pro-changeraient-pas-mal-de-look-elles-aussi\" rel=\"nofollow noopener\" target=\"_blank\">une r\u00e9duction de leur Dynamic Island<\/a> avec une volont\u00e9 \u00e0 moyen terme de <a href=\"https:\/\/www.frandroid.com\/marques\/apple\/2544121_apple-envisage-la-disparition-de-faceid-tel-quon-le-connait\" rel=\"nofollow noopener\" target=\"_blank\">faire dispara\u00eetre le bloc FaceID sous l\u2019\u00e9cran<\/a> afin de lib\u00e9rer l\u2019affichage.<\/p>\n<p><a href=\"https:\/\/www.frandroid.com\/produits-android\/smartphone\/2360728_iphone-17-pro-apple-supprimerait-le-bouton-daction-sans-labandonner-pour-autant\" rel=\"nofollow noopener\" target=\"_blank\">Le bouton Action, introduit sur les iPhone 15, pourrait tirer sa r\u00e9v\u00e9rence, en partie<\/a>. Il serait remplac\u00e9 par un accessoire capacitif avec retour haptique afin de d\u00e9multiplier ses usages. Outre le raccourci classique, on pourrait y voir d\u2019autres contr\u00f4les pour un fonctionnement similaire \u00e0 celui du bouton de contr\u00f4le de la cam\u00e9ra apparu sur les iPhone 16.<\/p>\n<p>\u00c9cran<\/p>\n<p>Voici des am\u00e9liorations majeures pour les mod\u00e8les non Pro. <a href=\"https:\/\/www.frandroid.com\/marques\/apple\/2390456_iphone-17-la-fluidite-ne-serait-plus-reservee-aux-modeles-pro\" rel=\"nofollow noopener\" target=\"_blank\">On parle de l\u2019extension de la technologie ProMotion<\/a> (taux de rafra\u00eechissement adaptatif jusqu\u2019\u00e0 120 Hz) et de l\u2019\u00e9cran toujours allum\u00e9 (Always-On) \u00e0 l\u2019ensemble de la gamme iPhone 17. Ce serait une excellente chose puisqu\u2019encore sur nos tests des <a href=\"https:\/\/www.frandroid.com\/produits\/smartphones\/apple\/2271712-apple-iphone-16\" rel=\"nofollow noopener\" target=\"_blank\">iPhone 16<\/a>, <a href=\"https:\/\/www.frandroid.com\/marques\/apple\/2361492_test-de-liphone-16-plus-il-a-tout-dun-pro-ou-presque\" rel=\"nofollow noopener\" target=\"_blank\">16 Plus<\/a> et 16e nous leur reprochions d\u2019\u00eatre bloqu\u00e9 \u00e0 60 Hz.<\/p>\n<p><img class=\"wp-image\" decoding=\"async\" src=\"https:\/\/www.europesays.com\/fr\/wp-content\/uploads\/2025\/04\/iphone-17-pro.jpeg\" alt=\"\"\/><\/p>\n<p>Les mod\u00e8les Pro, pour leur part, <a href=\"https:\/\/www.frandroid.com\/marques\/apple\/2429062_liphone-17-pro-revolutionnerait-laffichage-sur-mobile-avec-un-ecran-inedit\" rel=\"nofollow noopener\" target=\"_blank\">troqueraient ce rafra\u00eechissement adaptatif (LTPO) par du Low-Dielectric TEE<\/a> qui am\u00e9liore l\u2019efficacit\u00e9 et la durabilit\u00e9 de l\u2019\u00e9cran gr\u00e2ce \u00e0 l\u2019utilisation de mat\u00e9riaux low-k. En termes moins barbares, cette technologie favorise l\u2019efficacit\u00e9 \u00e9nerg\u00e9tique, comme le LTPO, mais renforce aussi la r\u00e9sistance de l\u2019\u00e9cran et apporte de meilleures performances de r\u00e9activit\u00e9, notamment.<\/p>\n<p>Et en parlant de r\u00e9sistance, <a target=\"_blank\" href=\"https:\/\/weibo.com\/n\/%E5%88%B9%E9%82%A3%E6%95%B0%E7%A0%81\" rel=\"nofollow noopener\">Apple travaillerait depuis 2024 sur un nouveau rev\u00eatement d\u2019\u00e9cran<\/a>. Cette \u00e9volution du Ceramic Shield con\u00e7u en partenariat avec Corning, serait dot\u00e9 d\u2019une \u00ab couche antireflet ultra-dure \u00bb plus r\u00e9sistante aux rayures.<\/p>\n<p>Performances<\/p>\n<p>Nouvelle g\u00e9n\u00e9ration d\u2019iPhone et donc nouvelle puce. L\u2019Apple A19 est attendue sur les iPhone 17 et l\u2019A19 Pro sur les mod\u00e8les Pro. Surtout, <a href=\"https:\/\/www.frandroid.com\/marques\/apple\/2540621_iphone-17-pro-une-nouveaute-majeure-dans-le-refroidissement-pour-des-performances-optimales\" rel=\"nofollow noopener\" target=\"_blank\">ces derniers \u00e9trenneraient une technologie nouvelle pour Apple : la chambre \u00e0 vapeur.<\/a><\/p>\n<p><img class=\"wp-image\" decoding=\"async\" src=\"https:\/\/www.europesays.com\/fr\/wp-content\/uploads\/2025\/04\/apple-a19.jpg\" alt=\"\"\/><\/p>\n<p>Utilis\u00e9e depuis des ann\u00e9es par les constructeurs de smartphones Android, elle permet une dissipation plus efficace de la chaleur sur une surface \u00e9tendue, pr\u00e9venant ainsi le ph\u00e9nom\u00e8ne de\u00a0throttling\u00a0thermique et donc la bride des performances. <\/p>\n<p>Une \u00e9volution qui est attendue par les joueurs exigeants et les professionnels qui lancent des applications gourmandes en ressources sur leur iPhone.<\/p>\n<p>Photo<\/p>\n<p>On observe quelques modifications potentielles de la configuration photo des iPhone 17, <a href=\"https:\/\/www.frandroid.com\/marques\/apple\/2516501_liphone-17-pro-pourrait-bien-mettre-votre-camera-professionnelle-au-placard-apple-y-croit\" rel=\"nofollow noopener\" target=\"_blank\">notamment sur les iPhone 17 Pro, comme le rapporte l\u2019informateur Digital Chat Station<\/a> :<\/p>\n<ul class=\"wp-block-list\">\n<li>grand-angle de 48 MP 1\/1,3\u2033 inchang\u00e9,<\/li>\n<li>ultra grand-angle de 48 MP,<\/li>\n<li>t\u00e9l\u00e9objectif de 48 MP avec un zoom 5x.<\/li>\n<\/ul>\n<p>Ce dernier \u00e9voluerait donc grandement puisqu\u2019il n\u2019est que de 12 MP sur les iPhone 16 Pro. Autre atout, le capteur avant aussi gagnerait en d\u00e9finition, passant de 12 MP \u00e0 24 MP, tant sur les mod\u00e8les Pro que sur les iPhone 17 classiques.<\/p>\n<p><img class=\"wp-image\" decoding=\"async\" src=\"https:\/\/www.europesays.com\/fr\/wp-content\/uploads\/2025\/04\/image-36-2.jpg\" alt=\"\"\/><\/p>\n<p>Autonomie<\/p>\n<p>Pas de changement de batterie pr\u00e9vu, mais si les \u00e9crans des iPhone 17 Pro sont bien Low-Dielectric TEE, on pourrait observer une am\u00e9lioration de l\u2019autonomie. Toujours gr\u00e2ce \u00e0 la technologie de dalle, l\u2019apport du LTPO sur les iPhone 17 de base donnerait aussi un coup de fouet \u00e0 leur batterie, jouant sur un rafra\u00eechissement de 1 \u00e0 120 Hz contre uniquement 60 Hz actuellement. <\/p>\n<p>R\u00e9seau<\/p>\n<p>Toute la partie r\u00e9seau des iPhone 17 pourrait \u00eatre 100% Apple. La firme a d\u00e9j\u00e0 \u00e9trenn\u00e9 son premier modem 5G maison, l\u2019<a href=\"https:\/\/www.frandroid.com\/marques\/apple\/2532831_apple-c1-lintegration-de-cette-technologie-dernier-cri-devrait-ameliorer-les-performances-des-futurs-iphone\" rel=\"nofollow noopener\" target=\"_blank\">Apple C1<\/a> apparu sur l\u2019iPhone 16e. Moins \u00e9quip\u00e9 que la concurrence \u2014 pas de <a href=\"https:\/\/www.frandroid.com\/telecom\/488716_reseau-5g-tout-ce-qui-va-changer-quels-usages-et-pourquoi-la-technologie-est-importante\" rel=\"nofollow noopener\" target=\"_blank\">5G mmWave<\/a>, par exemple \u2014, il permet \u00e0 l\u2019iPhone 16e d\u2019\u00eatre tr\u00e8s endurant.<\/p>\n<p><img class=\"wp-image\" decoding=\"async\" src=\"https:\/\/www.europesays.com\/fr\/wp-content\/uploads\/2025\/04\/voici-liphone-16e-19-fevrier-3-37-screenshot.jpg\" alt=\"\"\/><\/p>\n<p>N\u00e9anmoins, cette puce pourrait n\u2019\u00eatre install\u00e9e que dans l\u2019iPhone 17 Air. Les iPhone 17 conserveraient une puce Qualcomm avec lequel Apple a un partenariat jusqu\u2019en 2027.<\/p>\n<p>En parall\u00e8le, Apple est en train de travailler sur <a href=\"https:\/\/www.frandroid.com\/marques\/apple\/2514261_tous-les-iphone-17-integreront-une-puce-wi-fi-concue-par-apple-et-cela-pourrait-tout-changer#:~:text=pourrait%20tout%20changer-,Tous%20les%20iPhone%2017%20int%C3%A9greront%20une%20puce%20Wi%2DFi%20con%C3%A7ue,et%20cela%20pourrait%20tout%20changer&amp;text=Apple%20s&#039;appr%C3%AAte%20%C3%A0%20franchir,iPhone%20de%20la%20s%C3%A9rie%202025.\" rel=\"nofollow noopener\" target=\"_blank\">sa propre puce Wi-Fi pour encore gagner de l\u2019ind\u00e9pendance vis-\u00e0-vis de Broadcom<\/a>. \u00ab Apple pr\u00e9voit d\u2019utiliser ses propres puces Wi-Fi, qui seront fabriqu\u00e9es par le processus N7 de TSMC et prendront en charge la derni\u00e8re sp\u00e9cification Wi-Fi 7. Apple pr\u00e9voit de passer \u00e0 des puces Wi-Fi internes pour la quasi-totalit\u00e9 de ses produits d\u2019ici environ trois ans \u00bb, dixit l\u2019analyste Ming-Chi Kuo.<\/p>\n<p>Logiciel<\/p>\n<p>Le lancement d\u2019une nouvelle g\u00e9n\u00e9ration d\u2019iPhone s\u2019accompagne aussi d\u2019une version diff\u00e9rente d\u2019iOS, leur syst\u00e8me d\u2019exploitation. En 2025, c\u2019est iOS 19 qui sera d\u00e9ploy\u00e9 et les attentes sont fortes. <a href=\"https:\/\/www.frandroid.com\/os\/ios\/2339486_ios-18-est-arrive-les-6-nouveautes-a-essayer-des-maintenant\" rel=\"nofollow noopener\" target=\"_blank\">iOS 18 a initi\u00e9 une ouverture avec une personnalisation plus pouss\u00e9e que jamais<\/a>, mais les errances du d\u00e9ploiement <a href=\"https:\/\/www.frandroid.com\/culture-tech\/intelligence-artificielle\/apple-intelligence\/2565791_apple-intelligence-en-france-5-options-cachees-a-tester-tout-de-suite-sur-votre-iphone\" rel=\"nofollow noopener\" target=\"_blank\">d\u2019Apple Intelligence<\/a> ont \u00e9gratign\u00e9 son aura.<\/p>\n<p><img class=\"wp-image\" decoding=\"async\" src=\"https:\/\/www.europesays.com\/fr\/wp-content\/uploads\/2025\/04\/image-78.jpg\" alt=\"\"\/><\/p>\n<p>La rumeur la plus notable concernant iOS 19 est celle d\u2019une possible refonte visuelle majeure. <a href=\"https:\/\/www.frandroid.com\/os\/ios\/2557141_les-rumeurs-sur-ios-19-saffolent-vrai-lifting-ou-simple-ravalement\" rel=\"nofollow noopener\" target=\"_blank\">Certains analystes, comme Mark Gurman, \u00e9voquent un changement d\u2019interface potentiellement important, qui serait le plus significatif depuis iOS 7<\/a>.<\/p>\n<p>Un nouveau d\u00e9part qui ne ferait pas de mal \u00e0 Apple et qui permettrait de faire table rase des mois pass\u00e9s. <\/p>\n<p>Prix<\/p>\n<p>Voici les tarifs de la gamme iPhone 16 \u00e0 sa sortie :<\/p>\n<tr>Mod\u00e8le128 Go256 Go512 Go1 To<\/tr>\n<tr>\n<td>iPhone 16<\/td>\n<td>969 \u20ac<\/td>\n<td>1099 \u20ac<\/td>\n<td>1349 \u20ac<\/td>\n<td>\u2013<\/td>\n<\/tr>\n<tr>\n<td>iPhone 16 Plus<\/td>\n<td>1119 \u20ac<\/td>\n<td>1249 \u20ac<\/td>\n<td>1499 \u20ac<\/td>\n<td>\u2013<\/td>\n<\/tr>\n<tr>\n<td>iPhone 16 Pro<\/td>\n<td>1229 \u20ac<\/td>\n<td>1359 \u20ac<\/td>\n<td>1609 \u20ac<\/td>\n<td>1859 \u20ac<\/td>\n<\/tr>\n<tr>\n<td>iPhone 16 Pro Max<\/td>\n<td>\u2013<\/td>\n<td>1479 \u20ac<\/td>\n<td>1729 \u20ac<\/td>\n<td>1979 \u20ac<\/td>\n<\/tr>\n<p>Ces prix n\u2019ont pas boug\u00e9 entre les iPhone 15 et les iPhone 16. Ils avaient m\u00eame baiss\u00e9 par rapport aux iPhone 14. Pour les iPhone 17, on peut esp\u00e9rer qu\u2019Apple maintienne une ann\u00e9e de plus cette position. N\u00e9anmoins, avec<a href=\"https:\/\/www.frandroid.com\/marques\/apple\/2570921_les-taxes-de-trump-asphyxient-apple\" rel=\"nofollow noopener\" target=\"_blank\"> la guerre de taxes qui oppose les \u00c9tats-Unis et une partie de l\u2019Asie, une hausse peut \u00eatre \u00e0 pr\u00e9voir<\/a>. <\/p>\n<p class=\"shortcode-container see-more\">\n    Pour aller plus loin<br \/><a href=\"https:\/\/www.frandroid.com\/marques\/apple\/2572779_le-prix-de-liphone-pourrait-il-vraiment-tripler-donald-trump-et-ses-taxes-en-cause\" rel=\"nofollow noopener\" target=\"_blank\">Le prix de l\u2019iPhone pourrait-il vraiment tripler ? Donald Trump et ses taxes en cause<\/a>\n            <\/p>\n<p>Date de sortie<\/p>\n<p>Pas de date pr\u00e9cise pour l\u2019instant, il faudra attendre l\u2019envoi des invitations. N\u00e9anmoins, on peut sans risque tabler sur une pr\u00e9sentation durant la premi\u00e8re quinzaine de septembre et un lancement dans la foul\u00e9e.<\/p>\n<p>Envie de rejoindre une communaut\u00e9 de passionn\u00e9s ? <a href=\"https:\/\/discord.com\/invite\/frandroid-311789172149190657\" target=\"_blank\" rel=\"noopener nofollow\">Notre Discord<\/a> vous accueille, c\u2019est un lieu d\u2019entraide et de passion autour de la tech.<\/p>\n","protected":false},"excerpt":{"rendered":"L\u2019iPhone 17 ne serait plus l\u2019iPhone que vous connaissiez. Voici tout ce que l\u2019on sait \u00e0 son sujet.&hellip;\n","protected":false},"author":2,"featured_media":41151,"comment_status":"","ping_status":"","sticky":false,"template":"","format":"standard","meta":{"footnotes":""},"categories":[7],"tags":[12575,12576,12577,12578,12579,1011,27,43,40,41,39,12580,42,44],"class_list":{"0":"post-41150","1":"post","2":"type-post","3":"status-publish","4":"format-standard","5":"has-post-thumbnail","7":"category-sciences-et-technologies","8":"tag-apple-iphone-17","9":"tag-apple-iphone-17-air","10":"tag-apple-iphone-17-plus","11":"tag-apple-iphone-17-pro","12":"tag-apple-iphone-17-pro-max","13":"tag-fr","14":"tag-france","15":"tag-science","16":"tag-science-and-technology","17":"tag-sciences","18":"tag-sciences-et-technologies","19":"tag-tcqs","20":"tag-technologies","21":"tag-technology"},"share_on_mastodon":{"url":"https:\/\/pubeurope.com\/@fr\/114375241630413868","error":""},"_links":{"self":[{"href":"https:\/\/www.europesays.com\/fr\/wp-json\/wp\/v2\/posts\/41150","targetHints":{"allow":["GET"]}}],"collection":[{"href":"https:\/\/www.europesays.com\/fr\/wp-json\/wp\/v2\/posts"}],"about":[{"href":"https:\/\/www.europesays.com\/fr\/wp-json\/wp\/v2\/types\/post"}],"author":[{"embeddable":true,"href":"https:\/\/www.europesays.com\/fr\/wp-json\/wp\/v2\/users\/2"}],"replies":[{"embeddable":true,"href":"https:\/\/www.europesays.com\/fr\/wp-json\/wp\/v2\/comments?post=41150"}],"version-history":[{"count":0,"href":"https:\/\/www.europesays.com\/fr\/wp-json\/wp\/v2\/posts\/41150\/revisions"}],"wp:featuredmedia":[{"embeddable":true,"href":"https:\/\/www.europesays.com\/fr\/wp-json\/wp\/v2\/media\/41151"}],"wp:attachment":[{"href":"https:\/\/www.europesays.com\/fr\/wp-json\/wp\/v2\/media?parent=41150"}],"wp:term":[{"taxonomy":"category","embeddable":true,"href":"https:\/\/www.europesays.com\/fr\/wp-json\/wp\/v2\/categories?post=41150"},{"taxonomy":"post_tag","embeddable":true,"href":"https:\/\/www.europesays.com\/fr\/wp-json\/wp\/v2\/tags?post=41150"}],"curies":[{"name":"wp","href":"https:\/\/api.w.org\/{rel}","templated":true}]}}