{"id":411505,"date":"2025-09-23T08:42:10","date_gmt":"2025-09-23T08:42:10","guid":{"rendered":"https:\/\/www.europesays.com\/fr\/411505\/"},"modified":"2025-09-23T08:42:10","modified_gmt":"2025-09-23T08:42:10","slug":"soixante-quatorze-familles-sont-interessees-rouen-bio-se-tourne-vers-un-modele-cooperatif-pour-survivre","status":"publish","type":"post","link":"https:\/\/www.europesays.com\/fr\/411505\/","title":{"rendered":"\u00abSoixante-quatorze familles sont int\u00e9ress\u00e9es\u00bb\u00a0: Rouen Bio se tourne vers un mod\u00e8le coop\u00e9ratif pour survivre"},"content":{"rendered":"<p class=\"paragraph text_align_left lp-f-body-02\">Sur la rive gauche de Rouen (Seine-Maritime), au Petit-Quevilly, Luis Costea n\u2019est pas du genre \u00e0 se laisser abattre. Alors que son magasin Rouen Bio, affili\u00e9 au r\u00e9seau Biomonde, est en redressement judiciaire depuis octobre dernier faute de tr\u00e9sorerie suffisante pour assumer ses charges, le commer\u00e7ant ind\u00e9pendant est bien d\u00e9cid\u00e9 \u00e0 ne pas baisser les bras.<\/p>\n<p class=\"paragraph text_align_left lp-f-body-02\">Militant de la cause bio, ce dernier, qui a repris le magasin en avril 2022, a conscience <a href=\"https:\/\/www.leparisien.fr\/economie\/consommation\/ces-consommateurs-qui-ne-peuvent-plus-se-permettre-de-manger-bio-cest-tout-de-meme-excessivement-cher-20-03-2022-JDNSMKLRARD7PD2XHKMHFWJ3ZI.php\" target=\"_blank\" rel=\"noreferrer noopener\">des difficult\u00e9s d\u2019un secteur qui peine \u00e0 rebondir depuis le Covid<\/a> et les diverses crises travers\u00e9es par l\u2019\u00e9conomie fran\u00e7aise. Et m\u00eame si selon l\u2019Agence bio, en charge du d\u00e9veloppement et la promotion de l\u2019agriculture biologique, \u00ab la progression des ventes en magasins bio, artisans et vente directe compense la baisse de la consommation en grande distribution \u00bb, <a href=\"https:\/\/www.leparisien.fr\/environnement\/agriculture-biologique-le-coup-de-rabot-sur-lagence-bio-un-tres-mauvais-signal-21-05-2025-CJDMIQ6BURFF7CBXBQR6Z2774U.php\" target=\"_blank\" rel=\"noreferrer noopener\">la part du bio dans le panier des Fran\u00e7ais stagne \u00e0 6 %<\/a> apr\u00e8s avoir baiss\u00e9 durant plusieurs ann\u00e9es.<\/p>\n<p class=\"paragraph text_align_left lp-f-body-02\">Il n\u2019emp\u00eache. Apr\u00e8s avoir tent\u00e9 en 2024 de transformer ses clients en adh\u00e9rents moyennant l\u2019achat d\u2019une carte \u00e0 59 euros, Luis Costea et sa femme esp\u00e8rent aujourd\u2019hui les convaincre de rejoindre un projet de coop\u00e9rative plus abouti. \u00ab Plus pr\u00e9cis\u00e9ment une SCIC, c\u2019est-\u00e0-dire une soci\u00e9t\u00e9 coop\u00e9rative d\u2019int\u00e9r\u00eat collectif \u00bb, d\u00e9taille-t-il.<\/p>\n<p>500 euros le ticket d\u2019entr\u00e9e<\/p>\n<p class=\"paragraph text_align_left lp-f-body-02\">Une id\u00e9e venue apr\u00e8s une rencontre : celle avec les cog\u00e9rants de la <a href=\"https:\/\/www.la-coop-villaroise.fr\/\" target=\"_blank\" rel=\"noreferrer noopener\">Coop Villaroise<\/a>, install\u00e9e \u00e0 Guyancourt depuis 2022, qui fait figure de mod\u00e8le \u00e0 ses yeux. \u00ab L\u00e0-bas, le syst\u00e8me fonctionne car il s\u2019appuie sur une soixantaine de familles qui font vivre la structure. Il n\u2019y a pas de raison qu\u2019il ne fonctionne pas ici \u00bb.<\/p>\n<p class=\"paragraph text_align_left lp-f-body-02\">Avec le soutien op\u00e9rationnel de la Coop Villaroise dont les responsables l\u2019accompagnent dans la structuration de la SCIC et se proposent m\u00eame d\u2019apporter leur propre contribution financi\u00e8re, Luis Costea a organis\u00e9 plusieurs r\u00e9unions pour pr\u00e9senter le projet \u00e0 ses clients. Avec un certain succ\u00e8s. \u00ab Soixante-quatorze familles sont int\u00e9ress\u00e9es pour nous rejoindre. Certaines personnes sont m\u00eame pr\u00eates \u00e0 donner de leur temps pour nous aider dans notre fonctionnement. Il y a \u00e9galement des fournisseurs, des producteurs qui travaillent avec nous, qui sont partants \u00bb.<\/p>\n<p class=\"paragraph text_align_left lp-f-body-02\">Le ticket d\u2019entr\u00e9e a \u00e9t\u00e9 fix\u00e9 \u00e0 10 parts, soit 500 euros au minimum. L\u2019objectif est de r\u00e9unir 78 000 euros pour repartir sur de bonnes bases. Et surtout \u00e9viter une liquidation judiciaire qui plane toujours sur la soci\u00e9t\u00e9 avec un rendez-vous de la derni\u00e8re chance fix\u00e9 le 7 octobre prochain au tribunal de commerce. A ce jour, il manque encore autour de 20 000 euros, mais la dynamique est enclench\u00e9e pour sauver cette enseigne qui existe depuis 1997.<\/p>\n","protected":false},"excerpt":{"rendered":"Sur la rive gauche de Rouen (Seine-Maritime), au Petit-Quevilly, Luis Costea n\u2019est pas du genre \u00e0 se laisser&hellip;\n","protected":false},"author":2,"featured_media":411506,"comment_status":"","ping_status":"","sticky":false,"template":"","format":"standard","meta":{"footnotes":""},"categories":[9587],"tags":[1111,917,11,459,33,1777,674,1011,27,12,5161,25,9590,11074],"class_list":{"0":"post-411505","1":"post","2":"type-post","3":"status-publish","4":"format-standard","5":"has-post-thumbnail","7":"category-rouen","8":"tag-actu","9":"tag-actu-locale","10":"tag-actualites","11":"tag-departements-horsidfo","12":"tag-economie","13":"tag-eu","14":"tag-europe","15":"tag-fr","16":"tag-france","17":"tag-news","18":"tag-normandie","19":"tag-republique-francaise","20":"tag-rouen","21":"tag-seine-maritime-76"},"share_on_mastodon":{"url":"https:\/\/pubeurope.com\/@fr\/115252726601708438","error":""},"_links":{"self":[{"href":"https:\/\/www.europesays.com\/fr\/wp-json\/wp\/v2\/posts\/411505","targetHints":{"allow":["GET"]}}],"collection":[{"href":"https:\/\/www.europesays.com\/fr\/wp-json\/wp\/v2\/posts"}],"about":[{"href":"https:\/\/www.europesays.com\/fr\/wp-json\/wp\/v2\/types\/post"}],"author":[{"embeddable":true,"href":"https:\/\/www.europesays.com\/fr\/wp-json\/wp\/v2\/users\/2"}],"replies":[{"embeddable":true,"href":"https:\/\/www.europesays.com\/fr\/wp-json\/wp\/v2\/comments?post=411505"}],"version-history":[{"count":0,"href":"https:\/\/www.europesays.com\/fr\/wp-json\/wp\/v2\/posts\/411505\/revisions"}],"wp:featuredmedia":[{"embeddable":true,"href":"https:\/\/www.europesays.com\/fr\/wp-json\/wp\/v2\/media\/411506"}],"wp:attachment":[{"href":"https:\/\/www.europesays.com\/fr\/wp-json\/wp\/v2\/media?parent=411505"}],"wp:term":[{"taxonomy":"category","embeddable":true,"href":"https:\/\/www.europesays.com\/fr\/wp-json\/wp\/v2\/categories?post=411505"},{"taxonomy":"post_tag","embeddable":true,"href":"https:\/\/www.europesays.com\/fr\/wp-json\/wp\/v2\/tags?post=411505"}],"curies":[{"name":"wp","href":"https:\/\/api.w.org\/{rel}","templated":true}]}}