{"id":411507,"date":"2025-09-23T08:43:09","date_gmt":"2025-09-23T08:43:09","guid":{"rendered":"https:\/\/www.europesays.com\/fr\/411507\/"},"modified":"2025-09-23T08:43:09","modified_gmt":"2025-09-23T08:43:09","slug":"le-forcene-qui-menacait-de-tout-faire-peter-a-ete-condamne","status":"publish","type":"post","link":"https:\/\/www.europesays.com\/fr\/411507\/","title":{"rendered":"le forcen\u00e9 qui mena\u00e7ait de \u00ab\u00a0tout faire p\u00e9ter\u00a0\u00bb a \u00e9t\u00e9 condamn\u00e9"},"content":{"rendered":"<p>            Par<br \/>\n        <strong><br \/>\n            <a href=\"https:\/\/actu.fr\/auteur\/emilien-jacques\" title=\"Consulter tous les articles de Emilien Jacques\" target=\"_blank\" rel=\"noopener\">Emilien Jacques<\/a><br \/>\n        <\/strong><\/p>\n<p>        Publi\u00e9 le<\/p>\n<p>            23 sept. 2025 \u00e0 10h30        <\/p>\n<p>Incarc\u00e9r\u00e9 depuis le mercredi 30 juillet 2025, c\u2019est derri\u00e8re la vitre du <b>box des d\u00e9tenus<\/b> que se pr\u00e9sente Romain*, devant le <b>tribunal de Rouen<\/b>, le lundi 22 septembre 2025. Dans la salle, sur le banc des pr\u00e9venus, sa conjointe Sandra*, sous contr\u00f4le judiciaire, comparait \u00e9galement. Les faits qui sont reproch\u00e9s aux deux habitants de <a href=\"https:\/\/actu.fr\/normandie\/cleon_76178\" target=\"_blank\" rel=\"noopener\">Cl\u00e9on (Seine-Maritime)<\/a> \u00e2g\u00e9s de 40 et 39 ans sont graves : vol, violences, menace de crime et r\u00e9bellion pour Romain, r\u00e9bellion pour Sandra. La juge leur rappelle les faits, qui d\u00e9butent t\u00f4t le matin avec une altercation entre voisins, et <a href=\"https:\/\/actu.fr\/normandie\/cleon_76178\/pres-de-rouen-retranche-chez-lui-avec-de-lessence-un-homme-interpelle-par-le-raid_62979662.html\" target=\"_blank\" rel=\"noopener\">se terminent en fin de journ\u00e9e par l\u2019intervention du RAID<\/a>.<\/p>\n<p>Querelle de voisinage et vol de chien<\/p>\n<p class=\" wall-content\">Il est aux alentours de 8 h, dans un quartier de Cl\u00e9on, lorsque Romain croise la route de son voisin Xavier*, le 30 juillet. Il affirme \u00e0 la barre avoir d\u00e9j\u00e0 eu un diff\u00e9rend il y a un an avec ce dernier. \u00ab Je suis venu lui rappeler l\u2019histoire qu\u2019on a eue \u00bb, dit-il. S\u2019ensuit une <b>violente altercation<\/b>.<\/p>\n<p class=\" wall-content\">Xavier, un chaudronnier d\u2019une cinquantaine d\u2019ann\u00e9es, re\u00e7oit un <b>coup \u00e0 la t\u00eate<\/b> qui lui vaudra <b>deux jours d\u2019incapacit\u00e9 temporaire totale<\/b>. \u00ab Je ne sais pas pourquoi il m\u2019a agress\u00e9 \u00bb, raconte-t-il sur le banc des victimes. Les deux hommes s\u2019accusent mutuellement d\u2019avoir port\u00e9 le premier coup.<\/p>\n<p class=\" wall-content\">Xavier est accompagn\u00e9 ce matin-l\u00e0 de sa chienne. Apr\u00e8s avoir re\u00e7u le coup \u00e0 la t\u00eate, il explique avoir regagn\u00e9 son appartement pour se soigner. Pendant ce temps, Romain en aurait profit\u00e9 pour lui <b>voler son animal<\/b>. \u00ab Je n\u2019ai pas vol\u00e9 sa chienne \u00bb, se d\u00e9fend l\u2019accus\u00e9 qui, au moment des faits, est <b>tr\u00e8s fortement alcoolis\u00e9<\/b>. \u00ab C\u2019est la chienne qui m\u2019a suivie chez moi. \u00bb<\/p>\n<p>De voleur \u00e0 forcen\u00e9<\/p>\n<p class=\" wall-content\">En r\u00e9alit\u00e9, ce n\u2019est pas chez lui que l\u2019homme emm\u00e8ne le chien de son voisin mais chez sa compagne, Sandra, qui vit avec son fils, un adolescent atteint de troubles autistiques. Lorsqu\u2019elle voit d\u00e9barquer son conjoint, alcoolis\u00e9, et avec un animal qui ne lui appartient pas, elle ne r\u00e9agit pas outre mesure.<\/p>\n<p class=\" wall-content\">Avec un d\u00e9tachement d\u00e9concertant et un positionnement que m\u00eame son avocate d\u00e9crira comme \u00ab compl\u00e8tement d\u00e9routant \u00bb, elle raconte \u00e0 la barre ne s\u2019\u00eatre \u00e0 aucun moment de la journ\u00e9e sentie menac\u00e9e, ni pour elle, ni pour son fils.<\/p>\n<p class=\" wall-content\">Pourtant, \u00e0 ce moment, tout bascule. Romain est incontr\u00f4lable, et lorsque Xavier se pr\u00e9sente devant sa porte avec deux policiers pour r\u00e9cup\u00e9rer son chien, il <b>les asperge d\u2019essence<\/b> puis bloque la porte avec toutes sortes d\u2019objets. Puis il continuera \u00e0 jeter de l\u2019essence sur sa porte en mena\u00e7ant de \u00ab tout faire p\u00e9ter \u00bb.<\/p>\n<p>Votre r\u00e9gion, votre actu !<\/p>\n<p>Recevez chaque jour les infos qui comptent pour vous.<\/p>\n<p>\t<a href=\"https:\/\/actu.fr\/newsletter\" class=\"ac-btn ac-btn--corner ac-btn--medium ac-btn--blue800\" target=\"_blank\" rel=\"noopener\">S&rsquo;incrire<\/a><br \/>\nIntervention du RAID<\/p>\n<p class=\" wall-content\">La situation est au point mort et les policiers pr\u00e9sents laissent place, de mani\u00e8re exceptionnelle, \u00e0 l\u2019unit\u00e9 d\u2019\u00e9lite de la police nationale fran\u00e7aise, <b>le RAID<\/b>. Ne pouvant pas ouvrir la porte obstru\u00e9e, ils d\u00e9cident d\u2019entrer en cassant une fen\u00eatre. Il est 16 h.<\/p>\n<p class=\" wall-content\">Dans leurs d\u00e9positions, les agents du RAID, absents \u00e0 l\u2019audience, ont affirm\u00e9 avoir re\u00e7u une <b>violente opposition<\/b> de la part de Romain et Sandra, recevant de nombreux coups de poing et coups de pied. Ils parviennent finalement \u00e0 ma\u00eetriser Romain en usant, eux aussi, de la force.<\/p>\n<p>\u00ab J\u2019avais un peu bu \u00bb<\/p>\n<p class=\" wall-content\">\u00c0 la question de la juge, \u00ab comment expliquez-vous qu\u2019une altercation avec un voisin finisse avec l\u2019intervention du RAID chez vous ? \u00bb, Romain balbutie.<\/p>\n<blockquote class=\"ac-article-quote wall-content\">\n<p>Je ne sais pas pourquoi je n\u2019ai pas ouvert \u00e0 la police. J\u2019ai des flashs, j\u2019avais un peu bu.<\/p>\n<p>Romain<\/p><\/blockquote>\n<p class=\" wall-content\">Durant ce proc\u00e8s, la question de la <b>consommation d\u2019alcool<\/b> de Romain est abord\u00e9e. La juge rappelle qu\u2019il lui a \u00e9t\u00e9 diagnostiqu\u00e9 durant son s\u00e9jour en prison un <b>trouble de la personnalit\u00e9 psychopathique<\/b> renforc\u00e9 par l\u2019alcool.<\/p>\n<p class=\" wall-content\">Lui, affirme \u00e0 la barre avoir arr\u00eat\u00e9 l\u2019alcool et la drogue depuis plusieurs ann\u00e9es. Or, ce jour-l\u00e0, il dit avoir \u00ab rechut\u00e9 \u00bb, ce qui expliquerait ses actes selon lui : \u00ab J\u2019ai bu une fois, un soir, et \u00e7a m\u2019a amen\u00e9 ici. \u00bb<\/p>\n<p class=\" wall-content\">Son avocate souligne dans sa plaidoirie l\u2019importance de sa relation \u00e0 l\u2019alcool. \u00ab Lorsqu\u2019il arr\u00eate la consommation de drogues et d\u2019alcool, il n\u2019y a plus d\u2019infractions \u00bb, assure-t-elle, faisant r\u00e9f\u00e9rence \u00e0 certains d\u00e9lits de Romain datant d\u2019il y a une dizaine d\u2019ann\u00e9es, sous emprise d\u2019alcool. Selon elle, \u00ab sa place n\u2019est pas en d\u00e9tention. Il ne pourra pas se soigner \u00bb.<\/p>\n<p>L\u2019accus\u00e9 restera en prison<\/p>\n<p class=\" wall-content\">Durant le proc\u00e8s, la juge fait sortir deux fois Romain de la salle \u00e0 cause de ses interventions inopin\u00e9es durant les t\u00e9moignages de Sandra et de Xavier. Lorsque vient l\u2019heure des r\u00e9quisitions, la procureure souligne \u00ab l\u2019\u00e9cart impressionnant entre la situation et les explications des deux pr\u00e9venus \u00bb, qui semblent, dans chacun de leur propos et leurs comportements, n\u2019avoir jamais saisi la gravit\u00e9 des faits.<\/p>\n<blockquote class=\"ac-article-quote wall-content\">\n<p>Toutes les infractions retenues sont caract\u00e9ris\u00e9es. Les violences sont \u00e9videntes, les menaces sont \u00e9videntes.<\/p>\n<p>La procureure de la R\u00e9publique<\/p><\/blockquote>\n<p class=\" wall-content\">Deux ans de prison dont six mois avec sursis sont requis contre Romain et six mois de prison avec sursis contre Sandra.<\/p>\n<p class=\" wall-content\">Apr\u00e8s d\u00e9lib\u00e9rations des juges, ce sont ces m\u00eames peines qui sont prononc\u00e9es \u00e0 l\u2019encontre des deux accus\u00e9s, qui ont \u00e9t\u00e9 <b>reconnus coupables<\/b> des faits qui leur \u00e9taient reproch\u00e9s. Avec, pour Romain, une interdiction de para\u00eetre sur les lieux des faits, une interdiction de contact avec la victime Xavier et une obligation de soins.<\/p>\n<p class=\" wall-content\">Il devra \u00e9galement s\u2019acquitter d\u2019une somme de 800 euros envers Xavier, de 500 euros envers chacun des deux policiers ayant re\u00e7u de l\u2019essence et de 200 euros envers l\u2019agent du RAID victime de coups, en guise de dommages et int\u00e9r\u00eats.<\/p>\n<p>*Les pr\u00e9noms ont \u00e9t\u00e9 modifi\u00e9sCette d\u00e9cision de justice est encore susceptible d\u2019appel. Tout justiciable demeure pr\u00e9sum\u00e9 innocent tant que toutes les voies de recours n\u2019ont pas \u00e9t\u00e9 \u00e9puis\u00e9es.<\/p>\n<p class=\" wall-content\">Personnalisez votre actualit\u00e9 en ajoutant vos villes et m\u00e9dias en favori avec <a href=\"https:\/\/moncompte.actu.fr\" title=\"D\u00e9couvez Mon Actu\" rel=\"nofollow noopener\" data-trk=\"{&quot;cta&quot;:{&quot;action&quot;:&quot;https:\\\/\\\/moncompte.actu.fr&quot;,&quot;category&quot;:&quot;mon compte&quot;,&quot;from&quot;:&quot;article footer&quot;,&quot;name&quot;:&quot;Mon actu&quot;,&quot;type&quot;:&quot;cta&quot;}}\" target=\"_blank\">Mon Actu<\/a>.<\/p>\n","protected":false},"excerpt":{"rendered":"Par Emilien Jacques Publi\u00e9 le 23 sept. 2025 \u00e0 10h30 Incarc\u00e9r\u00e9 depuis le mercredi 30 juillet 2025, c\u2019est&hellip;\n","protected":false},"author":2,"featured_media":411508,"comment_status":"","ping_status":"","sticky":false,"template":"","format":"standard","meta":{"footnotes":""},"categories":[9587],"tags":[1111,11,1777,674,118,1011,27,303,12,5161,1072,8989,25,9590],"class_list":{"0":"post-411507","1":"post","2":"type-post","3":"status-publish","4":"format-standard","5":"has-post-thumbnail","7":"category-rouen","8":"tag-actu","9":"tag-actualites","10":"tag-eu","11":"tag-europe","12":"tag-faits-divers","13":"tag-fr","14":"tag-france","15":"tag-justice","16":"tag-news","17":"tag-normandie","18":"tag-police","19":"tag-raid","20":"tag-republique-francaise","21":"tag-rouen"},"share_on_mastodon":{"url":"https:\/\/pubeurope.com\/@fr\/115252730435879248","error":""},"_links":{"self":[{"href":"https:\/\/www.europesays.com\/fr\/wp-json\/wp\/v2\/posts\/411507","targetHints":{"allow":["GET"]}}],"collection":[{"href":"https:\/\/www.europesays.com\/fr\/wp-json\/wp\/v2\/posts"}],"about":[{"href":"https:\/\/www.europesays.com\/fr\/wp-json\/wp\/v2\/types\/post"}],"author":[{"embeddable":true,"href":"https:\/\/www.europesays.com\/fr\/wp-json\/wp\/v2\/users\/2"}],"replies":[{"embeddable":true,"href":"https:\/\/www.europesays.com\/fr\/wp-json\/wp\/v2\/comments?post=411507"}],"version-history":[{"count":0,"href":"https:\/\/www.europesays.com\/fr\/wp-json\/wp\/v2\/posts\/411507\/revisions"}],"wp:featuredmedia":[{"embeddable":true,"href":"https:\/\/www.europesays.com\/fr\/wp-json\/wp\/v2\/media\/411508"}],"wp:attachment":[{"href":"https:\/\/www.europesays.com\/fr\/wp-json\/wp\/v2\/media?parent=411507"}],"wp:term":[{"taxonomy":"category","embeddable":true,"href":"https:\/\/www.europesays.com\/fr\/wp-json\/wp\/v2\/categories?post=411507"},{"taxonomy":"post_tag","embeddable":true,"href":"https:\/\/www.europesays.com\/fr\/wp-json\/wp\/v2\/tags?post=411507"}],"curies":[{"name":"wp","href":"https:\/\/api.w.org\/{rel}","templated":true}]}}