{"id":411510,"date":"2025-09-23T08:47:17","date_gmt":"2025-09-23T08:47:17","guid":{"rendered":"https:\/\/www.europesays.com\/fr\/411510\/"},"modified":"2025-09-23T08:47:17","modified_gmt":"2025-09-23T08:47:17","slug":"cesson-sevigne-une-bijouterie-miramira-a-ouvert-ses-portes-a-carrefour","status":"publish","type":"post","link":"https:\/\/www.europesays.com\/fr\/411510\/","title":{"rendered":"Cesson-S\u00e9vign\u00e9. Une bijouterie Miramira a ouvert ses portes \u00e0 Carrefour"},"content":{"rendered":"<p>La franchise de bijoux Miramira vient de s\u2019installer dans l\u2019all\u00e9e marchande du centre commercial Carrefour. \u00a0C\u2019est une franchise espagnole qui se d\u00e9veloppe partout et nous sommes la premi\u00e8re en Bretagne\u00a0, explique Nelly Martin, responsable du magasin.<\/p>\n<p>La boutique propose un large choix de bijoux. On y retrouve des bracelets, des colliers, des bagues, ainsi que des boucles d\u2019oreilles et des bracelets chevilles.<\/p>\n<p>\u00a0Tous nos bijoux sont en acier inoxydable, plaqu\u00e9 or, quatorze\u00a0carats, ce qui permet d\u2019avoir une meilleure durabilit\u00e9 dans le temps et une meilleure qualit\u00e9, poursuit Nelly Martin.\u00a0La moyenne d\u2019un bijou chez nous est de 22\u00a0\u20ac.\u00a0Tous les quinze\u00a0jours, on va avoir des nouveaut\u00e9s, ce qui permet aux clients de revenir plusieurs fois, se r\u00e9jouit la responsable.Avec Sarah Wagner, c\u2019est notre premi\u00e8re collaboration. J\u2019occupe le poste de responsable du magasin et Sarah va s\u2019occuper de tout ce qui est gestion administrative et comptabilit\u00e9.\u00a0<\/p>\n<p>Quatre personnes travaillent dans la bijouterie. Elle est ouverte tous les jours, de 9\u00a0h\u00a030 \u00e0 20\u00a0h, sans interruption.<\/p>\n<p><strong>Bijouterie Miramira, <\/strong>centre commercial Carrefour Rennes Cesson. Contact par mail, miramira.cesson@gmail.com<\/p>\n<p>\u00a0<\/p>\n","protected":false},"excerpt":{"rendered":"La franchise de bijoux Miramira vient de s\u2019installer dans l\u2019all\u00e9e marchande du centre commercial Carrefour. \u00a0C\u2019est une franchise&hellip;\n","protected":false},"author":2,"featured_media":411511,"comment_status":"","ping_status":"","sticky":false,"template":"","format":"standard","meta":{"footnotes":""},"categories":[2821],"tags":[1111,11,34799,829,4304,4099,1777,674,1011,27,54272,12,15316,3761,3086,584,25],"class_list":{"0":"post-411510","1":"post","2":"type-post","3":"status-publish","4":"format-standard","5":"has-post-thumbnail","7":"category-rennes","8":"tag-actu","9":"tag-actualites","10":"tag-bijouterie","11":"tag-bretagne","12":"tag-carrefour","13":"tag-cesson-sevigne","14":"tag-eu","15":"tag-europe","16":"tag-fr","17":"tag-france","18":"tag-miramira","19":"tag-news","20":"tag-ouvert","21":"tag-portes","22":"tag-redon","23":"tag-rennes","24":"tag-republique-francaise"},"share_on_mastodon":{"url":"https:\/\/pubeurope.com\/@fr\/115252746265403328","error":""},"_links":{"self":[{"href":"https:\/\/www.europesays.com\/fr\/wp-json\/wp\/v2\/posts\/411510","targetHints":{"allow":["GET"]}}],"collection":[{"href":"https:\/\/www.europesays.com\/fr\/wp-json\/wp\/v2\/posts"}],"about":[{"href":"https:\/\/www.europesays.com\/fr\/wp-json\/wp\/v2\/types\/post"}],"author":[{"embeddable":true,"href":"https:\/\/www.europesays.com\/fr\/wp-json\/wp\/v2\/users\/2"}],"replies":[{"embeddable":true,"href":"https:\/\/www.europesays.com\/fr\/wp-json\/wp\/v2\/comments?post=411510"}],"version-history":[{"count":0,"href":"https:\/\/www.europesays.com\/fr\/wp-json\/wp\/v2\/posts\/411510\/revisions"}],"wp:featuredmedia":[{"embeddable":true,"href":"https:\/\/www.europesays.com\/fr\/wp-json\/wp\/v2\/media\/411511"}],"wp:attachment":[{"href":"https:\/\/www.europesays.com\/fr\/wp-json\/wp\/v2\/media?parent=411510"}],"wp:term":[{"taxonomy":"category","embeddable":true,"href":"https:\/\/www.europesays.com\/fr\/wp-json\/wp\/v2\/categories?post=411510"},{"taxonomy":"post_tag","embeddable":true,"href":"https:\/\/www.europesays.com\/fr\/wp-json\/wp\/v2\/tags?post=411510"}],"curies":[{"name":"wp","href":"https:\/\/api.w.org\/{rel}","templated":true}]}}