{"id":411516,"date":"2025-09-23T08:50:18","date_gmt":"2025-09-23T08:50:18","guid":{"rendered":"https:\/\/www.europesays.com\/fr\/411516\/"},"modified":"2025-09-23T08:50:18","modified_gmt":"2025-09-23T08:50:18","slug":"un-homme-mis-en-examen-suspecte-de-lincendie-criminel-qui-a-fait-un-mort","status":"publish","type":"post","link":"https:\/\/www.europesays.com\/fr\/411516\/","title":{"rendered":"Un homme mis en examen, suspect\u00e9 de l\u2019incendie criminel qui a fait un mort"},"content":{"rendered":"<p class=\"mb-4 text-lg md:leading-8 break-words\"><strong>incendie &#8211; L\u2019homme qui a d\u00e9clar\u00e9 \u00eatre l\u2019auteur de l\u2019incendie ayant caus\u00e9 un d\u00e9c\u00e8s samedi \u00e0 Strasbourg a \u00e9t\u00e9 mis en examen et plac\u00e9 sous contr\u00f4le judiciaire<\/strong><\/p>\n<p class=\"mb-4 text-lg md:leading-8 break-words\">Deux jours apr\u00e8s <a href=\"https:\/\/www.20minutes.fr\/faits_divers\/faits-divers-strasbourg\/4174366-20250921-strasbourg-homme-garde-vue-apres-incendie-fait-mort-huit-blesses?at_medium=RSS%20feed&amp;at_campaign=ynews&amp;utm_source=yahoo&amp;utm_medium=rss&amp;utm_campaign=news_feed&amp;utm_content=in_article_link\" rel=\"nofollow noopener\" target=\"_blank\" data-ylk=\"slk:l\u2019incendie mortel samedi en fin d\u2019apr\u00e8s-midi;elm:context_link;itc:0;sec:content-canvas\" class=\"link \">l\u2019incendie mortel samedi en fin d\u2019apr\u00e8s-midi<\/a> dans un immeuble \u00e0 <a href=\"https:\/\/www.20minutes.fr\/faits_divers\/faits-divers-strasbourg\/?at_medium=RSS%20feed&amp;at_campaign=ynews&amp;utm_source=yahoo&amp;utm_medium=rss&amp;utm_campaign=news_feed&amp;utm_content=in_article_link\" rel=\"nofollow noopener\" target=\"_blank\" data-ylk=\"slk:Strasbourg;elm:context_link;itc:0;sec:content-canvas\" class=\"link \">Strasbourg<\/a>, et dans lequel une personne handicap\u00e9e est d\u00e9c\u00e9d\u00e9e, l\u2019un des habitants a \u00e9t\u00e9 mis en examen et plac\u00e9 sous contr\u00f4le judiciaire, indique dans un communiqu\u00e9 lundi soir le parquet de Strasbourg.<\/p>\n<p class=\"mb-4 text-lg md:leading-8 break-words\">Le suspect est \u00e2g\u00e9 de 50 ans, \u00ab n\u2019a pas d\u2019ant\u00e9c\u00e9dents judiciaires notables et est sous curatelle \u00bb, pr\u00e9cise la procureure de la R\u00e9publique de Strasbourg, Clarisse Taron. Le mis en cause s\u2019\u00e9tait rapidement d\u00e9sign\u00e9 comme \u00e9tant l\u2019auteur involontaire du sinistre et avait \u00e9t\u00e9 plac\u00e9 le soir m\u00eame des faits en garde \u00e0 vue. Une enqu\u00eate a \u00e9t\u00e9 ouverte pour homicide involontaire, blessures involontaires par violation d\u00e9lib\u00e9r\u00e9e d\u2019une obligation de s\u00e9curit\u00e9 ou de prudence, et d\u00e9gradations involontaires par incendie.<\/p>\n<p class=\"mb-4 text-lg md:leading-8 break-words\">Selon les premiers \u00e9l\u00e9ments de l\u2019enqu\u00eate, le suspect a volontairement mis le feu \u00e0 un matelas avec une bougie. \u00ab L\u2019<a href=\"https:\/\/www.20minutes.fr\/dossier\/enquete?at_medium=RSS%20feed&amp;at_campaign=ynews&amp;utm_source=yahoo&amp;utm_medium=rss&amp;utm_campaign=news_feed&amp;utm_content=in_article_link\" rel=\"nofollow noopener\" target=\"_blank\" data-ylk=\"slk:enqu\u00eate;elm:context_link;itc:0;sec:content-canvas\" class=\"link \">enqu\u00eate<\/a> diligent\u00e9e par les services de police semble corroborer cette version des faits mais des investigations, notamment techniques, se poursuivront sous la conduite d\u2019un juge d\u2019instruction \u00bb, explique la procureure.<\/p>\n<p class=\"mb-4 text-lg md:leading-8 break-words\">Pour rappel, outre la personne d\u00e9c\u00e9d\u00e9e <a href=\"https:\/\/www.20minutes.fr\/dossier\/incendie_criminel?at_medium=RSS%20feed&amp;at_campaign=ynews&amp;utm_source=yahoo&amp;utm_medium=rss&amp;utm_campaign=news_feed&amp;utm_content=in_article_link\" rel=\"nofollow noopener\" target=\"_blank\" data-ylk=\"slk:dans l\u2019incendie;elm:context_link;itc:0;sec:content-canvas\" class=\"link \">dans l\u2019incendie<\/a>, ainsi que son chien, huit personnes ont \u00e9t\u00e9 hospitalis\u00e9es dans un premier temps, parmi lesquelles un enfant d\u2019un an.<\/p>\n<p class=\"mb-4 text-lg md:leading-8 break-words\"><a href=\"https:\/\/www.20minutes.fr\/justice\/4174638-20250923-strasbourg-homme-mis-examen-suspecte-incendie-criminel-fait-mort?at_medium=RSS%20feed&amp;at_campaign=ynews&amp;utm_source=yahoo&amp;utm_medium=rss&amp;utm_campaign=news_feed&amp;utm_content=read_more_link&quot;\" rel=\"nofollow noopener\" target=\"_blank\" data-ylk=\"slk:Lire la suite sur 20minutes;elm:context_link;itc:0;sec:content-canvas\" class=\"link \">Lire la suite sur 20minutes<\/a><\/p>\n<p>\u00c0 lire aussi :<br \/><a href=\"https:\/\/www.20minutes.fr\/faits_divers\/faits-divers-strasbourg\/4174366-20250921-strasbourg-homme-garde-vue-apres-incendie-fait-mort-huit-blesses?at_medium=RSS%20feed&amp;at_campaign=ynews&amp;utm_source=yahoo&amp;utm_medium=rss&amp;utm_campaign=news_feed&amp;utm_content=related_content_link\" rel=\"nofollow noopener\" target=\"_blank\" data-ylk=\"slk:Strasbourg : Un homme en garde \u00e0 vue apr\u00e8s l\u2019incendie qui a fait un mort et huit bless\u00e9s;elm:context_link;itc:0;sec:content-canvas\" class=\"link \">Strasbourg : Un homme en garde \u00e0 vue apr\u00e8s l\u2019incendie qui a fait un mort et huit bless\u00e9s<\/a><br \/><a href=\"https:\/\/www.20minutes.fr\/faits_divers\/faits-divers-strasbourg\/4165722-20250729-strasbourg-homme-mis-examen-tentative-meurtre-couteau-ex-belle-fille-15-ans?at_medium=RSS%20feed&amp;at_campaign=ynews&amp;utm_source=yahoo&amp;utm_medium=rss&amp;utm_campaign=news_feed&amp;utm_content=related_content_link\" rel=\"nofollow noopener\" target=\"_blank\" data-ylk=\"slk:Strasbourg : Un homme mis en examen pour tentative de meurtre sur son ex-belle fille de 15 ans;elm:context_link;itc:0;sec:content-canvas\" class=\"link \">Strasbourg : Un homme mis en examen pour tentative de meurtre sur son ex-belle fille de 15 ans<\/a><\/p>\n","protected":false},"excerpt":{"rendered":"incendie &#8211; L\u2019homme qui a d\u00e9clar\u00e9 \u00eatre l\u2019auteur de l\u2019incendie ayant caus\u00e9 un d\u00e9c\u00e8s samedi \u00e0 Strasbourg a&hellip;\n","protected":false},"author":2,"featured_media":411517,"comment_status":"","ping_status":"","sticky":false,"template":"","format":"standard","meta":{"footnotes":""},"categories":[2820],"tags":[1111,11,54273,20389,1777,674,1011,27,775,1310,5022,12,47894,25,640],"class_list":{"0":"post-411516","1":"post","2":"type-post","3":"status-publish","4":"format-standard","5":"has-post-thumbnail","7":"category-strasbourg","8":"tag-actu","9":"tag-actualites","10":"tag-clarisse-taron","11":"tag-controle-judiciaire","12":"tag-eu","13":"tag-europe","14":"tag-fr","15":"tag-france","16":"tag-grand-est","17":"tag-incendie","18":"tag-lincendie","19":"tag-news","20":"tag-obligation-de-securite","21":"tag-republique-francaise","22":"tag-strasbourg"},"share_on_mastodon":{"url":"https:\/\/pubeurope.com\/@fr\/115252758001546223","error":""},"_links":{"self":[{"href":"https:\/\/www.europesays.com\/fr\/wp-json\/wp\/v2\/posts\/411516","targetHints":{"allow":["GET"]}}],"collection":[{"href":"https:\/\/www.europesays.com\/fr\/wp-json\/wp\/v2\/posts"}],"about":[{"href":"https:\/\/www.europesays.com\/fr\/wp-json\/wp\/v2\/types\/post"}],"author":[{"embeddable":true,"href":"https:\/\/www.europesays.com\/fr\/wp-json\/wp\/v2\/users\/2"}],"replies":[{"embeddable":true,"href":"https:\/\/www.europesays.com\/fr\/wp-json\/wp\/v2\/comments?post=411516"}],"version-history":[{"count":0,"href":"https:\/\/www.europesays.com\/fr\/wp-json\/wp\/v2\/posts\/411516\/revisions"}],"wp:featuredmedia":[{"embeddable":true,"href":"https:\/\/www.europesays.com\/fr\/wp-json\/wp\/v2\/media\/411517"}],"wp:attachment":[{"href":"https:\/\/www.europesays.com\/fr\/wp-json\/wp\/v2\/media?parent=411516"}],"wp:term":[{"taxonomy":"category","embeddable":true,"href":"https:\/\/www.europesays.com\/fr\/wp-json\/wp\/v2\/categories?post=411516"},{"taxonomy":"post_tag","embeddable":true,"href":"https:\/\/www.europesays.com\/fr\/wp-json\/wp\/v2\/tags?post=411516"}],"curies":[{"name":"wp","href":"https:\/\/api.w.org\/{rel}","templated":true}]}}