{"id":411552,"date":"2025-09-23T09:09:10","date_gmt":"2025-09-23T09:09:10","guid":{"rendered":"https:\/\/www.europesays.com\/fr\/411552\/"},"modified":"2025-09-23T09:09:10","modified_gmt":"2025-09-23T09:09:10","slug":"def-leppard-en-concert-a-laccor-arena-de-paris-en-juillet-2026-news-rockurlife","status":"publish","type":"post","link":"https:\/\/www.europesays.com\/fr\/411552\/","title":{"rendered":"Def Leppard : en concert \u00e0 l&rsquo;Accor Arena de Paris en juillet 2026 ! &#8211; News &#8211; RockUrLife"},"content":{"rendered":"<p>Pr\u00e8s de trente ans apr\u00e8s leur derni\u00e8re venue dans la capitale, les l\u00e9gendes britanniques du hard rock <strong>Def Leppard<\/strong> investiront <strong>l\u2019Accor Arena<\/strong> le 8 juillet 2026 pour un show \u00e9v\u00e9nement !<\/p>\n<p>Leur pr\u00e9c\u00e9dent passage parisien remonte au 20 octobre 1996, et il faut m\u00eame remonter \u00e0 mars 1988 pour retrouver leur derni\u00e8re apparition dans cette m\u00eame salle. Intronis\u00e9 au <strong>Rock &amp; Roll Hall Of Fame<\/strong>, auteur de classiques intemporels comme <strong>Pyromania<\/strong> ou <strong>Hysteria<\/strong> et fort de plus de 110 millions d\u2019albums vendus dans le monde, <strong>Def Leppard<\/strong> reste une r\u00e9f\u00e9rence absolue.<\/p>\n<p>Pour cette date exceptionnelle, le groupe sera accompagn\u00e9 d\u2019<strong>Extreme<\/strong>, emmen\u00e9 par le virtuose <strong>Nuno Bettencourt<\/strong> et <strong>Gary Cherone<\/strong>.<\/p>\n<p>La pr\u00e9vente exclusive <strong>GDP<\/strong> aura lieu le vendredi 26 septembre \u00e0 10h, tandis que la mise en vente g\u00e9n\u00e9rale d\u00e9butera le lundi 29 septembre \u00e0 10h.<\/p>\n<p>Un rendez-vous immanquable pour tous les passionn\u00e9s de rock !<\/p>\n<p><img loading=\"lazy\" decoding=\"async\" width=\"768\" height=\"1024\" src=\"https:\/\/www.europesays.com\/fr\/wp-content\/uploads\/2025\/09\/551041681_1251136780394026_8642343961277382404_n-768x1024.jpg\" alt=\"\" class=\"wp-image-226779\"\/><\/p>\n","protected":false},"excerpt":{"rendered":"Pr\u00e8s de trente ans apr\u00e8s leur derni\u00e8re venue dans la capitale, les l\u00e9gendes britanniques du hard rock Def&hellip;\n","protected":false},"author":2,"featured_media":411553,"comment_status":"","ping_status":"","sticky":false,"template":"","format":"standard","meta":{"footnotes":""},"categories":[1888],"tags":[8677,1111,1928,11,1927,54277,1777,674,5434,1011,27,12,1926,626,1925,25],"class_list":{"0":"post-411552","1":"post","2":"type-post","3":"status-publish","4":"format-standard","5":"has-post-thumbnail","7":"category-paris","8":"tag-accor-arena","9":"tag-actu","10":"tag-actu-paris","11":"tag-actualites","12":"tag-actualites-paris","13":"tag-def-leppard","14":"tag-eu","15":"tag-europe","16":"tag-extreme","17":"tag-fr","18":"tag-france","19":"tag-news","20":"tag-news-paris","21":"tag-paris","22":"tag-paris-news","23":"tag-republique-francaise"},"share_on_mastodon":{"url":"https:\/\/pubeurope.com\/@fr\/115252832902041173","error":""},"_links":{"self":[{"href":"https:\/\/www.europesays.com\/fr\/wp-json\/wp\/v2\/posts\/411552","targetHints":{"allow":["GET"]}}],"collection":[{"href":"https:\/\/www.europesays.com\/fr\/wp-json\/wp\/v2\/posts"}],"about":[{"href":"https:\/\/www.europesays.com\/fr\/wp-json\/wp\/v2\/types\/post"}],"author":[{"embeddable":true,"href":"https:\/\/www.europesays.com\/fr\/wp-json\/wp\/v2\/users\/2"}],"replies":[{"embeddable":true,"href":"https:\/\/www.europesays.com\/fr\/wp-json\/wp\/v2\/comments?post=411552"}],"version-history":[{"count":0,"href":"https:\/\/www.europesays.com\/fr\/wp-json\/wp\/v2\/posts\/411552\/revisions"}],"wp:featuredmedia":[{"embeddable":true,"href":"https:\/\/www.europesays.com\/fr\/wp-json\/wp\/v2\/media\/411553"}],"wp:attachment":[{"href":"https:\/\/www.europesays.com\/fr\/wp-json\/wp\/v2\/media?parent=411552"}],"wp:term":[{"taxonomy":"category","embeddable":true,"href":"https:\/\/www.europesays.com\/fr\/wp-json\/wp\/v2\/categories?post=411552"},{"taxonomy":"post_tag","embeddable":true,"href":"https:\/\/www.europesays.com\/fr\/wp-json\/wp\/v2\/tags?post=411552"}],"curies":[{"name":"wp","href":"https:\/\/api.w.org\/{rel}","templated":true}]}}