{"id":411568,"date":"2025-09-23T09:17:11","date_gmt":"2025-09-23T09:17:11","guid":{"rendered":"https:\/\/www.europesays.com\/fr\/411568\/"},"modified":"2025-09-23T09:17:11","modified_gmt":"2025-09-23T09:17:11","slug":"face-a-trump-lindonesie-se-tourne-vers-leurope-avec-un-accord-commercial-strategique","status":"publish","type":"post","link":"https:\/\/www.europesays.com\/fr\/411568\/","title":{"rendered":"Face \u00e0 Trump, l\u2019Indon\u00e9sie se tourne vers l\u2019Europe avec un accord commercial strat\u00e9gique"},"content":{"rendered":"<p>Apr\u00e8s plus d\u2019une d\u00e9cennie de n\u00e9gociations, l\u2019Indon\u00e9sie et l\u2019Union europ\u00e9enne (UE) ont finalis\u00e9 mardi un accord de libre-\u00e9change, baptis\u00e9 CEPA (Comprehensive Economic Partnership Agreement, Accord de partenariat \u00e9conomique global), lors d\u2019une r\u00e9union \u00e0 Bali. Sign\u00e9 par le ministre indon\u00e9sien de l\u2019\u00c9conomie, Airlangga Hartarto, et le commissaire europ\u00e9en au Commerce, Maros Sefcovic, cet accord vise \u00e0 renforcer les \u00e9changes commerciaux et les investissements entre les 27 \u00c9tats membres et la premi\u00e8re \u00e9conomie d\u2019Asie du Sud-Est.<\/p>\n<p>Selon le ministre indon\u00e9sien, le CEPA pr\u00e9voit l\u2019exemption de droits de douane pour 80 % des produits indon\u00e9siens export\u00e9s vers l\u2019Europe, notamment les chaussures, textiles, produits de la p\u00eache et huile de palme. L\u2019UE, de son c\u00f4t\u00e9, devrait \u00e9galement b\u00e9n\u00e9ficier d\u2019un acc\u00e8s facilit\u00e9 au march\u00e9 indon\u00e9sien de 280\u202fmillions d\u2019habitants, avec des \u00e9conomies estim\u00e9es \u00e0 600\u202fmillions d\u2019euros par an pour ses exportateurs.<\/p>\n<p>\u00ab\u202fL\u2019UE et l\u2019Indon\u00e9sie envoient un message fort au monde selon lequel nous sommes unis dans notre engagement en faveur d\u2019un commerce international ouvert, fond\u00e9 sur des r\u00e8gles et mutuellement b\u00e9n\u00e9fique\u202f\u00bb, a d\u00e9clar\u00e9 Maros\u00a0 Sefcovic. \u00ab\u202fC\u2019est un parcours de dix ans qui a abouti \u00e0 une \u00e9tape importante refl\u00e8tant notre engagement en faveur d\u2019une (relation) \u00e9conomique ouverte, \u00e9quitable et durable\u202f\u00bb, a ajout\u00e9 Airlangga Airlangga.<\/p>\n<p>\u00ab\u202fNotre accord avec l\u2019Indon\u00e9sie cr\u00e9e de nouvelles opportunit\u00e9s pour les entreprises et les agriculteurs\u202f\u00bb et \u00ab\u202fnous assure \u00e9galement un approvisionnement stable et pr\u00e9visible en mati\u00e8res premi\u00e8res essentielles\u202f\u00bb, a d\u00e9clar\u00e9 pour sa part la pr\u00e9sidente de la Commission europ\u00e9enne, Ursula von der Leyen, cit\u00e9e dans un communiqu\u00e9.<\/p>\n<p>Un march\u00e9 alternatif&#13;\n<\/p>\n<p>L\u2019accord intervient dans un contexte de tensions commerciales accrues avec les \u00c9tats-Unis. Alors que l\u2019administration Trump a relev\u00e9 les droits de douane sur les exportations indon\u00e9siennes vers les \u00c9tats-Unis \u00e0 19 %, Jakarta a cherch\u00e9 un march\u00e9 alternatif en Europe, tandis que l\u2019UE cherche \u00e0 diversifier ses partenariats face aux sanctions am\u00e9ricaines. \u00ab\u202fCette signature (&#8230;) a \u00e9t\u00e9 finalis\u00e9e en raison de la guerre tarifaire de Donald Trump. L\u2019Indon\u00e9sie doit chercher un march\u00e9 alternatif en Europe et l\u2019Europe (&#8230;) a besoin d\u2019un march\u00e9 \u00e0 p\u00e9n\u00e9trer\u202f\u00bb, commente Bhima Yudhistira Adhinegara, directeur ex\u00e9cutif du Centre d\u2019\u00e9tudes \u00e9conomiques et juridiques de Jakarta.<\/p>\n<p>Au-del\u00e0 des \u00e9changes commerciaux, le CEPA pr\u00e9voit de stimuler les investissements europ\u00e9ens en Indon\u00e9sie, notamment dans des secteurs strat\u00e9giques tels que les v\u00e9hicules \u00e9lectriques, l\u2019\u00e9lectronique et les produits pharmaceutiques. \u00ab\u202fIl sera plus facile pour les produits de (l\u2019UE) d\u2019entrer\u202f\u00bb, souligne Deni Friawan, chercheur au Centre d\u2019\u00e9tudes internationales et strat\u00e9giques (CSIS).<\/p>\n<p>D\u00e9forestation et huile de palme&#13;\n<\/p>\n<p>Le dossier de l\u2019huile de palme, longtemps source de tensions entre Bruxelles et Jakarta, figure dans le texte via un \u00ab\u202fProtocole sur l\u2019huile de palme\u202f\u00bb. Ce dernier vise \u00e0 \u00ab\u202fmaximiser le potentiel du CEPA pour soutenir le commerce d\u2019huile de palme durable\u202f\u00bb et \u00e0 \u00e9tablir \u00ab\u202fune plateforme de dialogue, notamment sur les \u00e9volutions r\u00e9glementaires pertinentes pour le secteur de l\u2019huile de palme\u202f\u00bb, ajoute la Commission. Selon Airlangga Hartarto, Maros Sefcovic avait promis d\u2019accorder un \u00ab\u202ftraitement sp\u00e9cial\u202f\u00bb \u00e0 Jakarta concernant la politique de d\u00e9forestation.<\/p>\n<p>Les d\u00e9fenseurs de l\u2019environnement craignent que l\u2019accord n\u2019entra\u00eene une acc\u00e9l\u00e9ration de la d\u00e9forestation. \u00ab\u202fLes for\u00eats naturelles restantes dans les concessions de palmiers \u00e0 huile seront potentiellement d\u00e9frich\u00e9es dans un avenir proche (et) converties en plantations\u202f\u00bb, s\u2019inqui\u00e8te Syahrul Fitra de Greenpeace Indon\u00e9sie.<\/p>\n<p>Le CEPA doit encore \u00eatre ratifi\u00e9 par les parlements des 27 \u00c9tats membres et celui de l\u2019Indon\u00e9sie avant son entr\u00e9e en vigueur, pr\u00e9vue au 1er janvier 2027. S\u2019il est valid\u00e9, il placera l\u2019UE comme partenaire strat\u00e9gique cl\u00e9 pour Jakarta et offrira aux entreprises europ\u00e9ennes de nouvelles opportunit\u00e9s sur un march\u00e9 en forte croissance, tout en consolidant les ambitions indon\u00e9siennes d\u2019une \u00e9conomie ouverte et durable.<\/p>\n","protected":false},"excerpt":{"rendered":"Apr\u00e8s plus d\u2019une d\u00e9cennie de n\u00e9gociations, l\u2019Indon\u00e9sie et l\u2019Union europ\u00e9enne (UE) ont finalis\u00e9 mardi un accord de libre-\u00e9change,&hellip;\n","protected":false},"author":2,"featured_media":411569,"comment_status":"","ping_status":"","sticky":false,"template":"","format":"standard","meta":{"footnotes":""},"categories":[1586],"tags":[17,11,3396,33,1777,674,2823,1011,27,1808,38101,12,25,12710,467,13703],"class_list":{"0":"post-411568","1":"post","2":"type-post","3":"status-publish","4":"format-standard","5":"has-post-thumbnail","7":"category-europe","8":"tag-17","9":"tag-actualites","10":"tag-avec","11":"tag-economie","12":"tag-eu","13":"tag-europe","14":"tag-face","15":"tag-fr","16":"tag-france","17":"tag-leurope","18":"tag-lindonesie","19":"tag-news","20":"tag-republique-francaise","21":"tag-tourne","22":"tag-trump","23":"tag-vers"},"share_on_mastodon":{"url":"https:\/\/pubeurope.com\/@fr\/115252864298253752","error":""},"_links":{"self":[{"href":"https:\/\/www.europesays.com\/fr\/wp-json\/wp\/v2\/posts\/411568","targetHints":{"allow":["GET"]}}],"collection":[{"href":"https:\/\/www.europesays.com\/fr\/wp-json\/wp\/v2\/posts"}],"about":[{"href":"https:\/\/www.europesays.com\/fr\/wp-json\/wp\/v2\/types\/post"}],"author":[{"embeddable":true,"href":"https:\/\/www.europesays.com\/fr\/wp-json\/wp\/v2\/users\/2"}],"replies":[{"embeddable":true,"href":"https:\/\/www.europesays.com\/fr\/wp-json\/wp\/v2\/comments?post=411568"}],"version-history":[{"count":0,"href":"https:\/\/www.europesays.com\/fr\/wp-json\/wp\/v2\/posts\/411568\/revisions"}],"wp:featuredmedia":[{"embeddable":true,"href":"https:\/\/www.europesays.com\/fr\/wp-json\/wp\/v2\/media\/411569"}],"wp:attachment":[{"href":"https:\/\/www.europesays.com\/fr\/wp-json\/wp\/v2\/media?parent=411568"}],"wp:term":[{"taxonomy":"category","embeddable":true,"href":"https:\/\/www.europesays.com\/fr\/wp-json\/wp\/v2\/categories?post=411568"},{"taxonomy":"post_tag","embeddable":true,"href":"https:\/\/www.europesays.com\/fr\/wp-json\/wp\/v2\/tags?post=411568"}],"curies":[{"name":"wp","href":"https:\/\/api.w.org\/{rel}","templated":true}]}}