{"id":411570,"date":"2025-09-23T09:18:12","date_gmt":"2025-09-23T09:18:12","guid":{"rendered":"https:\/\/www.europesays.com\/fr\/411570\/"},"modified":"2025-09-23T09:18:12","modified_gmt":"2025-09-23T09:18:12","slug":"infographie-les-7-institutions-de-lunion-europeenne","status":"publish","type":"post","link":"https:\/\/www.europesays.com\/fr\/411570\/","title":{"rendered":"[Infographie] Les 7 institutions de l&rsquo;Union europ\u00e9enne"},"content":{"rendered":"<p>\t[Infographie] Les 7 institutions de l&rsquo;Union europ\u00e9enne &#8211; Touteleurope.eu<\/p>\n<p>\t\t<img decoding=\"async\" alt=\"fermer\" class=\"close-info\" src=\"https:\/\/www.touteleurope.eu\/wp-content\/themes\/toute_leurope\/assets\/images\/close-picto-blue.svg\"\/><\/p>\n<p>Touteleurope.eu est le site p\u00e9dagogique de r\u00e9f\u00e9rence sur les questions europ\u00e9ennes : <a href=\"https:\/\/www.touteleurope.eu\/qui-sommes-nous\/\" target=\"_blank\" rel=\"noopener\">Qui sommes-nous ?<\/a><\/p>\n<p><img decoding=\"async\" class=\"logo-pdf\" alt=\"Toute L'Europe \u2013 Comprendre l'Europe\" src=\"https:\/\/www.touteleurope.eu\/wp-content\/themes\/toute_leurope\/assets\/images\/logo-ttl.svg\"\/><\/p>\n","protected":false},"excerpt":{"rendered":"[Infographie] Les 7 institutions de l&rsquo;Union europ\u00e9enne &#8211; Touteleurope.eu Touteleurope.eu est le site p\u00e9dagogique de r\u00e9f\u00e9rence sur les&hellip;\n","protected":false},"author":2,"featured_media":411571,"comment_status":"","ping_status":"","sticky":false,"template":"","format":"standard","meta":{"footnotes":""},"categories":[1586],"tags":[11,44137,2196,10697,18787,54278,16080,1777,674,1779,1011,27,425,12,8552,54279,25,1778,364],"class_list":{"0":"post-411570","1":"post","2":"type-post","3":"status-publish","4":"format-standard","5":"has-post-thumbnail","7":"category-europe","8":"tag-actualites","9":"tag-banque-centrale-europeenne","10":"tag-commission-europeenne","11":"tag-conseil-de-lue","12":"tag-conseil-europeen","13":"tag-cour-de-justice-de-lue","14":"tag-cour-des-comptes-europeenne","15":"tag-eu","16":"tag-europe","17":"tag-european-union","18":"tag-fr","19":"tag-france","20":"tag-institutions","21":"tag-news","22":"tag-parlement-europeen","23":"tag-prise-de-decision","24":"tag-republique-francaise","25":"tag-ue","26":"tag-union-europeenne"},"share_on_mastodon":{"url":"https:\/\/pubeurope.com\/@fr\/115252868630935866","error":""},"_links":{"self":[{"href":"https:\/\/www.europesays.com\/fr\/wp-json\/wp\/v2\/posts\/411570","targetHints":{"allow":["GET"]}}],"collection":[{"href":"https:\/\/www.europesays.com\/fr\/wp-json\/wp\/v2\/posts"}],"about":[{"href":"https:\/\/www.europesays.com\/fr\/wp-json\/wp\/v2\/types\/post"}],"author":[{"embeddable":true,"href":"https:\/\/www.europesays.com\/fr\/wp-json\/wp\/v2\/users\/2"}],"replies":[{"embeddable":true,"href":"https:\/\/www.europesays.com\/fr\/wp-json\/wp\/v2\/comments?post=411570"}],"version-history":[{"count":0,"href":"https:\/\/www.europesays.com\/fr\/wp-json\/wp\/v2\/posts\/411570\/revisions"}],"wp:featuredmedia":[{"embeddable":true,"href":"https:\/\/www.europesays.com\/fr\/wp-json\/wp\/v2\/media\/411571"}],"wp:attachment":[{"href":"https:\/\/www.europesays.com\/fr\/wp-json\/wp\/v2\/media?parent=411570"}],"wp:term":[{"taxonomy":"category","embeddable":true,"href":"https:\/\/www.europesays.com\/fr\/wp-json\/wp\/v2\/categories?post=411570"},{"taxonomy":"post_tag","embeddable":true,"href":"https:\/\/www.europesays.com\/fr\/wp-json\/wp\/v2\/tags?post=411570"}],"curies":[{"name":"wp","href":"https:\/\/api.w.org\/{rel}","templated":true}]}}