{"id":411582,"date":"2025-09-23T09:24:16","date_gmt":"2025-09-23T09:24:16","guid":{"rendered":"https:\/\/www.europesays.com\/fr\/411582\/"},"modified":"2025-09-23T09:24:16","modified_gmt":"2025-09-23T09:24:16","slug":"pro-d2-valence-romans-en-prime-time-lors-de-la-huitieme-journee-le-fcg-programme-le-vendredi","status":"publish","type":"post","link":"https:\/\/www.europesays.com\/fr\/411582\/","title":{"rendered":"Pro D2. Valence Romans en prime time lors de la huiti\u00e8me journ\u00e9e, le FCG programm\u00e9 le vendredi"},"content":{"rendered":"<p>Apr\u00e8s un d\u00e9but de saison tonitruant, le Valence Romans Dr\u00f4me Rugby pourra montrer l\u2019\u00e9tendue de son talent en prime time (21 heures) chez nos confr\u00e8res de Canal +\u00a0Sport le jeudi 23\u00a0octobre, lors de la r\u00e9ception d\u2019Agen, pour le compte de la 8e\u00a0 journ\u00e9e de Pro D2.<\/p>\n<p>Actuellement quatri\u00e8mes au classement, avec trois victoires pour une d\u00e9faite, les Damiers pourraient ainsi poursuivre leur invincibilit\u00e9 au stade Georges-Pompidou dans ce qui constitue le choc de cette huiti\u00e8me journ\u00e9e, entre deux d\u00e9placements p\u00e9rilleux, \u00e0 B\u00e9ziers puis \u00e0 Vannes.\u00a0En d\u00e9but de saison derni\u00e8re, les hommes de Fabien Fortassin, lesquels disputeront pour la deuxi\u00e8me fois seulement l\u2019affiche du jeudi, avaient mis fin \u00e0 une s\u00e9rie de\u00a0quatre revers en <a href=\"https:\/\/www.ledauphine.com\/sport\/2024\/09\/27\/valence-romans-gagne-enfin-133-jours-apres\" target=\"_blank\" rel=\"noopener\">disposant des Agenais<\/a> (30-25).<\/p>\n<p><strong>&gt;&gt;\u00a0<\/strong><a href=\"https:\/\/www.ledauphine.com\/sport\/calendrier-resultats\/rugby\/national-pro-d2-saison-reguliere\" target=\"_blank\" rel=\"noopener\"><strong>Les r\u00e9sultats, le classement et le calendrier de Pro D2\u00a0<\/strong><\/a><\/p>\n<p>Ce contenu est bloqu\u00e9 car vous n&rsquo;avez pas accept\u00e9 les cookies et autres traceurs.<\/p>\n<p>En cliquant sur \u00ab J\u2019accepte \u00bb, les cookies et autres traceurs seront d\u00e9pos\u00e9s et vous pourrez visualiser les contenus  (<a href=\"\" class=\"consentModule_policy\" target=\"_blank\" title=\"Consulter la politique de protection des donn\u00e9es du fournisseur\">plus d&rsquo;informations<\/a>).<\/p>\n<p>En cliquant sur \u00ab J\u2019accepte tous les cookies \u00bb, vous autorisez des d\u00e9p\u00f4ts de cookies et autres traceurs pour le stockage de vos donn\u00e9es sur nos sites et applications \u00e0 des fins de personnalisation et de ciblage publicitaire.<\/p>\n<p class=\"consentModule_secondaryText\">Vous gardez la possibilit\u00e9 de retirer votre consentement \u00e0 tout moment en consultant notre <a href=\"https:\/\/www.ledauphine.com\/protection-des-donnees\" target=\"_blank\" title=\"Consulter notre politique de protection des donn\u00e9es\" rel=\"noopener\">politique de protection des donn\u00e9es<\/a>. <br \/>&#13;<br \/>\n            <a href=\"https:\/\/www.ledauphine.com\/sport\/2025\/09\/22\/javascript:Didomi.notice.show()\" class=\"consentModule_cmp\" target=\"_blank\" rel=\"noopener\">G\u00e9rer mes choix<\/a>&#13;\n        <\/p>\n<p>&#13;<br \/>\n                        J&rsquo;accepte&#13;<br \/>\n            J&rsquo;accepte tous les cookies&#13;\n        <\/p>\n<p>  Le FCG jouera lui le vendredi<\/p>\n<p>Plus habitu\u00e9 des retransmissions t\u00e9l\u00e9 du jeudi, le FC Grenoble prendra cette fois la place de son voisin dr\u00f4mois, le vendredi 24\u00a0octobre, \u00e0 19h30 sur Canal +\u00a0Live. Avec le m\u00eame nombre de points \u00e0 l\u2019heure actuelle, mais en qu\u00eate du beau jeu, les Grenoblois peuvent empocher cinq nouvelles unit\u00e9s face au promu en difficult\u00e9 Carcassonne au stade des Alpes.<\/p>\n","protected":false},"excerpt":{"rendered":"Apr\u00e8s un d\u00e9but de saison tonitruant, le Valence Romans Dr\u00f4me Rugby pourra montrer l\u2019\u00e9tendue de son talent en&hellip;\n","protected":false},"author":2,"featured_media":411583,"comment_status":"","ping_status":"","sticky":false,"template":"","format":"standard","meta":{"footnotes":""},"categories":[1416],"tags":[2730,112,2737,2735,2727,1701,1795,1011,27,2731,2732,108,2308,1479,2736,479,1468,517,60,2733,2734,2728],"class_list":{"0":"post-411582","1":"post","2":"type-post","3":"status-publish","4":"format-standard","5":"has-post-thumbnail","7":"category-rugby","8":"tag-drome","9":"tag-edition-grenoble-agglomeration","10":"tag-edition-romans-nord-drome","11":"tag-edition-valence-rhone-crussol-vallee-de-la-drome","12":"tag-fcg-fc-grenoble-rugby","13":"tag-fil-info-sport","14":"tag-fil-web","15":"tag-fr","16":"tag-france","17":"tag-grenoble","18":"tag-grenoble-bassin","19":"tag-isere","20":"tag-pro-d2","21":"tag-romans","22":"tag-romans-sur-isere","23":"tag-rugby","24":"tag-rugby-football","25":"tag-sport","26":"tag-sports","27":"tag-valence","28":"tag-valence-bassin","29":"tag-vrdr-valence-romans-drome-rugby"},"share_on_mastodon":{"url":"https:\/\/pubeurope.com\/@fr\/115252891839111408","error":""},"_links":{"self":[{"href":"https:\/\/www.europesays.com\/fr\/wp-json\/wp\/v2\/posts\/411582","targetHints":{"allow":["GET"]}}],"collection":[{"href":"https:\/\/www.europesays.com\/fr\/wp-json\/wp\/v2\/posts"}],"about":[{"href":"https:\/\/www.europesays.com\/fr\/wp-json\/wp\/v2\/types\/post"}],"author":[{"embeddable":true,"href":"https:\/\/www.europesays.com\/fr\/wp-json\/wp\/v2\/users\/2"}],"replies":[{"embeddable":true,"href":"https:\/\/www.europesays.com\/fr\/wp-json\/wp\/v2\/comments?post=411582"}],"version-history":[{"count":0,"href":"https:\/\/www.europesays.com\/fr\/wp-json\/wp\/v2\/posts\/411582\/revisions"}],"wp:featuredmedia":[{"embeddable":true,"href":"https:\/\/www.europesays.com\/fr\/wp-json\/wp\/v2\/media\/411583"}],"wp:attachment":[{"href":"https:\/\/www.europesays.com\/fr\/wp-json\/wp\/v2\/media?parent=411582"}],"wp:term":[{"taxonomy":"category","embeddable":true,"href":"https:\/\/www.europesays.com\/fr\/wp-json\/wp\/v2\/categories?post=411582"},{"taxonomy":"post_tag","embeddable":true,"href":"https:\/\/www.europesays.com\/fr\/wp-json\/wp\/v2\/tags?post=411582"}],"curies":[{"name":"wp","href":"https:\/\/api.w.org\/{rel}","templated":true}]}}