{"id":411588,"date":"2025-09-23T09:28:11","date_gmt":"2025-09-23T09:28:11","guid":{"rendered":"https:\/\/www.europesays.com\/fr\/411588\/"},"modified":"2025-09-23T09:28:11","modified_gmt":"2025-09-23T09:28:11","slug":"sebastien-loeb-veut-confirmer-son-rebond-sur-le-rallye-raid-du-portugal-lequipe","status":"publish","type":"post","link":"https:\/\/www.europesays.com\/fr\/411588\/","title":{"rendered":"S\u00e9bastien Loeb veut confirmer son rebond sur le Rallye-raid du Portugal &#8211; L&#039;\u00c9quipe"},"content":{"rendered":"<ol>\n<li><a href=\"https:\/\/news.google.com\/rss\/articles\/CBMitgFBVV95cUxOSWZfS0ZoWjJYdDdhTTZoOFI0NkY4OWR2Z0lCN2ZTdC14dW42UkFaSkZmRGhmNnRORFZIbXpkNXU5OEUyZzZaMGhodi16ZFlHVzlneTRMdDhIbmcxSUtIbGxsc1ExWE9sUzRlUk4wSUJDVGpib3NOWlNvOV9VZlVMa2VSdmFNWGRXaEZJeDRTTGtyX0tuZFc0eWVnV2dkVW9rY3kyODBDWkU5MVRrRlNLLXltR21kdw?oc=5\" target=\"_blank\" rel=\"noopener\">S\u00e9bastien Loeb veut confirmer son rebond sur le Rallye-raid du Portugal<\/a>&nbsp;&nbsp;L&rsquo;\u00c9quipe<\/li>\n<li><a href=\"https:\/\/news.google.com\/rss\/articles\/CBMi2gFBVV95cUxQQzFwTkFJdVdqUU5TaWFGRWhIWUF1bHh4dmpFcVJQSHFSZDJRdFAzdDNra052WXNCNkFXdkpieU1FNUFBemJzM2d2VGhaNlpuT2pBNElnVzMxVWpmZTFyakZpWE5DeVo3RjdGQ3NzME9PQVI4SmttMFNkRDBNMnRJZi1MQVlhWFB6TkhzUFRRZGFfYjBXQjNwUHBhYVdGWUphcGtvZ2RKVmZES2NnaUZfNllyblFOc1IwdjFKUlNTZ3VoTnhrM3V5d0poTkoyMldIOWZLajZwVnR2QQ?oc=5\" target=\"_blank\" rel=\"noopener\">Automobile. \u00c9douard Boulanger, nouveau copilote de S\u00e9bastien Loeb : \u00ab Le Dakar est bien s\u00fbr l\u2019objectif num\u00e9ro un \u00bb<\/a>&nbsp;&nbsp;L&rsquo;Est R\u00e9publicain<\/li>\n<li><a href=\"https:\/\/news.google.com\/rss\/articles\/CBMigAJBVV95cUxQYkJtVGllYkw4YlJLVy1FREcybEtVYnBLcTNlM1pfaFMtcTlqNnFlOE5rV3Z6MGdJMUk5RXNnSWVCTUNZaERkeGNxbXNQX3Vyb0dhQlhtQ1BJLWVhTmoyQU9qbVRvTTR4ak12eFUySmo0cS1iNTdPdVA5VEVkUUNLWURqQTRMODhZM2F0bF94eVEzSGhveGcwVWNCWjBxUmotM0p0czBLOHFsMXNNMk4wdmZWMEJxSF8yRjFZRFZzNU43Si1BM05nTkMzTXktS2w4YVJjb08wUUxxUTlCUXYzR3Z5OUxnTWJjVEdxbzBZWHc0Z3lfWEZ0T3dCdXlpUXFD?oc=5\" target=\"_blank\" rel=\"noopener\">\u00ab\u00a0Comme un couple en crise\u00a0\u00bb, Loeb se s\u00e9pare de son copilote en vue du Dakar 2026<\/a>&nbsp;&nbsp;Eurosport<\/li>\n<li><a href=\"https:\/\/news.google.com\/rss\/articles\/CBMilAFBVV95cUxNVk5xaWF3SnlTRnAwWmNEWFUzamRoeWFCY2NCaC1qZ2ptalRaeDlmTDhmT2NhejVoUDh1NmtWWUtpWDdnNkxSNUVtZlBpS1RmV0FqZGVjVjF3SFFlX081VkFfYzZ6LVdnYTk1TU1uejJWcjlqZnVKS1QxenAxNHg1ZUkxYkhXb2ZLTGRvME5GZmtJWXFv?oc=5\" target=\"_blank\" rel=\"noopener\">Auto. Pourquoi S\u00e9bastien Loeb change-t-il encore de copilote ?<\/a>&nbsp;&nbsp;DNA<\/li>\n<li><a href=\"https:\/\/news.google.com\/rss\/articles\/CBMiugFBVV95cUxNV01wWFE2TGhncW1BaEEzZXRKdWxOQzJhX3Y4cjdSbGE0WU1UdjlUZWtmcjZkWVFZNHREZ2QwbUZRU284UHFua1o5TEphVHhPLTVxcWE4OVZBS01FNkRoRlBzX25DZGUxcXk5b3JKSzRqVU0zWVNlWFVQR0tJM0c0dk5OWUZiZHlmTXdoa3duczZ6RWlKNmhNNjJtaUZiblJ1LWxodTRLZGZJNlhpY2M4Y19qcVR4WTBUQkE?oc=5\" target=\"_blank\" rel=\"noopener\">AUTOMOBILE : World Rally-Raid Championship &#8211; Une deuxi\u00e8me \u00e9dition de tous les possibles<\/a>&nbsp;&nbsp;Presse Agence Sport<\/li>\n<\/ol>\n","protected":false},"excerpt":{"rendered":"S\u00e9bastien Loeb veut confirmer son rebond sur le Rallye-raid du Portugal&nbsp;&nbsp;L&rsquo;\u00c9quipe Automobile. \u00c9douard Boulanger, nouveau copilote de S\u00e9bastien&hellip;\n","protected":false},"author":2,"featured_media":411589,"comment_status":"","ping_status":"","sticky":false,"template":"","format":"standard","meta":{"footnotes":""},"categories":[1412],"tags":[1451,1452,1453,1454,1455,1011,27,60],"class_list":{"0":"post-411588","1":"post","2":"type-post","3":"status-publish","4":"format-standard","5":"has-post-thumbnail","7":"category-f1","8":"tag-f1","9":"tag-formula-1","10":"tag-formula1","11":"tag-formule-1","12":"tag-formule1","13":"tag-fr","14":"tag-france","15":"tag-sports"},"share_on_mastodon":{"url":"https:\/\/pubeurope.com\/@fr\/115252907522653503","error":""},"_links":{"self":[{"href":"https:\/\/www.europesays.com\/fr\/wp-json\/wp\/v2\/posts\/411588","targetHints":{"allow":["GET"]}}],"collection":[{"href":"https:\/\/www.europesays.com\/fr\/wp-json\/wp\/v2\/posts"}],"about":[{"href":"https:\/\/www.europesays.com\/fr\/wp-json\/wp\/v2\/types\/post"}],"author":[{"embeddable":true,"href":"https:\/\/www.europesays.com\/fr\/wp-json\/wp\/v2\/users\/2"}],"replies":[{"embeddable":true,"href":"https:\/\/www.europesays.com\/fr\/wp-json\/wp\/v2\/comments?post=411588"}],"version-history":[{"count":0,"href":"https:\/\/www.europesays.com\/fr\/wp-json\/wp\/v2\/posts\/411588\/revisions"}],"wp:featuredmedia":[{"embeddable":true,"href":"https:\/\/www.europesays.com\/fr\/wp-json\/wp\/v2\/media\/411589"}],"wp:attachment":[{"href":"https:\/\/www.europesays.com\/fr\/wp-json\/wp\/v2\/media?parent=411588"}],"wp:term":[{"taxonomy":"category","embeddable":true,"href":"https:\/\/www.europesays.com\/fr\/wp-json\/wp\/v2\/categories?post=411588"},{"taxonomy":"post_tag","embeddable":true,"href":"https:\/\/www.europesays.com\/fr\/wp-json\/wp\/v2\/tags?post=411588"}],"curies":[{"name":"wp","href":"https:\/\/api.w.org\/{rel}","templated":true}]}}