{"id":41160,"date":"2025-04-21T09:31:10","date_gmt":"2025-04-21T09:31:10","guid":{"rendered":"https:\/\/www.europesays.com\/fr\/41160\/"},"modified":"2025-04-21T09:31:10","modified_gmt":"2025-04-21T09:31:10","slug":"saint-etienne-la-librairie-mauvais-genres-nous-emmene-dans-le-labyrinthe-de-koine","status":"publish","type":"post","link":"https:\/\/www.europesays.com\/fr\/41160\/","title":{"rendered":"Saint-Etienne. La librairie Mauvais Genres nous emm\u00e8ne dans le labyrinthe de \u00ab\u00a0Koin\u00e8\u00a0\u00bb"},"content":{"rendered":"<p>Le lecteur d\u00e9couvre l\u2019archipel de Koin\u00e8, lieu fictif servant de d\u00e9cor au r\u00e9cit.<\/p>\n<p>Une r\u00e9volution a eu lieu, et l\u2019archipel est organis\u00e9 depuis en commune (sur le mod\u00e8le de la Commune parisienne de 1871)\u00a0: \u00ab Tous les gens sont \u00e9gaux, chacun prend ce dont il a besoin, ne travaille que 4\u00a0heures par jour dans le domaine qu\u2019il veut\u00a0\u00bb, r\u00e9sume Thierry Araud.<\/p>\n<p>Koin\u00e8 fonctionne donc sur le mod\u00e8le de l\u2019eutopie, notion qui \u00e9voque litt\u00e9ralement \u00ab un lieu de r\u00eave\u00a0\u00bb. Il existe toutefois des \u00ab r\u00e9fractaires au bonheur\u00a0\u00bb qui refusent ce fonctionnement. Un b\u00e2timent, \u00ab la pension\u00a0\u00bb, \u00e9rig\u00e9e dans une ville abandonn\u00e9e et d\u00e9serte, accueille les \u00ab pensionnaires, des \u00eatres qui ne sont que tristesse et col\u00e8re\u00a0\u00bb, note Thierry Araud.<\/p>\n<p>En dehors de ces murs ternes o\u00f9 vivent d\u00e9lib\u00e9r\u00e9ment les pensionnaires, la soci\u00e9t\u00e9 eutopique de Koin\u00e8 semble menac\u00e9e par les signes avant-coureurs d\u2019un s\u00e9isme\u2026<\/p>\n<p>L\u2019intrigue est amorc\u00e9e par la mort de l\u2019un des pensionnaires, tu\u00e9 dans la pension. Celui-ci a laiss\u00e9 une lettre\u2026 Les chapitres alternent entre diff\u00e9rents points de vue\u00a0: celui d\u2019un pensionnaire, d\u2019un r\u00e9ceptionniste, ou bien du \u00ab ch\u0153ur\u00a0\u00bb, chantant l\u2019action.<\/p>\n<p>  \u00ab On se laisse porter par l\u2019\u00e9criture\u00a0\u00bb.<\/p>\n<p>Pour Thierry Araud, \u00ab la construction est assez labyrinthique et n\u00e9cessite une lecture attentive, mais le style est po\u00e9tique, r\u00eaveur, flamboyant\u00a0!\u00a0\u00bb.<\/p>\n<p>Avec Koin\u00e8, paru en mars\u00a02024 aux \u00e9ditions Volte, M\u00e9lanie Fievet signe un livre \u00e0 la crois\u00e9e des diff\u00e9rents courants de la \u00ab litt\u00e9rature de l\u2019imaginaire\u00a0\u00bb, genre pris\u00e9 par la librairie Mauvais Genres.<\/p>\n","protected":false},"excerpt":{"rendered":"Le lecteur d\u00e9couvre l\u2019archipel de Koin\u00e8, lieu fictif servant de d\u00e9cor au r\u00e9cit. Une r\u00e9volution a eu lieu,&hellip;\n","protected":false},"author":2,"featured_media":41161,"comment_status":"","ping_status":"","sticky":false,"template":"","format":"standard","meta":{"footnotes":""},"categories":[9653],"tags":[1111,11,2430,1687,7539,1777,674,1011,27,2410,12,25,4001,7538],"class_list":{"0":"post-41160","1":"post","2":"type-post","3":"status-publish","4":"format-standard","5":"has-post-thumbnail","7":"category-saint-etienne","8":"tag-actu","9":"tag-actualites","10":"tag-auvergne-rhone-alpes","11":"tag-culture-loisirs","12":"tag-edition-loire-sud","13":"tag-eu","14":"tag-europe","15":"tag-fr","16":"tag-france","17":"tag-livres-bd","18":"tag-news","19":"tag-republique-francaise","20":"tag-saint-etienne","21":"tag-saint-etienne-ville"},"share_on_mastodon":{"url":"https:\/\/pubeurope.com\/@fr\/114375261137664845","error":""},"_links":{"self":[{"href":"https:\/\/www.europesays.com\/fr\/wp-json\/wp\/v2\/posts\/41160","targetHints":{"allow":["GET"]}}],"collection":[{"href":"https:\/\/www.europesays.com\/fr\/wp-json\/wp\/v2\/posts"}],"about":[{"href":"https:\/\/www.europesays.com\/fr\/wp-json\/wp\/v2\/types\/post"}],"author":[{"embeddable":true,"href":"https:\/\/www.europesays.com\/fr\/wp-json\/wp\/v2\/users\/2"}],"replies":[{"embeddable":true,"href":"https:\/\/www.europesays.com\/fr\/wp-json\/wp\/v2\/comments?post=41160"}],"version-history":[{"count":0,"href":"https:\/\/www.europesays.com\/fr\/wp-json\/wp\/v2\/posts\/41160\/revisions"}],"wp:featuredmedia":[{"embeddable":true,"href":"https:\/\/www.europesays.com\/fr\/wp-json\/wp\/v2\/media\/41161"}],"wp:attachment":[{"href":"https:\/\/www.europesays.com\/fr\/wp-json\/wp\/v2\/media?parent=41160"}],"wp:term":[{"taxonomy":"category","embeddable":true,"href":"https:\/\/www.europesays.com\/fr\/wp-json\/wp\/v2\/categories?post=41160"},{"taxonomy":"post_tag","embeddable":true,"href":"https:\/\/www.europesays.com\/fr\/wp-json\/wp\/v2\/tags?post=41160"}],"curies":[{"name":"wp","href":"https:\/\/api.w.org\/{rel}","templated":true}]}}