{"id":411624,"date":"2025-09-23T09:48:13","date_gmt":"2025-09-23T09:48:13","guid":{"rendered":"https:\/\/www.europesays.com\/fr\/411624\/"},"modified":"2025-09-23T09:48:13","modified_gmt":"2025-09-23T09:48:13","slug":"nancy-des-zones-de-gratuites-dans-les-bibliotheques-universitaires-ce-23-septembre","status":"publish","type":"post","link":"https:\/\/www.europesays.com\/fr\/411624\/","title":{"rendered":"Nancy. Des zones de gratuit\u00e9s dans les biblioth\u00e8ques universitaires ce 23\u00a0septembre"},"content":{"rendered":"<blockquote class=\"question\"><p>Marianne B\u00e9gin, vous \u00eates responsable de la biblioth\u00e8que universitaire (BU) sant\u00e9 au campus Brabois. D\u2019o\u00f9 provient l\u2019id\u00e9e de cr\u00e9er des zones de gratuit\u00e9 dans presque toutes les BU, de Nancy\u00a0?<\/p><\/blockquote>\n<p>\u00ab\u00a0Nous savons que les \u00e9tudiants ont besoin de s\u2019\u00e9quiper quand ils arrivent \u00e0 l\u2019universit\u00e9. Ce qui fonctionne le mieux, c\u2019est le mat\u00e9riel de bureau, la papeterie et la vaisselle. En plus, cette op\u00e9ration permet d\u2019amener des nouveaux \u00e9tudiants entrants qui n\u2019auraient pas os\u00e9 passer la porte la premi\u00e8re fois. Les BU sont un lieu essentiel pour l\u2019\u00e9galit\u00e9 des chances, en proposant des lieux chauff\u00e9s, mettant \u00e0 disposition des ressources gratuites indispensables \u00e0 la r\u00e9ussite. C\u2019est important pour nous que chaque \u00e9tudiant se sente bienvenu et accueilli.\u00a0\u00bb<\/p>\n<blockquote class=\"question\"><p>Tous les \u00e9tudiants peuvent en b\u00e9n\u00e9ficier, sans crit\u00e8res sociaux\u00a0?<\/p><\/blockquote>\n<p>\u00ab\u00a0Oui, mais on sait que c\u2019est particuli\u00e8rement appr\u00e9ci\u00e9 des \u00e9tudiants pr\u00e9caires et internationaux qui arrivent avec seulement une valise. D\u2019ailleurs, dans certaines BU, des assistantes sociales et des infirmi\u00e8res du service de sant\u00e9 \u00e9tudiante tiendront un stand dans les zones de gratuit\u00e9 pour rencontrer les \u00e9tudiants et r\u00e9pondre \u00e0 leurs questions.\u00a0\u00bb<\/p>\n<blockquote class=\"question\"><p>Comment avez-vous r\u00e9colt\u00e9 ces objets utiles au quotidien\u00a0?<\/p><\/blockquote>\n<p>\u00ab\u00a0Nous avons fait un appel aux dons \u00e0 la communaut\u00e9 universitaire. Beaucoup de personnes connaissent maintenant cette action et nous d\u00e9posent des dons dans l\u2019ann\u00e9e quand ils font du tri. Des \u00e9tudiants aussi nous donnent des livres et du mat\u00e9riel scolaire quand ils quittent l\u2019universit\u00e9. C\u2019est une action \u00e0 la fois sociale et environnementale et les \u00e9tudiants ont bien compris l\u2019esprit en prenant uniquement ce dont ils ont besoin.\u00a0\u00bb<\/p>\n","protected":false},"excerpt":{"rendered":"Marianne B\u00e9gin, vous \u00eates responsable de la biblioth\u00e8que universitaire (BU) sant\u00e9 au campus Brabois. D\u2019o\u00f9 provient l\u2019id\u00e9e de&hellip;\n","protected":false},"author":2,"featured_media":411625,"comment_status":"","ping_status":"","sticky":false,"template":"","format":"standard","meta":{"footnotes":""},"categories":[9635],"tags":[1111,11,1704,1777,674,1011,27,775,1702,1703,12,25,104],"class_list":{"0":"post-411624","1":"post","2":"type-post","3":"status-publish","4":"format-standard","5":"has-post-thumbnail","7":"category-nancy","8":"tag-actu","9":"tag-actualites","10":"tag-edition-nancy-et-agglomeration","11":"tag-eu","12":"tag-europe","13":"tag-fr","14":"tag-france","15":"tag-grand-est","16":"tag-nancy","17":"tag-nancy-ville-54b","18":"tag-news","19":"tag-republique-francaise","20":"tag-societe"},"share_on_mastodon":{"url":"https:\/\/pubeurope.com\/@fr\/115252986170924770","error":""},"_links":{"self":[{"href":"https:\/\/www.europesays.com\/fr\/wp-json\/wp\/v2\/posts\/411624","targetHints":{"allow":["GET"]}}],"collection":[{"href":"https:\/\/www.europesays.com\/fr\/wp-json\/wp\/v2\/posts"}],"about":[{"href":"https:\/\/www.europesays.com\/fr\/wp-json\/wp\/v2\/types\/post"}],"author":[{"embeddable":true,"href":"https:\/\/www.europesays.com\/fr\/wp-json\/wp\/v2\/users\/2"}],"replies":[{"embeddable":true,"href":"https:\/\/www.europesays.com\/fr\/wp-json\/wp\/v2\/comments?post=411624"}],"version-history":[{"count":0,"href":"https:\/\/www.europesays.com\/fr\/wp-json\/wp\/v2\/posts\/411624\/revisions"}],"wp:featuredmedia":[{"embeddable":true,"href":"https:\/\/www.europesays.com\/fr\/wp-json\/wp\/v2\/media\/411625"}],"wp:attachment":[{"href":"https:\/\/www.europesays.com\/fr\/wp-json\/wp\/v2\/media?parent=411624"}],"wp:term":[{"taxonomy":"category","embeddable":true,"href":"https:\/\/www.europesays.com\/fr\/wp-json\/wp\/v2\/categories?post=411624"},{"taxonomy":"post_tag","embeddable":true,"href":"https:\/\/www.europesays.com\/fr\/wp-json\/wp\/v2\/tags?post=411624"}],"curies":[{"name":"wp","href":"https:\/\/api.w.org\/{rel}","templated":true}]}}