{"id":411630,"date":"2025-09-23T09:51:47","date_gmt":"2025-09-23T09:51:47","guid":{"rendered":"https:\/\/www.europesays.com\/fr\/411630\/"},"modified":"2025-09-23T09:51:47","modified_gmt":"2025-09-23T09:51:47","slug":"apres-les-inondations-a-toulon-le-stade-mayol-ferme-pendant-une-semaine","status":"publish","type":"post","link":"https:\/\/www.europesays.com\/fr\/411630\/","title":{"rendered":"apr\u00e8s les inondations \u00e0 Toulon, le stade Mayol ferm\u00e9 pendant une semaine"},"content":{"rendered":"<p>La mairie toulonnaise a pris un arr\u00eat\u00e9 pour fermer l\u2019enceinte situ\u00e9e dans le centre-ville durant une semaine. Reconductible si la situation ne s\u2019am\u00e9liore pas.<\/p>\n<p class=\"fig-paragraph\">Le match de cl\u00f4ture de la troisi\u00e8me journ\u00e9e du Top 14 entre Toulon et La Rochelle, pr\u00e9vu dimanche soir, a \u00e9t\u00e9\u00a0<a href=\"https:\/\/www.lefigaro.fr\/sports\/rugby\/live\/top-14\/2026\/947942\/toulon-la-rochelle\" data-fig-type=\"Live\" data-gtm-custom-categorie=\"navigation\" data-gtm-custom-action=\"crossclick\" data-gtm-custom-label=\"Contextuel\" data-gtm-event=\"customEventSPE\" data-fig-domain=\"LEFIGARO\" target=\"_blank\" rel=\"noopener\">report\u00e9 \u00e0 une date ult\u00e9rieure<\/a>\u00a0en raison des intemp\u00e9ries dans le sud-est. L\u2019orage qui a \u00e9clat\u00e9 dimanche soir, accompagn\u00e9 de pluies diluviennes, a totalement inond\u00e9 le terrain, mais aussi les alentours du stade Mayol, notamment son parking.<\/p>\n<p class=\"fig-paragraph\">\u00abAu vu des intemp\u00e9ries nous vous recommandons de rester dans le stade \u00e0 l\u2019abri. Des qu\u2019il y aura une accalmie, les tribunes (les spectateurs dans chaque tribune, NDLR) sortiront du stade les unes apr\u00e8s les autres\u00bb, avait-il \u00e9t\u00e9 annonc\u00e9 au micro de l\u2019enceinte varois.<\/p>\n<p>                                    <a class=\"fig-a11y-skip a11y-hidden\" href=\"#fig-a11y-skip-main-inarticle\"><br \/>\n        Passer la publicit\u00e9<br \/>\n    <\/a><\/p>\n<p class=\"fig-paragraph\">Selon\u00a0<a href=\"https:\/\/www.bfmtv.com\/var\/info-bfm-toulon-var-le-stade-mayol-ferme-pendant-une-semaine-apres-les-intemperies_AN-202509220666.html\" target=\"_blank\" rel=\"sponsored noopener\" data-gtm-custom-categorie=\"navigation\" data-gtm-custom-action=\"crossclick\" data-gtm-custom-label=\"Contextuel\" data-gtm-event=\"customEventSPE\">les informations de BFM Toulon<\/a>, le stade Mayol sera ferm\u00e9 durant une semaine. Un arr\u00eat\u00e9 municipal a \u00e9t\u00e9 pris dans ce sens par la mairie de Toulon. Laurent Bonnet, adjoint aux sports, a expliqu\u00e9 \u00e0 nos confr\u00e8res que cette mesure pourrait dure plus longtemps si la situation ne s\u2019am\u00e9liore pas au sein du stade situ\u00e9 dans le centre-ville. Le prochain match de Toulon \u00e0 domicile aura lieu le samedi 4 octobre avec la r\u00e9ception de Pau, \u00e0 l\u2019occasion de la 5e journ\u00e9e.<\/p>\n","protected":false},"excerpt":{"rendered":"La mairie toulonnaise a pris un arr\u00eat\u00e9 pour fermer l\u2019enceinte situ\u00e9e dans le centre-ville durant une semaine. Reconductible&hellip;\n","protected":false},"author":2,"featured_media":411631,"comment_status":"","ping_status":"","sticky":false,"template":"","format":"standard","meta":{"footnotes":""},"categories":[9619],"tags":[1111,11,1777,674,1011,27,12,882,3461,25,10405,2310],"class_list":{"0":"post-411630","1":"post","2":"type-post","3":"status-publish","4":"format-standard","5":"has-post-thumbnail","7":"category-toulon","8":"tag-actu","9":"tag-actualites","10":"tag-eu","11":"tag-europe","12":"tag-fr","13":"tag-france","14":"tag-news","15":"tag-provence-alpes-cote-dazur","16":"tag-rct","17":"tag-republique-francaise","18":"tag-rugby-club-toulonnais","19":"tag-toulon"},"share_on_mastodon":{"url":"https:\/\/pubeurope.com\/@fr\/115252997833224457","error":""},"_links":{"self":[{"href":"https:\/\/www.europesays.com\/fr\/wp-json\/wp\/v2\/posts\/411630","targetHints":{"allow":["GET"]}}],"collection":[{"href":"https:\/\/www.europesays.com\/fr\/wp-json\/wp\/v2\/posts"}],"about":[{"href":"https:\/\/www.europesays.com\/fr\/wp-json\/wp\/v2\/types\/post"}],"author":[{"embeddable":true,"href":"https:\/\/www.europesays.com\/fr\/wp-json\/wp\/v2\/users\/2"}],"replies":[{"embeddable":true,"href":"https:\/\/www.europesays.com\/fr\/wp-json\/wp\/v2\/comments?post=411630"}],"version-history":[{"count":0,"href":"https:\/\/www.europesays.com\/fr\/wp-json\/wp\/v2\/posts\/411630\/revisions"}],"wp:featuredmedia":[{"embeddable":true,"href":"https:\/\/www.europesays.com\/fr\/wp-json\/wp\/v2\/media\/411631"}],"wp:attachment":[{"href":"https:\/\/www.europesays.com\/fr\/wp-json\/wp\/v2\/media?parent=411630"}],"wp:term":[{"taxonomy":"category","embeddable":true,"href":"https:\/\/www.europesays.com\/fr\/wp-json\/wp\/v2\/categories?post=411630"},{"taxonomy":"post_tag","embeddable":true,"href":"https:\/\/www.europesays.com\/fr\/wp-json\/wp\/v2\/tags?post=411630"}],"curies":[{"name":"wp","href":"https:\/\/api.w.org\/{rel}","templated":true}]}}