{"id":411636,"date":"2025-09-23T09:55:10","date_gmt":"2025-09-23T09:55:10","guid":{"rendered":"https:\/\/www.europesays.com\/fr\/411636\/"},"modified":"2025-09-23T09:55:10","modified_gmt":"2025-09-23T09:55:10","slug":"rouen-avec-plus-de-2-grammes-dalcool-dans-le-sang-il-provoque-un-accident-dans-une-zone-pietonne","status":"publish","type":"post","link":"https:\/\/www.europesays.com\/fr\/411636\/","title":{"rendered":"Rouen. Avec plus de 2 grammes d&rsquo;alcool dans le sang, il provoque un accident dans une zone pi\u00e9tonne"},"content":{"rendered":"<p>            Par<br \/>\n        <strong><br \/>\n            <a href=\"https:\/\/actu.fr\/auteur\/adrien-filoche\" title=\"Consulter tous les articles de Adrien Filoche\" target=\"_blank\" rel=\"noopener\">Adrien Filoche<\/a><br \/>\n        <\/strong><\/p>\n<p>        Publi\u00e9 le<\/p>\n<p>            23 sept. 2025 \u00e0 11h31        <\/p>\n<p><strong>Boire ou conduire, il n\u2019a pas su choisir.<\/strong> Un homme alcoolis\u00e9 a provoqu\u00e9 un accident dans le centre-ville de <a href=\"https:\/\/actu.fr\/normandie\/rouen_76540\" target=\"_blank\" rel=\"noopener\">Rouen (Seine-Maritime)<\/a> dans la nuit du 22 au 23\u00a0septembre 2025. Il avait<strong> plus de deux grammes d\u2019alcool dans le sang.<\/strong><\/p>\n<p>Son v\u00e9hicule encastr\u00e9 dans des plots m\u00e9talliques<\/p>\n<p class=\" wall-content\">Il est 00h50 le 23\u00a0septembre lorsqu\u2019un t\u00e9moin alerte la police. Dans le secteur du Vieux-March\u00e9, un homme conduisant une Mini Cooper vient de provoquer un accident. Il sort de son v\u00e9hicule et <strong>sent fortement l\u2019alcool.<\/strong><\/p>\n<p class=\" wall-content\">Les forces de l\u2019ordre se rendent sur place et d\u00e9couvrent le v\u00e9hicule \u00ab\u2009encastr\u00e9 dans des plots m\u00e9talliques, au niveau de la rue de la Vicomt\u00e9\u2009\u00bb, comme le relate une source polici\u00e8re. Le conducteur est toujours sur place.<\/p>\n<p class=\" wall-content\">Toujours selon cette m\u00eame source, \u00ab\u2009il tient des propos incoh\u00e9rents, caract\u00e9ristiques de l\u2019ivresse\u2009\u00bb. Contr\u00f4l\u00e9 par les agents, il souffle \u00e0 1,08\u00a0mg par litre d\u2019air expir\u00e9, soit 2,16 grammes d\u2019alcool dans le sang.<\/p>\n<p class=\" wall-content\">Interpell\u00e9, le chauffard ivre est <strong>plac\u00e9 en garde \u00e0 vue<\/strong>. Son v\u00e9hicule a \u00e9t\u00e9 plac\u00e9 en garage de permanence.<\/p>\n<p>Suivez l\u2019actualit\u00e9 de Rouen sur <a href=\"https:\/\/www.whatsapp.com\/channel\/0029VaKfnf99hXF2ddApFB1D\" target=\"_blank\" rel=\"noopener\">notre cha\u00eene WhatsApp<\/a> et sur <a href=\"https:\/\/www.tiktok.com\/@76actu.fr?lang=fr\" target=\"_blank\" rel=\"noopener\">notre compte TikTok<\/a><\/p>\n<p class=\" wall-content\">Personnalisez votre actualit\u00e9 en ajoutant vos villes et m\u00e9dias en favori avec <a href=\"https:\/\/moncompte.actu.fr\" title=\"D\u00e9couvez Mon Actu\" rel=\"nofollow noopener\" data-trk=\"{&quot;cta&quot;:{&quot;action&quot;:&quot;https:\\\/\\\/moncompte.actu.fr&quot;,&quot;category&quot;:&quot;mon compte&quot;,&quot;from&quot;:&quot;article footer&quot;,&quot;name&quot;:&quot;Mon actu&quot;,&quot;type&quot;:&quot;cta&quot;}}\" target=\"_blank\">Mon Actu<\/a>.<\/p>\n<p>                    <script async src=\"\/\/www.tiktok.com\/embed.js\"><\/script><\/p>\n","protected":false},"excerpt":{"rendered":"Par Adrien Filoche Publi\u00e9 le 23 sept. 2025 \u00e0 11h31 Boire ou conduire, il n\u2019a pas su choisir.&hellip;\n","protected":false},"author":2,"featured_media":411637,"comment_status":"","ping_status":"","sticky":false,"template":"","format":"standard","meta":{"footnotes":""},"categories":[9587],"tags":[119,1111,11,5702,1777,674,118,1011,27,12,5161,1072,25,9590],"class_list":{"0":"post-411636","1":"post","2":"type-post","3":"status-publish","4":"format-standard","5":"has-post-thumbnail","7":"category-rouen","8":"tag-accident","9":"tag-actu","10":"tag-actualites","11":"tag-alcool","12":"tag-eu","13":"tag-europe","14":"tag-faits-divers","15":"tag-fr","16":"tag-france","17":"tag-news","18":"tag-normandie","19":"tag-police","20":"tag-republique-francaise","21":"tag-rouen"},"share_on_mastodon":{"url":"https:\/\/pubeurope.com\/@fr\/115253013605830109","error":""},"_links":{"self":[{"href":"https:\/\/www.europesays.com\/fr\/wp-json\/wp\/v2\/posts\/411636","targetHints":{"allow":["GET"]}}],"collection":[{"href":"https:\/\/www.europesays.com\/fr\/wp-json\/wp\/v2\/posts"}],"about":[{"href":"https:\/\/www.europesays.com\/fr\/wp-json\/wp\/v2\/types\/post"}],"author":[{"embeddable":true,"href":"https:\/\/www.europesays.com\/fr\/wp-json\/wp\/v2\/users\/2"}],"replies":[{"embeddable":true,"href":"https:\/\/www.europesays.com\/fr\/wp-json\/wp\/v2\/comments?post=411636"}],"version-history":[{"count":0,"href":"https:\/\/www.europesays.com\/fr\/wp-json\/wp\/v2\/posts\/411636\/revisions"}],"wp:featuredmedia":[{"embeddable":true,"href":"https:\/\/www.europesays.com\/fr\/wp-json\/wp\/v2\/media\/411637"}],"wp:attachment":[{"href":"https:\/\/www.europesays.com\/fr\/wp-json\/wp\/v2\/media?parent=411636"}],"wp:term":[{"taxonomy":"category","embeddable":true,"href":"https:\/\/www.europesays.com\/fr\/wp-json\/wp\/v2\/categories?post=411636"},{"taxonomy":"post_tag","embeddable":true,"href":"https:\/\/www.europesays.com\/fr\/wp-json\/wp\/v2\/tags?post=411636"}],"curies":[{"name":"wp","href":"https:\/\/api.w.org\/{rel}","templated":true}]}}