{"id":411640,"date":"2025-09-23T09:57:11","date_gmt":"2025-09-23T09:57:11","guid":{"rendered":"https:\/\/www.europesays.com\/fr\/411640\/"},"modified":"2025-09-23T09:57:11","modified_gmt":"2025-09-23T09:57:11","slug":"grenoble-un-homme-de-19-ans-recoit-un-coup-de-couteau-parce-quil-navait-pas-de-cigarette-sur-lui","status":"publish","type":"post","link":"https:\/\/www.europesays.com\/fr\/411640\/","title":{"rendered":"Grenoble. Un homme de 19 ans re\u00e7oit un coup de couteau parce qu&rsquo;il n&rsquo;avait pas de cigarette sur lui"},"content":{"rendered":"<p>Un homme \u00e2g\u00e9 de 19 ans a \u00e9t\u00e9 bless\u00e9 par un\u00a0couteau \u00e0 l\u2019avant-bras lundi 22\u00a0septembre, peu avant 20\u00a0h\u00a030, au jardin de Ville, \u00e0 Grenoble.<\/p>\n<p>Ce contenu est bloqu\u00e9 car vous n&rsquo;avez pas accept\u00e9 les cookies et autres traceurs.<\/p>\n<p>En cliquant sur \u00ab J\u2019accepte \u00bb, les cookies et autres traceurs seront d\u00e9pos\u00e9s et vous pourrez visualiser les contenus  (<a href=\"\" class=\"consentModule_policy\" target=\"_blank\" title=\"Consulter la politique de protection des donn\u00e9es du fournisseur\">plus d&rsquo;informations<\/a>).<\/p>\n<p>En cliquant sur \u00ab J\u2019accepte tous les cookies \u00bb, vous autorisez des d\u00e9p\u00f4ts de cookies et autres traceurs pour le stockage de vos donn\u00e9es sur nos sites et applications \u00e0 des fins de personnalisation et de ciblage publicitaire.<\/p>\n<p class=\"consentModule_secondaryText\">Vous gardez la possibilit\u00e9 de retirer votre consentement \u00e0 tout moment en consultant notre <a href=\"https:\/\/www.ledauphine.com\/protection-des-donnees\" target=\"_blank\" title=\"Consulter notre politique de protection des donn\u00e9es\" rel=\"noopener\">politique de protection des donn\u00e9es<\/a>. <br \/>&#13;<br \/>\n            <a href=\"https:\/\/www.ledauphine.com\/faits-divers-justice\/2025\/09\/23\/javascript:Didomi.notice.show()\" class=\"consentModule_cmp\" target=\"_blank\" rel=\"noopener\">G\u00e9rer mes choix<\/a>&#13;\n        <\/p>\n<p>&#13;<br \/>\n                        J&rsquo;accepte&#13;<br \/>\n            J&rsquo;accepte tous les cookies&#13;\n        <\/p>\n<p>Selon nos renseignements, un homme aurait demand\u00e9 \u00e0 la victime une cigarette et comme celle-ci n\u2019en avait pas, il lui a donn\u00e9 un coup de couteau occasionnant une plaie profonde.<\/p>\n<p>La victime a \u00e9t\u00e9 prise en charge par les sapeurs-pompiers et transport\u00e9e au CHU Grenoble Alpes.<\/p>\n<p>Une enqu\u00eate a \u00e9t\u00e9 ouverte par les services de police pour tenter de retrouver l\u2019auteur du coup, qui a pris la fuite apr\u00e8s les faits.<\/p>\n","protected":false},"excerpt":{"rendered":"Un homme \u00e2g\u00e9 de 19 ans a \u00e9t\u00e9 bless\u00e9 par un\u00a0couteau \u00e0 l\u2019avant-bras lundi 22\u00a0septembre, peu avant 20\u00a0h\u00a030,&hellip;\n","protected":false},"author":2,"featured_media":411641,"comment_status":"","ping_status":"","sticky":false,"template":"","format":"standard","meta":{"footnotes":""},"categories":[9566],"tags":[1111,11,2430,271,272,112,1777,674,274,107,1011,27,2731,2732,108,12,25],"class_list":{"0":"post-411640","1":"post","2":"type-post","3":"status-publish","4":"format-standard","5":"has-post-thumbnail","7":"category-grenoble","8":"tag-actu","9":"tag-actualites","10":"tag-auvergne-rhone-alpes","11":"tag-crime","12":"tag-delit-et-contravention","13":"tag-edition-grenoble-agglomeration","14":"tag-eu","15":"tag-europe","16":"tag-faits-divers-justice","17":"tag-fil-info","18":"tag-fr","19":"tag-france","20":"tag-grenoble","21":"tag-grenoble-bassin","22":"tag-isere","23":"tag-news","24":"tag-republique-francaise"},"share_on_mastodon":{"url":"https:\/\/pubeurope.com\/@fr\/115253021528576525","error":""},"_links":{"self":[{"href":"https:\/\/www.europesays.com\/fr\/wp-json\/wp\/v2\/posts\/411640","targetHints":{"allow":["GET"]}}],"collection":[{"href":"https:\/\/www.europesays.com\/fr\/wp-json\/wp\/v2\/posts"}],"about":[{"href":"https:\/\/www.europesays.com\/fr\/wp-json\/wp\/v2\/types\/post"}],"author":[{"embeddable":true,"href":"https:\/\/www.europesays.com\/fr\/wp-json\/wp\/v2\/users\/2"}],"replies":[{"embeddable":true,"href":"https:\/\/www.europesays.com\/fr\/wp-json\/wp\/v2\/comments?post=411640"}],"version-history":[{"count":0,"href":"https:\/\/www.europesays.com\/fr\/wp-json\/wp\/v2\/posts\/411640\/revisions"}],"wp:featuredmedia":[{"embeddable":true,"href":"https:\/\/www.europesays.com\/fr\/wp-json\/wp\/v2\/media\/411641"}],"wp:attachment":[{"href":"https:\/\/www.europesays.com\/fr\/wp-json\/wp\/v2\/media?parent=411640"}],"wp:term":[{"taxonomy":"category","embeddable":true,"href":"https:\/\/www.europesays.com\/fr\/wp-json\/wp\/v2\/categories?post=411640"},{"taxonomy":"post_tag","embeddable":true,"href":"https:\/\/www.europesays.com\/fr\/wp-json\/wp\/v2\/tags?post=411640"}],"curies":[{"name":"wp","href":"https:\/\/api.w.org\/{rel}","templated":true}]}}