{"id":411644,"date":"2025-09-23T09:59:09","date_gmt":"2025-09-23T09:59:09","guid":{"rendered":"https:\/\/www.europesays.com\/fr\/411644\/"},"modified":"2025-09-23T09:59:09","modified_gmt":"2025-09-23T09:59:09","slug":"a-rennes-ils-veulent-peser-aux-municipales","status":"publish","type":"post","link":"https:\/\/www.europesays.com\/fr\/411644\/","title":{"rendered":"\u00c0 Rennes, ils veulent peser aux municipales"},"content":{"rendered":"<p>Atomis\u00e9e, la gauche fran\u00e7aise ressemble \u00e0 des poup\u00e9es russes. En les soulevant, l\u2019une apr\u00e8s l\u2019autre, vous finirez par tomber sur celle de G\u00e9n\u00e9ration.s. \u00c0 Rennes, l\u2019ancienne \u00e9curie du socialiste Beno\u00eet Hamon, cr\u00e9\u00e9e apr\u00e8s sa candidature \u00e0 la pr\u00e9sidentielle de 2017, dispose d\u2019un groupe politique au sein de la majorit\u00e9 de Nathalie App\u00e9r\u00e9. Compos\u00e9 de 5 \u00e9lus, il compte aussi le d\u00e9put\u00e9 Tristan Lahais, \u00e9lu sur la 2e circonscription, qui si\u00e8ge dans le groupe \u00e9cologiste \u00e0 l\u2019Assembl\u00e9e.<\/p>\n<p>Localement, cette formation s\u2019illustre par sa capacit\u00e9 \u00e0 \u00ab incuber \u00bb d\u2019autres petites poup\u00e9es, au gr\u00e9 des turpitudes r\u00e9centes de la gauche fran\u00e7aise. Debout, le mouvement du d\u00e9put\u00e9 Fran\u00e7ois Ruffin et l\u2019Apr\u00e8s, le collectif mont\u00e9 par les d\u00e9put\u00e9s \u00ab purg\u00e9s \u00bb de LFI apr\u00e8s les l\u00e9gislatives de 2024 (Corbi\u00e8re, Autain, Garrido\u2026). Une feuille de cigarette s\u00e9pare les lignes qu\u2019ils occupent.<\/p>\n<p>\u00ab Un rassemblement le plus large possible \u00bb<\/p>\n<p>\u00c0 Rennes, le trio pr\u00e9pare les municipales, qu\u2019il consid\u00e8re comme une \u00e9tape avant la pr\u00e9sidentielle. Avec un mantra : \u00ab l\u2019union de la gauche dans sa pluralit\u00e9 \u00bb. C\u2019est ce que demande la base militante. Et c\u2019est ce que relaient les responsables des trois entit\u00e9s. \u00ab Dans un contexte marqu\u00e9 par le d\u00e9sengagement de l\u2019\u00c9tat, l\u2019aust\u00e9rit\u00e9 et la menace de l\u2019extr\u00eame droite, ce n\u2019est plus une option. C\u2019est une n\u00e9cessit\u00e9. \u00bb<\/p>\n<p>Depuis d\u00e9cembre 2024, G\u00e9n\u00e9ration. s, L\u2019Apr\u00e8s et Debout \u00ab travaillent \u00e0 la convergence programmatique de la gauche \u00bb rennaise. L\u2019objectif ? Aboutir \u00e0 un \u00ab rassemblement le plus large possible \u00bb d\u2019ici les municipales en mars prochain. Les trois organisations ont d\u00e9voil\u00e9 sept priorit\u00e9s qu\u2019elles souhaitent voir port\u00e9es au d\u00e9bat.<\/p>\n<p>S\u00e9curit\u00e9 sociale alimentaire<\/p>\n<p>Parmi celles-ci on trouve, notamment, \u00ab la volont\u00e9 d\u2019articuler bifurcation \u00e9cologique et r\u00e9duction des in\u00e9galit\u00e9s via la mise en place d\u2019une fiscalit\u00e9 locale &#8211; et des politiques de tarification &#8211; au service de l\u2019\u00e9quit\u00e9 \u00bb, la cr\u00e9ation d\u2019une \u00ab s\u00e9curit\u00e9 sociale de l\u2019alimentation \u00bb, la mise en place \u00ab d\u2019un contrat jeunes pour garantir l\u2019acc\u00e8s des 16-25 ans aux droits fondamentaux (sant\u00e9, logements, mobilit\u00e9s\u2026) \u00bb et \u00ab le renforcement de la coconstruction des politiques publiques \u00bb avec les habitants, les associations\u2026<\/p>\n<p>\u00ab\u00a0Certains d\u2019entre nous ont particip\u00e9 \u00e0 la majorit\u00e9 sortante. Plusieurs aspects de son bilan constituent des avanc\u00e9es dans lesquelles nous nous reconnaissons, expliquent-ils. D\u2019autres r\u00e9clament des approfondissements et des inflexions.\u00a0\u00bb Lesquels ? Sur ce point, les interlocuteurs restent vagues et renvoient \u00e0 leurs contributions.<\/p>\n<p>L\u2019union oui, la rupture, pas trop\u2026<\/p>\n<p>\u00ab\u00a0Nous proposons des pistes partag\u00e9es qui permettront ces infl\u00e9chissements\u201d, explique Olivier Roullier, \u00e9lu sortant et chef du groupe G\u00e9n\u00e9ration.s. Quelles sont les prochaines \u00e9tapes ? Octobre sera d\u00e9terminant pour la strat\u00e9gie des composantes de la gauche rennaise. Les \u00e9cologistes doivent statuer sur leur participation (ou pas) \u00e0 une liste d\u2019union d\u00e8s le premier tour. Quant \u00e0 LFI, dont les prises de position de la d\u00e9put\u00e9e Marie Mesmeur et de Gw\u00e9nol\u00e9 Bourr\u00e9e, les deux leaders d\u2019ores et d\u00e9j\u00e0 d\u00e9clar\u00e9, irritent plus qu\u2019elles n\u2019attirent les tenants de la majorit\u00e9 sortante ? \u00ab Ils parlent de rupture (avec le bilan de la majo sortante), ce sera compliqu\u00e9, reconna\u00eet Olivier Roullier. Il faut qu\u2019existent quelques \u00e9l\u00e9ments de convergence avec le travail men\u00e9 ces derni\u00e8res ann\u00e9es. N\u00e9anmoins, nous sommes de ceux qui souhaitons l\u2019union. Nous discutons. Nous verrons dans les prochaines semaines si cette volont\u00e9 est partag\u00e9e et une liste unitaire possible. \u00bb<\/p>\n","protected":false},"excerpt":{"rendered":"Atomis\u00e9e, la gauche fran\u00e7aise ressemble \u00e0 des poup\u00e9es russes. En les soulevant, l\u2019une apr\u00e8s l\u2019autre, vous finirez par&hellip;\n","protected":false},"author":2,"featured_media":411645,"comment_status":"","ping_status":"","sticky":false,"template":"","format":"standard","meta":{"footnotes":""},"categories":[2821],"tags":[1111,11,829,2761,1777,674,1011,27,12,3364,584,25],"class_list":{"0":"post-411644","1":"post","2":"type-post","3":"status-publish","4":"format-standard","5":"has-post-thumbnail","7":"category-rennes","8":"tag-actu","9":"tag-actualites","10":"tag-bretagne","11":"tag-elections-municipales-2026","12":"tag-eu","13":"tag-europe","14":"tag-fr","15":"tag-france","16":"tag-news","17":"tag-politique-a-rennes","18":"tag-rennes","19":"tag-republique-francaise"},"share_on_mastodon":{"url":"https:\/\/pubeurope.com\/@fr\/115253029514144673","error":""},"_links":{"self":[{"href":"https:\/\/www.europesays.com\/fr\/wp-json\/wp\/v2\/posts\/411644","targetHints":{"allow":["GET"]}}],"collection":[{"href":"https:\/\/www.europesays.com\/fr\/wp-json\/wp\/v2\/posts"}],"about":[{"href":"https:\/\/www.europesays.com\/fr\/wp-json\/wp\/v2\/types\/post"}],"author":[{"embeddable":true,"href":"https:\/\/www.europesays.com\/fr\/wp-json\/wp\/v2\/users\/2"}],"replies":[{"embeddable":true,"href":"https:\/\/www.europesays.com\/fr\/wp-json\/wp\/v2\/comments?post=411644"}],"version-history":[{"count":0,"href":"https:\/\/www.europesays.com\/fr\/wp-json\/wp\/v2\/posts\/411644\/revisions"}],"wp:featuredmedia":[{"embeddable":true,"href":"https:\/\/www.europesays.com\/fr\/wp-json\/wp\/v2\/media\/411645"}],"wp:attachment":[{"href":"https:\/\/www.europesays.com\/fr\/wp-json\/wp\/v2\/media?parent=411644"}],"wp:term":[{"taxonomy":"category","embeddable":true,"href":"https:\/\/www.europesays.com\/fr\/wp-json\/wp\/v2\/categories?post=411644"},{"taxonomy":"post_tag","embeddable":true,"href":"https:\/\/www.europesays.com\/fr\/wp-json\/wp\/v2\/tags?post=411644"}],"curies":[{"name":"wp","href":"https:\/\/api.w.org\/{rel}","templated":true}]}}