{"id":411646,"date":"2025-09-23T10:00:25","date_gmt":"2025-09-23T10:00:25","guid":{"rendered":"https:\/\/www.europesays.com\/fr\/411646\/"},"modified":"2025-09-23T10:00:25","modified_gmt":"2025-09-23T10:00:25","slug":"a-rennes-une-projection-en-avant-premiere-avec-clementine-celarie-et-dominique-farrugia","status":"publish","type":"post","link":"https:\/\/www.europesays.com\/fr\/411646\/","title":{"rendered":"\u00c0 Rennes, une projection en avant-premi\u00e8re avec\u00a0Cl\u00e9mentine C\u00e9lari\u00e9 et Dominique Farrugia"},"content":{"rendered":"<p>Un couple de quincailliers bretons, Claire et Philippe Rochette, sont fous de s\u00e9ries et de romans policiers. Pour assouvir leur passion, ils vont faire muter leur fille Charline, capitaine de police, de Paris \u00e0 Rennes, afin de s\u2019immiscer dans ses enqu\u00eates.<\/p>\n<p><strong>Lire aussi.<\/strong>\u00a0<a href=\"https:\/\/fougeres.maville.com\/actu\/actudet_-reportage.-clementine-celarie-et-bernard-lecoq-tournent-la-nouvelle-serie-policiere-de-tf1-a-rennes-_7-6478777_actu.Htm\" target=\"_blank\" rel=\"noopener\">Cl\u00e9mentine C\u00e9lari\u00e9 et Bernard Lecoq tournent la nouvelle s\u00e9rie polici\u00e8re de TF1 \u00e0 Rennes<\/a><\/p>\n<p>Une s\u00e9rie tourn\u00e9e en Ille-et-Vilaine<\/p>\n<p>Enqu\u00eate en famille, cette nouvelle s\u00e9rie propos\u00e9e par TF1, est servie par un trio de com\u00e9diens, <a href=\"https:\/\/programmetv.ouest-france.fr\/serie\/tournee-en-bretagne-la-serie-enquete-en-famille-avec-clementine-celarie-arrive-bientot-sur-tf1-177ea216-8e3b-11f0-b721-b06ecd26fbd1\" target=\"_blank\" rel=\"noopener\">Cl\u00e9mentine C\u00e9lari\u00e9<\/a>, Bernard Le Coq et Na\u00efma Rodric. Le tournage s\u2019est d\u00e9roul\u00e9 en Ille-et-Vilaine, entre juillet et octobre\u00a02024, \u00e0 Bazouges-la-P\u00e9rouse, Rennes et Guichen.<\/p>\n<p>Une projection en avant-premi\u00e8re aura lieu lundi 29\u00a0septembre 2025, \u00e0 19\u00a0h, au cin\u00e9ma Path\u00e9 \u00e0 Rennes. Ce soir-l\u00e0, le public pourra compter sur la pr\u00e9sence exceptionnelle de Cl\u00e9mentine C\u00e9lari\u00e9 et Dominique Farrugia, producteur de la s\u00e9rie.<\/p>\n<p>Soutenue par Bretagne Cin\u00e9ma, la s\u00e9rie a re\u00e7u l\u2019aide financi\u00e8re de la r\u00e9gion Bretagne (en partenariat avec le Centre national du cin\u00e9ma et de l\u2019image anim\u00e9e) et l\u2019accompagnement personnalis\u00e9 de l\u2019\u00e9quipe charg\u00e9e de l\u2019accueil des tournages.\u00a0Cette nouvelle fiction sera \u00e0 d\u00e9couvrir d\u00e8s le jeudi 2\u00a0octobre, \u00e0 21\u00a0h\u00a010, sur la cha\u00eene et en streaming sur TF1 +.<\/p>\n<p>Lundi 29\u00a0septembre 2025, \u00e0 19\u00a0h, projection en avant-premi\u00e8re au cin\u00e9ma Path\u00e9, \u00e0 Rennes. S\u2019inscrire <a href=\"https:\/\/docs.google.com\/forms\/d\/e\/1FAIpQLSekcxSd-_EOsq-IC4NJVAksErfaMpb_JMWpSISmnxUw7uQ4vA\/viewform\" target=\"_blank\" rel=\"noopener\">via le formulaire en ligne.<\/a><\/p>\n<p>\u00a0<\/p>\n","protected":false},"excerpt":{"rendered":"Un couple de quincailliers bretons, Claire et Philippe Rochette, sont fous de s\u00e9ries et de romans policiers. Pour&hellip;\n","protected":false},"author":2,"featured_media":411647,"comment_status":"","ping_status":"","sticky":false,"template":"","format":"standard","meta":{"footnotes":""},"categories":[2821],"tags":[1111,11,10903,829,54280,28173,7908,1777,674,54281,1011,27,12,13737,3086,584,25],"class_list":{"0":"post-411646","1":"post","2":"type-post","3":"status-publish","4":"format-standard","5":"has-post-thumbnail","7":"category-rennes","8":"tag-actu","9":"tag-actualites","10":"tag-avant-premiere","11":"tag-bretagne","12":"tag-celarie","13":"tag-clementine","14":"tag-dominique","15":"tag-eu","16":"tag-europe","17":"tag-farrugia","18":"tag-fr","19":"tag-france","20":"tag-news","21":"tag-projection","22":"tag-redon","23":"tag-rennes","24":"tag-republique-francaise"},"share_on_mastodon":{"url":"https:\/\/pubeurope.com\/@fr\/115253033344151217","error":""},"_links":{"self":[{"href":"https:\/\/www.europesays.com\/fr\/wp-json\/wp\/v2\/posts\/411646","targetHints":{"allow":["GET"]}}],"collection":[{"href":"https:\/\/www.europesays.com\/fr\/wp-json\/wp\/v2\/posts"}],"about":[{"href":"https:\/\/www.europesays.com\/fr\/wp-json\/wp\/v2\/types\/post"}],"author":[{"embeddable":true,"href":"https:\/\/www.europesays.com\/fr\/wp-json\/wp\/v2\/users\/2"}],"replies":[{"embeddable":true,"href":"https:\/\/www.europesays.com\/fr\/wp-json\/wp\/v2\/comments?post=411646"}],"version-history":[{"count":0,"href":"https:\/\/www.europesays.com\/fr\/wp-json\/wp\/v2\/posts\/411646\/revisions"}],"wp:featuredmedia":[{"embeddable":true,"href":"https:\/\/www.europesays.com\/fr\/wp-json\/wp\/v2\/media\/411647"}],"wp:attachment":[{"href":"https:\/\/www.europesays.com\/fr\/wp-json\/wp\/v2\/media?parent=411646"}],"wp:term":[{"taxonomy":"category","embeddable":true,"href":"https:\/\/www.europesays.com\/fr\/wp-json\/wp\/v2\/categories?post=411646"},{"taxonomy":"post_tag","embeddable":true,"href":"https:\/\/www.europesays.com\/fr\/wp-json\/wp\/v2\/tags?post=411646"}],"curies":[{"name":"wp","href":"https:\/\/api.w.org\/{rel}","templated":true}]}}