{"id":411648,"date":"2025-09-23T10:01:11","date_gmt":"2025-09-23T10:01:11","guid":{"rendered":"https:\/\/www.europesays.com\/fr\/411648\/"},"modified":"2025-09-23T10:01:11","modified_gmt":"2025-09-23T10:01:11","slug":"hoenheim-disparition-inquietante-dun-homme-de-43-ans","status":"publish","type":"post","link":"https:\/\/www.europesays.com\/fr\/411648\/","title":{"rendered":"Hoenheim. Disparition inqui\u00e9tante d&rsquo;un homme de 43 ans"},"content":{"rendered":"<p>La police nationale a lanc\u00e9 un appel \u00e0 t\u00e9moins afin de retrouver Damien Reuther, 43 ans.<\/p>\n<p>L&rsquo;homme a quitt\u00e9 son domicile d&rsquo;Hoenheim dans la nuit du 21 au 22 septembre dans des circonstances particuli\u00e8rement inqui\u00e9tantes. <\/p>\n<p>Il est susceptible de se d\u00e9placer avec une bicyclette de marque Pegasus grise. <\/p>\n<p class=\"note\">Si vous avez des informations, contactez la police au 03 90 23 13 05.<\/p>\n","protected":false},"excerpt":{"rendered":"La police nationale a lanc\u00e9 un appel \u00e0 t\u00e9moins afin de retrouver Damien Reuther, 43 ans. L&rsquo;homme a&hellip;\n","protected":false},"author":2,"featured_media":411649,"comment_status":"","ping_status":"","sticky":false,"template":"","format":"standard","meta":{"footnotes":""},"categories":[2820],"tags":[1111,11,3676,2880,1777,674,274,107,1011,27,775,15899,12,25,640],"class_list":{"0":"post-411648","1":"post","2":"type-post","3":"status-publish","4":"format-standard","5":"has-post-thumbnail","7":"category-strasbourg","8":"tag-actu","9":"tag-actualites","10":"tag-disparition-inquietante","11":"tag-edition-strasbourg","12":"tag-eu","13":"tag-europe","14":"tag-faits-divers-justice","15":"tag-fil-info","16":"tag-fr","17":"tag-france","18":"tag-grand-est","19":"tag-hoenheim","20":"tag-news","21":"tag-republique-francaise","22":"tag-strasbourg"},"share_on_mastodon":{"url":"https:\/\/pubeurope.com\/@fr\/115253037344001047","error":""},"_links":{"self":[{"href":"https:\/\/www.europesays.com\/fr\/wp-json\/wp\/v2\/posts\/411648","targetHints":{"allow":["GET"]}}],"collection":[{"href":"https:\/\/www.europesays.com\/fr\/wp-json\/wp\/v2\/posts"}],"about":[{"href":"https:\/\/www.europesays.com\/fr\/wp-json\/wp\/v2\/types\/post"}],"author":[{"embeddable":true,"href":"https:\/\/www.europesays.com\/fr\/wp-json\/wp\/v2\/users\/2"}],"replies":[{"embeddable":true,"href":"https:\/\/www.europesays.com\/fr\/wp-json\/wp\/v2\/comments?post=411648"}],"version-history":[{"count":0,"href":"https:\/\/www.europesays.com\/fr\/wp-json\/wp\/v2\/posts\/411648\/revisions"}],"wp:featuredmedia":[{"embeddable":true,"href":"https:\/\/www.europesays.com\/fr\/wp-json\/wp\/v2\/media\/411649"}],"wp:attachment":[{"href":"https:\/\/www.europesays.com\/fr\/wp-json\/wp\/v2\/media?parent=411648"}],"wp:term":[{"taxonomy":"category","embeddable":true,"href":"https:\/\/www.europesays.com\/fr\/wp-json\/wp\/v2\/categories?post=411648"},{"taxonomy":"post_tag","embeddable":true,"href":"https:\/\/www.europesays.com\/fr\/wp-json\/wp\/v2\/tags?post=411648"}],"curies":[{"name":"wp","href":"https:\/\/api.w.org\/{rel}","templated":true}]}}