{"id":411654,"date":"2025-09-23T10:04:16","date_gmt":"2025-09-23T10:04:16","guid":{"rendered":"https:\/\/www.europesays.com\/fr\/411654\/"},"modified":"2025-09-23T10:04:16","modified_gmt":"2025-09-23T10:04:16","slug":"ce-quil-faut-savoir-sur-la-collision-davions-evitee-de-justesse-a-laeroport-de-nice","status":"publish","type":"post","link":"https:\/\/www.europesays.com\/fr\/411654\/","title":{"rendered":"ce qu\u2019il faut savoir sur la collision d&rsquo;avions \u00e9vit\u00e9e \u00ab\u00a0de justesse\u00a0\u00bb \u00e0 l&rsquo;a\u00e9roport de Nice"},"content":{"rendered":"<p class=\"article-p mdl\">Une collision entre deux avions a \u00e9t\u00e9 \u00e9vit\u00e9e \u00ab\u00a0de justesse\u00a0\u00bb. Dans la soir\u00e9e du dimanche 21 septembre \u00e0 l&rsquo;a\u00e9roport de Nice, dans le d\u00e9partement des Alpes-Maritimes, selon les informations de l&rsquo;agence France-Presse, qui cite le Bureau d&rsquo;enqu\u00eates et d&rsquo;analyses pour la s\u00e9curit\u00e9 de l&rsquo;aviation civile (BEA).<\/p>\n<p class=\"article-p mdl\">\u00ab\u00a0Hier, un important incident s&rsquo;est produit \u00e0 l&rsquo;a\u00e9roport de Nice-C\u00f4te d&rsquo;Azur, o\u00f9 une collision impliquant deux appareils des compagnies Nouvelair et EasyJet a \u00e9t\u00e9 \u00e9vit\u00e9e de justesse\u00a0\u00bb, a confirm\u00e9 sur <strong>Philippe Tabarot, ministre des Transports d\u00e9missionnaire<\/strong>, sur les r\u00e9seaux sociaux.<\/p>\n<p class=\"article-p mdl\">Une enqu\u00eate a \u00e9t\u00e9 ouverte par le BEA qui va inspecter les bo\u00eetes noires pour tenter d&rsquo;expliquer comment les deux appareils, l&rsquo;un de la compagnie Nouvelle Air et l&rsquo;autre de\u00a0<a class=\"link\" href=\"https:\/\/www.rtl.fr\/actu\/debats-societe\/les-infos-de-6h-a-m-ecoeure-totalement-easyjet-facture-un-siege-en-plus-a-la-mere-d-un-adolescent-atteint-d-un-cancer-7900523889\" title=\"Les infos de 6h - &quot;\u00c7a m\u2019\u00e9c\u0153ure totalement !&quot; : EasyJet facture un si\u00e8ge en plus \u00e0 la m\u00e8re d&#039;un adolescent atteint d&#039;un cancer\" target=\"_blank\" rel=\"noopener\">la compagnie low cost Easyjet\u00a0<\/a>ont failli entrer en collision.<\/p>\n<p>            Que s&rsquo;est il pass\u00e9 dimanche soir \u00e0 l&rsquo;a\u00e9roport de Nice ?<\/p>\n<p class=\"article-p mdl\">Dimanche, peu apr\u00e8s 23h30, un avion de la compagnie Nouvel air \u00e9tait en train d&rsquo;atterrir \u00e0 l&rsquo;a\u00e9roport de Nice lorsqu&rsquo;il a fr\u00f4l\u00e9 un avion Easyjet qui se trouvait d\u00e9j\u00e0 sur cette piste, selon les informations transmises par le BEA.\u00a0<\/p>\n<p class=\"article-p mdl\">L&rsquo;avion en phase d&rsquo;atterrissage a alors remis les gaz pour stopper la man\u0153uvre et \u00e9viter de justesse un accident d\u00e9vastateur.\u00a0<\/p>\n<p class=\"article-p mdl\">Le BEA estime qu&rsquo;il s&rsquo;agit d&rsquo;un <strong>\u00ab\u00a0incident grave\u00a0\u00bb,\u00a0<\/strong>car l&rsquo;avion n&rsquo;allait pas se poser sur la bonne piste. Les deux avions sont des Airbus A320.<\/p>\n<p>            Une enqu\u00eate ouverte par le BEA<\/p>\n<p class=\"article-p mdl\">Deux enqu\u00eateurs du BEA sont d\u00e9j\u00e0 sur les lieux et deux autres suivront, a pr\u00e9cis\u00e9 le BEA, qui a imm\u00e9diatement demand\u00e9, d\u00e8s dimanche soir, la mobilisation des avions pour r\u00e9cup\u00e9rer les bo\u00eetes noires afin de les exploiter.<\/p>\n<p class=\"article-p mdl\">Les enqu\u00eateurs seront \u00e9galement charg\u00e9s de<strong> recueillir les t\u00e9moignages des \u00e9quipages et du contr\u00f4le a\u00e9rien<\/strong> pour d\u00e9terminer les circonstances de l&rsquo;incident.<\/p>\n<p>            \u00ab\u00a0Il nous a dit : &lsquo;voil\u00e0 on a \u00e9chapp\u00e9 au pire'\u00a0\u00bb<\/p>\n<p class=\"article-p mdl\">Nos confr\u00e8res de M6 ont recueilli <strong>le t\u00e9moignage de William,<\/strong> qui se trouvait \u00e0 bord de l&rsquo;avion pos\u00e9 au sol.\u00a0 \u00ab\u00a0Le pilote s&rsquo;est d\u00e9plac\u00e9 pour aller sur la piste pour pouvoir d\u00e9coller, raconte-t-il. Et au moment o\u00f9 on allait pour s&rsquo;aligner sur la piste, d&rsquo;un coup l&rsquo;avion s&rsquo;est arr\u00eat\u00e9. On n&rsquo;a pas compris. Quelques secondes apr\u00e8s, on a entendu un \u00e9norme vacarme, l&rsquo;avion a trembl\u00e9 de tous les c\u00f4t\u00e9s. Et on s&rsquo;est dit, qu&rsquo;est-ce qui se passe ? Avec les personnes \u00e0 c\u00f4t\u00e9, on s&rsquo;est dit, c&rsquo;est peut-\u00eatre le tonnerre, quelque chose&#8230;\u00a0\u00bb\u00a0<\/p>\n<p>\u00ab\u00a0Quelques minutes apr\u00e8s, le pilote et nous a dit, \u00e0 ce moment-l\u00e0, qu&rsquo;<strong>on a \u00e9chapp\u00e9 de tr\u00e8s peu \u00e0 un crash.<\/strong> Il nous a dit, \u00e0 moins de 3 m\u00e8tres, on avait un crash, il est sorti, la voix tremblante, il nous montrait m\u00eame sa main, comme quoi, justement, il nous a dit qu&rsquo;il ne pouvait plus reprendre le vol\u00a0\u00bb.<\/p>\n<p>Selon <strong>le pilote de l&rsquo;appareil d&rsquo;Easyjet,<\/strong> la tour de contr\u00f4le avait bien donn\u00e9 son aval. \u00ab\u00a0Nous, donc, de leur c\u00f4t\u00e9, \u00e7a a l&rsquo;air bon, mais apparemment, \u00e7a serait l&rsquo;autre avion qui aurait, lui, commis le probl\u00e8me, raconte le passager. L\u00e0, des gens sont tomb\u00e9s au sanglot et aux larmes. De la chance, on ne va pas se mentir. Et \u00e0 ce moment-l\u00e0, il nous a dit, voil\u00e0, &lsquo;on a \u00e9chapp\u00e9 au pire'\u00a0\u00bb.<\/p>\n<p>    La r\u00e9daction vous recommande<\/p>\n<p class=\"s-newsletter__title\">\n                L\u2019actualit\u00e9 par la r\u00e9daction de RTL dans votre bo\u00eete mail.\n            <\/p>\n<p class=\"s-newsletter__subtitle\">\n                Gr\u00e2ce \u00e0 votre compte RTL abonnez-vous \u00e0 la newsletter RTL info pour suivre toute l&rsquo;actualit\u00e9 au quotidien\n            <\/p>\n<p>\n                                    Lire la suite\n                                <\/p>\n","protected":false},"excerpt":{"rendered":"Une collision entre deux avions a \u00e9t\u00e9 \u00e9vit\u00e9e \u00ab\u00a0de justesse\u00a0\u00bb. Dans la soir\u00e9e du dimanche 21 septembre \u00e0&hellip;\n","protected":false},"author":2,"featured_media":411655,"comment_status":"","ping_status":"","sticky":false,"template":"","format":"standard","meta":{"footnotes":""},"categories":[2819],"tags":[119,1111,11,13796,1777,674,107,1011,27,12,2401,882,362,25],"class_list":{"0":"post-411654","1":"post","2":"type-post","3":"status-publish","4":"format-standard","5":"has-post-thumbnail","7":"category-nice","8":"tag-accident","9":"tag-actu","10":"tag-actualites","11":"tag-avions","12":"tag-eu","13":"tag-europe","14":"tag-fil-info","15":"tag-fr","16":"tag-france","17":"tag-news","18":"tag-nice","19":"tag-provence-alpes-cote-dazur","20":"tag-replay","21":"tag-republique-francaise"},"share_on_mastodon":{"url":"https:\/\/pubeurope.com\/@fr\/115253049104064680","error":""},"_links":{"self":[{"href":"https:\/\/www.europesays.com\/fr\/wp-json\/wp\/v2\/posts\/411654","targetHints":{"allow":["GET"]}}],"collection":[{"href":"https:\/\/www.europesays.com\/fr\/wp-json\/wp\/v2\/posts"}],"about":[{"href":"https:\/\/www.europesays.com\/fr\/wp-json\/wp\/v2\/types\/post"}],"author":[{"embeddable":true,"href":"https:\/\/www.europesays.com\/fr\/wp-json\/wp\/v2\/users\/2"}],"replies":[{"embeddable":true,"href":"https:\/\/www.europesays.com\/fr\/wp-json\/wp\/v2\/comments?post=411654"}],"version-history":[{"count":0,"href":"https:\/\/www.europesays.com\/fr\/wp-json\/wp\/v2\/posts\/411654\/revisions"}],"wp:featuredmedia":[{"embeddable":true,"href":"https:\/\/www.europesays.com\/fr\/wp-json\/wp\/v2\/media\/411655"}],"wp:attachment":[{"href":"https:\/\/www.europesays.com\/fr\/wp-json\/wp\/v2\/media?parent=411654"}],"wp:term":[{"taxonomy":"category","embeddable":true,"href":"https:\/\/www.europesays.com\/fr\/wp-json\/wp\/v2\/categories?post=411654"},{"taxonomy":"post_tag","embeddable":true,"href":"https:\/\/www.europesays.com\/fr\/wp-json\/wp\/v2\/tags?post=411654"}],"curies":[{"name":"wp","href":"https:\/\/api.w.org\/{rel}","templated":true}]}}