{"id":41166,"date":"2025-04-21T09:34:26","date_gmt":"2025-04-21T09:34:26","guid":{"rendered":"https:\/\/www.europesays.com\/fr\/41166\/"},"modified":"2025-04-21T09:34:26","modified_gmt":"2025-04-21T09:34:26","slug":"les-images-impressionnantes-du-convoi-exceptionnel-qui-sest-renverse-sur-un-pont-du-grand-nancy","status":"publish","type":"post","link":"https:\/\/www.europesays.com\/fr\/41166\/","title":{"rendered":"Les images impressionnantes du convoi exceptionnel qui s&rsquo;est renvers\u00e9 sur un pont du Grand Nancy"},"content":{"rendered":"<p>            Par<br \/>\n        <strong><br \/>\n            <a href=\"https:\/\/actu.fr\/auteur\/amandine-mehl\" title=\"Consulter tous les articles de Amandine Mehl\" rel=\"nofollow noopener\" target=\"_blank\">Amandine Mehl<\/a><br \/>\n        <\/strong><\/p>\n<p>        Publi\u00e9 le<\/p>\n<p>            24 f\u00e9vr. 2025 \u00e0 16h30        <\/p>\n<p>Aux alentours de 14h ce lundi 24\u00a0f\u00e9vrier 2025, le <a href=\"https:\/\/actu.fr\/societe\/un-convoi-exceptionnel-va-traverser-le-grand-nancy-lundi-et-mardi-voici-les-routes-fermees_62285226.html\" rel=\"nofollow noopener\" target=\"_blank\">convoi exceptionnel<\/a> qui devait <strong>traverser<\/strong> <strong>plusieurs villes<\/strong> du Grand Nancy <a href=\"https:\/\/actu.fr\/grand-est\/jarville-la-malgrange_54274\/le-convoi-exceptionnel-qui-devait-traverser-le-grand-nancy-s-est-renverse-sur-un-pont-la-circulation-coupee_62292056.html\" rel=\"nofollow noopener\" target=\"_blank\">s\u2019est renvers\u00e9 sur le pont Faur\u00e9<\/a> \u00e0 <strong>Jarville-la-Malgrange<\/strong>.<\/p>\n<p class=\" wall-content\">Sur place, M. Fastrez, technicien au sein du service <a href=\"https:\/\/actu.fr\/tag\/circulation\" rel=\"nofollow noopener\" target=\"_blank\">circulation<\/a> du <a href=\"https:\/\/actu.fr\/tag\/grand-nancy\" rel=\"nofollow noopener\" target=\"_blank\">Grand Nancy<\/a>, a expliqu\u00e9 que le pont pouvant supporter <strong>jusqu\u2019\u00e0 120\u00a0tonnes<\/strong>, il avait \u00e9t\u00e9 d\u00e9cid\u00e9 d\u2019installer une structure m\u00e9tallique le surplombant. Seulement, lors du passage du convoi exceptionnel et de ses <strong>165\u00a0tonnes<\/strong>, l\u2019un des c\u00f4t\u00e9s de la plateforme, pourtant <strong>capable de supporter 300\u00a0tonnes<\/strong>, s\u2019est affaiss\u00e9. Le camion et son chauffeur ont alors bascul\u00e9 dangereusement.<\/p>\n<p>Le convoi exceptionnel se renverse sur un pont du Grand Nancy\u2009: des images spectaculaires<\/p>\n<p class=\" wall-content\">Pour le moment, la <strong>circulation<\/strong> autour du pont Faur\u00e9 est <strong>ferm\u00e9e<\/strong>. Des experts doivent se rendre sur les lieux afin de mettre en place une <strong>op\u00e9ration de relevage <\/strong>du convoi qui transportait une <strong>chaudi\u00e8re<\/strong> destin\u00e9e \u00e0 la production d\u2019\u00e9nergie renouvelable.<\/p>\n<p class=\" wall-content\">Interrog\u00e9, un technicien indique <strong>ne pas savoir<\/strong> combien de temps les perturbations vont durer. Tout d\u00e9pendra en effet si des engins sont <strong>disponibles<\/strong> rapidement pour relever le convoi et si le pont <strong>n\u2019a pas \u00e9t\u00e9 endommag\u00e9<\/strong> au niveau de sa structure.<\/p>\n<p class=\" wall-content\"><strong>Avec Paul-\u00c9mile Bouchy.<\/strong><\/p>\n<p class=\" wall-content\">Suivez toute l\u2019actualit\u00e9 de vos villes et m\u00e9dias favoris en vous inscrivant \u00e0 <a href=\"https:\/\/moncompte.actu.fr\" title=\"D\u00e9couvez Mon Actu\" rel=\"nofollow noopener\" data-trk=\"{&quot;cta&quot;:{&quot;action&quot;:&quot;https:\\\/\\\/moncompte.actu.fr&quot;,&quot;category&quot;:&quot;mon compte&quot;,&quot;from&quot;:&quot;article footer&quot;,&quot;name&quot;:&quot;Mon actu&quot;,&quot;type&quot;:&quot;cta&quot;}}\" target=\"_blank\">Mon Actu<\/a>.<\/p>\n","protected":false},"excerpt":{"rendered":"Par Amandine Mehl Publi\u00e9 le 24 f\u00e9vr. 2025 \u00e0 16h30 Aux alentours de 14h ce lundi 24\u00a0f\u00e9vrier 2025,&hellip;\n","protected":false},"author":2,"featured_media":41167,"comment_status":"","ping_status":"","sticky":false,"template":"","format":"standard","meta":{"footnotes":""},"categories":[9635],"tags":[119,1111,11,3542,1777,674,118,1011,27,775,1702,12,25],"class_list":{"0":"post-41166","1":"post","2":"type-post","3":"status-publish","4":"format-standard","5":"has-post-thumbnail","7":"category-nancy","8":"tag-accident","9":"tag-actu","10":"tag-actualites","11":"tag-circulation","12":"tag-eu","13":"tag-europe","14":"tag-faits-divers","15":"tag-fr","16":"tag-france","17":"tag-grand-est","18":"tag-nancy","19":"tag-news","20":"tag-republique-francaise"},"share_on_mastodon":{"url":"https:\/\/pubeurope.com\/@fr\/114375272898542298","error":""},"_links":{"self":[{"href":"https:\/\/www.europesays.com\/fr\/wp-json\/wp\/v2\/posts\/41166","targetHints":{"allow":["GET"]}}],"collection":[{"href":"https:\/\/www.europesays.com\/fr\/wp-json\/wp\/v2\/posts"}],"about":[{"href":"https:\/\/www.europesays.com\/fr\/wp-json\/wp\/v2\/types\/post"}],"author":[{"embeddable":true,"href":"https:\/\/www.europesays.com\/fr\/wp-json\/wp\/v2\/users\/2"}],"replies":[{"embeddable":true,"href":"https:\/\/www.europesays.com\/fr\/wp-json\/wp\/v2\/comments?post=41166"}],"version-history":[{"count":0,"href":"https:\/\/www.europesays.com\/fr\/wp-json\/wp\/v2\/posts\/41166\/revisions"}],"wp:featuredmedia":[{"embeddable":true,"href":"https:\/\/www.europesays.com\/fr\/wp-json\/wp\/v2\/media\/41167"}],"wp:attachment":[{"href":"https:\/\/www.europesays.com\/fr\/wp-json\/wp\/v2\/media?parent=41166"}],"wp:term":[{"taxonomy":"category","embeddable":true,"href":"https:\/\/www.europesays.com\/fr\/wp-json\/wp\/v2\/categories?post=41166"},{"taxonomy":"post_tag","embeddable":true,"href":"https:\/\/www.europesays.com\/fr\/wp-json\/wp\/v2\/tags?post=41166"}],"curies":[{"name":"wp","href":"https:\/\/api.w.org\/{rel}","templated":true}]}}