{"id":411664,"date":"2025-09-23T10:09:12","date_gmt":"2025-09-23T10:09:12","guid":{"rendered":"https:\/\/www.europesays.com\/fr\/411664\/"},"modified":"2025-09-23T10:09:12","modified_gmt":"2025-09-23T10:09:12","slug":"nouvelle-edition-de-la-quinzaine-litteraire-haute-garonne-toulouse","status":"publish","type":"post","link":"https:\/\/www.europesays.com\/fr\/411664\/","title":{"rendered":"Nouvelle \u00e9dition de la Quinzaine litt\u00e9raire &#8211; Haute Garonne &#8211; Toulouse"},"content":{"rendered":"<p>Du 18 septembre au 4 octobre, Toulouse M\u00e9tropole et ses partenaires, l\u2019agence r\u00e9gionale du livre Occitanie livre et lecture, les biblioth\u00e8ques m\u00e9tropolitaines et la Cave Po\u00e9sie de Toulouse organisent la 3e \u00e9dition de la\u00a0Quinzaine litt\u00e9raire. Cet \u00e9v\u00e9nement invite le public \u00e0 des rencontres gratuites d\u2019auteurs et d\u2019\u00e9diteurs dans les biblioth\u00e8ques de Toulouse et de la m\u00e9tropole, ainsi qu\u2019\u00e0 la Cave Po\u00e9sie : lectures, spectacles, ateliers\u2026Sur 15 jours, 25 \u00e9v\u00e9nements dont quatre temps forts sont organis\u00e9s pour faire d\u00e9couvrir de nouveaux talents prometteurs et des p\u00e9pites litt\u00e9raires insoup\u00e7onn\u00e9es.<\/p>\n<p>Renseignements : https:\/\/metropole.toulouse.fr\/agenda\/la-quinzaine-litteraire<\/p>\n<p class=\"signature\" itemscope=\"\" itemprop=\"Author\" itemtype=\"http:\/\/schema.org\/Person\">\n                VLoz\n            <\/p>\n","protected":false},"excerpt":{"rendered":"Du 18 septembre au 4 octobre, Toulouse M\u00e9tropole et ses partenaires, l\u2019agence r\u00e9gionale du livre Occitanie livre et&hellip;\n","protected":false},"author":2,"featured_media":395922,"comment_status":"","ping_status":"","sticky":false,"template":"","format":"standard","meta":{"footnotes":""},"categories":[2816],"tags":[1111,11,1777,674,1011,27,23720,12,2680,25,2312],"class_list":{"0":"post-411664","1":"post","2":"type-post","3":"status-publish","4":"format-standard","5":"has-post-thumbnail","7":"category-toulouse","8":"tag-actu","9":"tag-actualites","10":"tag-eu","11":"tag-europe","12":"tag-fr","13":"tag-france","14":"tag-internet-seulement","15":"tag-news","16":"tag-occitanie","17":"tag-republique-francaise","18":"tag-toulouse"},"share_on_mastodon":{"url":"https:\/\/pubeurope.com\/@fr\/115253068724885047","error":""},"_links":{"self":[{"href":"https:\/\/www.europesays.com\/fr\/wp-json\/wp\/v2\/posts\/411664","targetHints":{"allow":["GET"]}}],"collection":[{"href":"https:\/\/www.europesays.com\/fr\/wp-json\/wp\/v2\/posts"}],"about":[{"href":"https:\/\/www.europesays.com\/fr\/wp-json\/wp\/v2\/types\/post"}],"author":[{"embeddable":true,"href":"https:\/\/www.europesays.com\/fr\/wp-json\/wp\/v2\/users\/2"}],"replies":[{"embeddable":true,"href":"https:\/\/www.europesays.com\/fr\/wp-json\/wp\/v2\/comments?post=411664"}],"version-history":[{"count":0,"href":"https:\/\/www.europesays.com\/fr\/wp-json\/wp\/v2\/posts\/411664\/revisions"}],"wp:featuredmedia":[{"embeddable":true,"href":"https:\/\/www.europesays.com\/fr\/wp-json\/wp\/v2\/media\/395922"}],"wp:attachment":[{"href":"https:\/\/www.europesays.com\/fr\/wp-json\/wp\/v2\/media?parent=411664"}],"wp:term":[{"taxonomy":"category","embeddable":true,"href":"https:\/\/www.europesays.com\/fr\/wp-json\/wp\/v2\/categories?post=411664"},{"taxonomy":"post_tag","embeddable":true,"href":"https:\/\/www.europesays.com\/fr\/wp-json\/wp\/v2\/tags?post=411664"}],"curies":[{"name":"wp","href":"https:\/\/api.w.org\/{rel}","templated":true}]}}