{"id":411665,"date":"2025-09-23T10:10:12","date_gmt":"2025-09-23T10:10:12","guid":{"rendered":"https:\/\/www.europesays.com\/fr\/411665\/"},"modified":"2025-09-23T10:10:12","modified_gmt":"2025-09-23T10:10:12","slug":"un-passager-meurt-en-plein-vol-lavion-contraint-datterrir-durgence","status":"publish","type":"post","link":"https:\/\/www.europesays.com\/fr\/411665\/","title":{"rendered":"un passager meurt en plein vol, l&rsquo;avion contraint d&rsquo;atterrir d&rsquo;urgence"},"content":{"rendered":"<p class=\"article-p mdl\">Le d\u00e9tour par <strong>l&rsquo;a\u00e9roport Toulouse-Blagnac <\/strong>n&rsquo;\u00e9tait pas pr\u00e9vu. Le samedi 20 septembre 2025, un avion de la compagnie Brussels Airlines, parti de Bruxelles \u00e0 destination de Malaga, en Espagne, a \u00e9t\u00e9 contraint de s&rsquo;arr\u00eater en urgence \u00e0 l&rsquo;a\u00e9roport de Toulouse.<\/p>\n<p class=\"article-p mdl\">Selon nos confr\u00e8res d&rsquo;<a class=\"link\" href=\"https:\/\/actu.fr\/occitanie\/toulouse_31555\/atterrissage-d-urgence-a-toulouse-blagnac-apres-la-mort-d-un-passager-a-bord_63194870.html\" target=\"_blank\" rel=\"noopener\">Actu Toulouse<\/a>, une personne se trouvant \u00e0 bord du vol est d\u00e9c\u00e9d\u00e9 \u00e0 bord pendant le voyage. L&rsquo;un des 180 passagers a \u00e9t\u00e9 victime d&rsquo;un malaise grave en plein vol. Selon la compagnie, malgr\u00e9 les<strong> \u00ab\u00a0tentatives de r\u00e9animation\u00a0\u00bb <\/strong>men\u00e9es tr\u00e8s rapidement par l&rsquo;\u00e9quipage, cette personne a succomb\u00e9 \u00e0 bord.\u00a0<\/p>\n<p class=\"article-p mdl\">Les pilotes ont alors d\u00e9cid\u00e9 de poser l&rsquo;appareil d\u00e8s que possible et se sont d\u00e9rout\u00e9s vers l&rsquo;a\u00e9roport de\u00a0<a class=\"link\" href=\"https:\/\/www.rtl.fr\/actu\/economie-consommation\/aeroport-de-toulouse-blagnac-comment-expliquer-le-revirement-de-la-chine-7799816978\" title=\"A\u00e9roport de Toulouse-Blagnac : comment expliquer le revirement de la Chine ?\" target=\"_blank\" rel=\"noopener\">Toulouse-Blagnac<\/a>\u00a0afin de proc\u00e9der \u00e0 un <strong>\u00ab\u00a0atterrissage d&rsquo;urgence\u00a0\u00bb. <\/strong>La compagne explique au m\u00e9dia belge<a class=\"link\" href=\"https:\/\/www.7sur7.be\/belgique\/un-passager-decede-dans-un-vol-brussels-airlines-vers-malaga-lavion-deroute-vers-toulouse~a20f73ac\/?at_medium=RSS%20feed&amp;at_campaign=ynews&amp;utm_source=yahoo&amp;utm_medium=rss&amp;utm_campaign=news_feed&amp;utm_content=in_article_link\" target=\"_blank\" rel=\"noopener\"> 7 sur 7\u00a0<\/a>que\u00a0 \u00ab\u00a0l\u2019\u00e9quipage a demand\u00e9 \u00e0 pouvoir atterrir d\u2019urgence \u00e0 Toulouse, ce qui a \u00e9t\u00e9 accept\u00e9\u00a0\u00bb et ajoute que \u00ab\u00a0les services de secours ont \u00e9t\u00e9 imm\u00e9diatement mobilis\u00e9s\u00a0\u00bb et que \u00ab\u00a0le passager a re\u00e7u des soins de r\u00e9animation \u00e0 bord, mais il est malheureusement d\u00e9c\u00e9d\u00e9\u00a0\u00bb.<\/p>\n<p class=\"article-p mdl\">Parti \u00e0 13 heures de la capitale belge, <strong>l&rsquo;appareil s&rsquo;est pos\u00e9 \u00e0 14h45 \u00e0 Toulouse.<\/strong> Le corps a \u00e9t\u00e9 r\u00e9cup\u00e9r\u00e9 par les autorit\u00e9s fran\u00e7aises sur place, pr\u00e9cisent nos confr\u00e8res. L&rsquo;appareil est arriv\u00e9 \u00e0 destination aux alentours de 18 heures apr\u00e8s<strong> 1h30 d&rsquo;escale \u00e0 Toulouse.<\/strong>\u00a0<\/p>\n<p>    La r\u00e9daction vous recommande<\/p>\n<p class=\"s-newsletter__title\">\n                L\u2019actualit\u00e9 par la r\u00e9daction de RTL dans votre bo\u00eete mail.\n            <\/p>\n<p class=\"s-newsletter__subtitle\">\n                Gr\u00e2ce \u00e0 votre compte RTL abonnez-vous \u00e0 la newsletter RTL info pour suivre toute l&rsquo;actualit\u00e9 au quotidien\n            <\/p>\n<p>\n                                    Lire la suite\n                                <\/p>\n","protected":false},"excerpt":{"rendered":"Le d\u00e9tour par l&rsquo;a\u00e9roport Toulouse-Blagnac n&rsquo;\u00e9tait pas pr\u00e9vu. Le samedi 20 septembre 2025, un avion de la compagnie&hellip;\n","protected":false},"author":2,"featured_media":411666,"comment_status":"","ping_status":"","sticky":false,"template":"","format":"standard","meta":{"footnotes":""},"categories":[2816],"tags":[1111,11,663,13796,1777,674,118,107,1011,27,12,2680,25,2312],"class_list":{"0":"post-411665","1":"post","2":"type-post","3":"status-publish","4":"format-standard","5":"has-post-thumbnail","7":"category-toulouse","8":"tag-actu","9":"tag-actualites","10":"tag-aeroport","11":"tag-avions","12":"tag-eu","13":"tag-europe","14":"tag-faits-divers","15":"tag-fil-info","16":"tag-fr","17":"tag-france","18":"tag-news","19":"tag-occitanie","20":"tag-republique-francaise","21":"tag-toulouse"},"share_on_mastodon":{"url":"https:\/\/pubeurope.com\/@fr\/115253072714108508","error":""},"_links":{"self":[{"href":"https:\/\/www.europesays.com\/fr\/wp-json\/wp\/v2\/posts\/411665","targetHints":{"allow":["GET"]}}],"collection":[{"href":"https:\/\/www.europesays.com\/fr\/wp-json\/wp\/v2\/posts"}],"about":[{"href":"https:\/\/www.europesays.com\/fr\/wp-json\/wp\/v2\/types\/post"}],"author":[{"embeddable":true,"href":"https:\/\/www.europesays.com\/fr\/wp-json\/wp\/v2\/users\/2"}],"replies":[{"embeddable":true,"href":"https:\/\/www.europesays.com\/fr\/wp-json\/wp\/v2\/comments?post=411665"}],"version-history":[{"count":0,"href":"https:\/\/www.europesays.com\/fr\/wp-json\/wp\/v2\/posts\/411665\/revisions"}],"wp:featuredmedia":[{"embeddable":true,"href":"https:\/\/www.europesays.com\/fr\/wp-json\/wp\/v2\/media\/411666"}],"wp:attachment":[{"href":"https:\/\/www.europesays.com\/fr\/wp-json\/wp\/v2\/media?parent=411665"}],"wp:term":[{"taxonomy":"category","embeddable":true,"href":"https:\/\/www.europesays.com\/fr\/wp-json\/wp\/v2\/categories?post=411665"},{"taxonomy":"post_tag","embeddable":true,"href":"https:\/\/www.europesays.com\/fr\/wp-json\/wp\/v2\/tags?post=411665"}],"curies":[{"name":"wp","href":"https:\/\/api.w.org\/{rel}","templated":true}]}}